{"id":100458,"date":"2022-10-07T15:09:33","date_gmt":"2022-10-07T20:09:33","guid":{"rendered":"https:\/\/diariolanoticia.com.mx\/?p=100458"},"modified":"2022-10-07T15:09:34","modified_gmt":"2022-10-07T20:09:34","slug":"ser-una-de-las-sedes-del-mundial-de-voleibol-impulsara-el-turismo-en-huamantla-santos-cedillo","status":"publish","type":"post","link":"https:\/\/diariolanoticia.com.mx\/?p=100458","title":{"rendered":"Ser una de las sedes del mundial de voleibol impulsar\u00e1 el turismo en Huamantla: Santos Cedillo"},"content":{"rendered":"\n<p>El presidente municipal de Huamantla, Salvador Santos Cedillo, particip\u00f3 en la ceremonia de encendido del reloj con la cuenta regresiva de 365 d\u00edas para el inicio del Mundial de Voleibol de Playa Tlaxcala 2023.<\/p>\n\n\n\n<p>En dicho acto, Santos Cedillo, expres\u00f3 su entusiasmo ya que el Pueblo M\u00e1gico de Huamantla ser\u00e1 una de las tres sedes de este campeonato mundial donde los ganadores calificar\u00e1n directamente a Juegos Ol\u00edmpicos de Par\u00eds 2024.<\/p>\n\n\n\n<p>\u201cEstamos listos para recibir a los miles de asistentes que arriben a Huamantla para disfrutar de este evento deportivo que impulsar\u00e1 la imagen de nuestro Pueblo M\u00e1gico y de Tlaxcala en todo el mundo\u201d, asegur\u00f3.<\/p>\n\n\n\n<p>Santos Cedillo, dijo que Huamantla ya es referencia internacional tras haber escrito su nombre en la historia al romper el R\u00e9cord Guinness con el tapete de aserr\u00edn m\u00e1s largo del mundo, por contar con la capea callejera m\u00e1s importante de M\u00e9xico, y por ser uno de los mayores productores de Dalia en el pa\u00eds.<\/p>\n\n\n\n<p>Finalmente, el alcalde mencion\u00f3 que este tipo de eventos servir\u00e1n para motivar a ni\u00f1as, ni\u00f1os y j\u00f3venes, a practicar alg\u00fan deporte, y a reactivar la econom\u00eda local.<\/p>\n","protected":false},"excerpt":{"rendered":"<p>El presidente municipal de Huamantla, Salvador Santos Cedillo, particip\u00f3 en la ceremonia de encendido del reloj con la cuenta regresiva de 365 d\u00edas para el inicio del Mundial de Voleibol de Playa Tlaxcala 2023. En dicho acto, Santos Cedillo, expres\u00f3 su entusiasmo ya que el Pueblo M\u00e1gico de Huamantla ser\u00e1 una de las tres sedes [&hellip;]<\/p>\n","protected":false},"author":1,"featured_media":100459,"comment_status":"open","ping_status":"open","sticky":false,"template":"","format":"standard","meta":{"footnotes":""},"categories":[219],"tags":[],"class_list":["post-100458","post","type-post","status-publish","format-standard","has-post-thumbnail","hentry","category-huamantla"],"blog_post_layout_featured_media_urls":{"thumbnail":["https:\/\/diariolanoticia.com.mx\/wp-content\/uploads\/2022\/10\/WhatsApp-Image-2022-10-07-at-3.07.03-PM-216x160.jpeg",216,160,true],"full":["https:\/\/diariolanoticia.com.mx\/wp-content\/uploads\/2022\/10\/WhatsApp-Image-2022-10-07-at-3.07.03-PM.jpeg",1024,683,false]},"categories_names":{"219":{"name":"Huamantla","link":"https:\/\/diariolanoticia.com.mx\/?cat=219"}},"tags_names":[],"comments_number":"0","wpmagazine_modules_lite_featured_media_urls":{"thumbnail":["https:\/\/diariolanoticia.com.mx\/wp-content\/uploads\/2022\/10\/WhatsApp-Image-2022-10-07-at-3.07.03-PM-216x160.jpeg",216,160,true],"cvmm-medium":["https:\/\/diariolanoticia.com.mx\/wp-content\/uploads\/2022\/10\/WhatsApp-Image-2022-10-07-at-3.07.03-PM-300x300.jpeg",300,300,true],"cvmm-medium-plus":["https:\/\/diariolanoticia.com.mx\/wp-content\/uploads\/2022\/10\/WhatsApp-Image-2022-10-07-at-3.07.03-PM-305x207.jpeg",305,207,true],"cvmm-portrait":["https:\/\/diariolanoticia.com.mx\/wp-content\/uploads\/2022\/10\/WhatsApp-Image-2022-10-07-at-3.07.03-PM-400x600.jpeg",400,600,true],"cvmm-medium-square":["https:\/\/diariolanoticia.com.mx\/wp-content\/uploads\/2022\/10\/WhatsApp-Image-2022-10-07-at-3.07.03-PM-600x600.jpeg",600,600,true],"cvmm-large":["https:\/\/diariolanoticia.com.mx\/wp-content\/uploads\/2022\/10\/WhatsApp-Image-2022-10-07-at-3.07.03-PM.jpeg",1024,683,false],"cvmm-small":["https:\/\/diariolanoticia.com.mx\/wp-content\/uploads\/2022\/10\/WhatsApp-Image-2022-10-07-at-3.07.03-PM-130x95.jpeg",130,95,true],"full":["https:\/\/diariolanoticia.com.mx\/wp-content\/uploads\/2022\/10\/WhatsApp-Image-2022-10-07-at-3.07.03-PM.jpeg",1024,683,false]},"_links":{"self":[{"href":"https:\/\/diariolanoticia.com.mx\/index.php?rest_route=\/wp\/v2\/posts\/100458","targetHints":{"allow":["GET"]}}],"collection":[{"href":"https:\/\/diariolanoticia.com.mx\/index.php?rest_route=\/wp\/v2\/posts"}],"about":[{"href":"https:\/\/diariolanoticia.com.mx\/index.php?rest_route=\/wp\/v2\/types\/post"}],"author":[{"embeddable":true,"href":"https:\/\/diariolanoticia.com.mx\/index.php?rest_route=\/wp\/v2\/users\/1"}],"replies":[{"embeddable":true,"href":"https:\/\/diariolanoticia.com.mx\/index.php?rest_route=%2Fwp%2Fv2%2Fcomments&post=100458"}],"version-history":[{"count":1,"href":"https:\/\/diariolanoticia.com.mx\/index.php?rest_route=\/wp\/v2\/posts\/100458\/revisions"}],"predecessor-version":[{"id":100460,"href":"https:\/\/diariolanoticia.com.mx\/index.php?rest_route=\/wp\/v2\/posts\/100458\/revisions\/100460"}],"wp:featuredmedia":[{"embeddable":true,"href":"https:\/\/diariolanoticia.com.mx\/index.php?rest_route=\/wp\/v2\/media\/100459"}],"wp:attachment":[{"href":"https:\/\/diariolanoticia.com.mx\/index.php?rest_route=%2Fwp%2Fv2%2Fmedia&parent=100458"}],"wp:term":[{"taxonomy":"category","embeddable":true,"href":"https:\/\/diariolanoticia.com.mx\/index.php?rest_route=%2Fwp%2Fv2%2Fcategories&post=100458"},{"taxonomy":"post_tag","embeddable":true,"href":"https:\/\/diariolanoticia.com.mx\/index.php?rest_route=%2Fwp%2Fv2%2Ftags&post=100458"}],"curies":[{"name":"wp","href":"https:\/\/api.w.org\/{rel}","templated":true}]}}