{"id":100470,"date":"2022-10-07T15:16:03","date_gmt":"2022-10-07T20:16:03","guid":{"rendered":"https:\/\/diariolanoticia.com.mx\/?p=100470"},"modified":"2022-10-07T15:16:04","modified_gmt":"2022-10-07T20:16:04","slug":"asegura-ssc-a-persona-por-la-portacion-ilegal-de-arma-de-fuego","status":"publish","type":"post","link":"https:\/\/diariolanoticia.com.mx\/?p=100470","title":{"rendered":"Asegura SSC a persona por la portaci\u00f3n ilegal de arma de fuego"},"content":{"rendered":"\n<p>\u2022Se asegur\u00f3 un arma de fuego corta tipo rev\u00f3lver, abastecida con dos cartuchos calibre 22 mil\u00edmetros en Ixtacuixtla.&nbsp;<\/p>\n\n\n\n<p>Personal de la Secretar\u00eda de Seguridad Ciudadana (SSC), a trav\u00e9s su Direcci\u00f3n de Seguridad P\u00fablica, regi\u00f3n Ixtacuixtla, asegur\u00f3 en calle Adolfo L\u00f3pez Mateos, entre calle Domingo Arenas, de la comunidad de San Diego Xocoyucan, a una persona por portaci\u00f3n ilegal de arma de fuego.&nbsp;<\/p>\n\n\n\n<p>De acuerdo a un reporte emitido por el Servicio de Emergencias 911, un sujeto transitaba con actitud sospechosa y con un arma de fuego, por lo que los elementos fueron alertados para darle alcance y realizar una inspecci\u00f3n de rutina.&nbsp;<\/p>\n\n\n\n<p>Es as\u00ed como que el sujeto identificado como Usiel N., de 22 a\u00f1os de edad, le fue localizada entre sus pertenencias un arma de fuego corta, tipo rev\u00f3lver, abastecida con dos cartuchos calibre, ambos de 22 mil\u00edmetros, de la cual no cuenta con documento alguno que acredite la portaci\u00f3n y posesi\u00f3n legal de dicha arma.&nbsp;<\/p>\n\n\n\n<p>Ante tal situaci\u00f3n y en presencia de un hecho constitutivo de delito, fue asegurado con el conocimiento de sus derechos y garant\u00edas individuales, as\u00ed como de los dispositivos para ser puesto a disposici\u00f3n de la representaci\u00f3n social competente quien determinar\u00e1 los procesos legales correspondientes.&nbsp;<\/p>\n\n\n\n<p>La SSC mantiene acciones inherentes para el combate y prevenci\u00f3n de todo acto que infrinja la ley.&nbsp;<\/p>\n","protected":false},"excerpt":{"rendered":"<p>\u2022Se asegur\u00f3 un arma de fuego corta tipo rev\u00f3lver, abastecida con dos cartuchos calibre 22 mil\u00edmetros en Ixtacuixtla.&nbsp; Personal de la Secretar\u00eda de Seguridad Ciudadana (SSC), a trav\u00e9s su Direcci\u00f3n de Seguridad P\u00fablica, regi\u00f3n Ixtacuixtla, asegur\u00f3 en calle Adolfo L\u00f3pez Mateos, entre calle Domingo Arenas, de la comunidad de San Diego Xocoyucan, a una persona [&hellip;]<\/p>\n","protected":false},"author":1,"featured_media":100471,"comment_status":"open","ping_status":"open","sticky":false,"template":"","format":"standard","meta":{"footnotes":""},"categories":[11],"tags":[],"class_list":["post-100470","post","type-post","status-publish","format-standard","has-post-thumbnail","hentry","category-policia"],"blog_post_layout_featured_media_urls":{"thumbnail":["https:\/\/diariolanoticia.com.mx\/wp-content\/uploads\/2022\/10\/WhatsApp-Image-2022-10-07-at-14.19.35-216x160.jpeg",216,160,true],"full":["https:\/\/diariolanoticia.com.mx\/wp-content\/uploads\/2022\/10\/WhatsApp-Image-2022-10-07-at-14.19.35.jpeg",940,720,false]},"categories_names":{"11":{"name":"Polic\u00eda","link":"https:\/\/diariolanoticia.com.mx\/?cat=11"}},"tags_names":[],"comments_number":"0","wpmagazine_modules_lite_featured_media_urls":{"thumbnail":["https:\/\/diariolanoticia.com.mx\/wp-content\/uploads\/2022\/10\/WhatsApp-Image-2022-10-07-at-14.19.35-216x160.jpeg",216,160,true],"cvmm-medium":["https:\/\/diariolanoticia.com.mx\/wp-content\/uploads\/2022\/10\/WhatsApp-Image-2022-10-07-at-14.19.35-300x300.jpeg",300,300,true],"cvmm-medium-plus":["https:\/\/diariolanoticia.com.mx\/wp-content\/uploads\/2022\/10\/WhatsApp-Image-2022-10-07-at-14.19.35-305x207.jpeg",305,207,true],"cvmm-portrait":["https:\/\/diariolanoticia.com.mx\/wp-content\/uploads\/2022\/10\/WhatsApp-Image-2022-10-07-at-14.19.35-400x600.jpeg",400,600,true],"cvmm-medium-square":["https:\/\/diariolanoticia.com.mx\/wp-content\/uploads\/2022\/10\/WhatsApp-Image-2022-10-07-at-14.19.35-600x600.jpeg",600,600,true],"cvmm-large":["https:\/\/diariolanoticia.com.mx\/wp-content\/uploads\/2022\/10\/WhatsApp-Image-2022-10-07-at-14.19.35.jpeg",940,720,false],"cvmm-small":["https:\/\/diariolanoticia.com.mx\/wp-content\/uploads\/2022\/10\/WhatsApp-Image-2022-10-07-at-14.19.35-130x95.jpeg",130,95,true],"full":["https:\/\/diariolanoticia.com.mx\/wp-content\/uploads\/2022\/10\/WhatsApp-Image-2022-10-07-at-14.19.35.jpeg",940,720,false]},"_links":{"self":[{"href":"https:\/\/diariolanoticia.com.mx\/index.php?rest_route=\/wp\/v2\/posts\/100470","targetHints":{"allow":["GET"]}}],"collection":[{"href":"https:\/\/diariolanoticia.com.mx\/index.php?rest_route=\/wp\/v2\/posts"}],"about":[{"href":"https:\/\/diariolanoticia.com.mx\/index.php?rest_route=\/wp\/v2\/types\/post"}],"author":[{"embeddable":true,"href":"https:\/\/diariolanoticia.com.mx\/index.php?rest_route=\/wp\/v2\/users\/1"}],"replies":[{"embeddable":true,"href":"https:\/\/diariolanoticia.com.mx\/index.php?rest_route=%2Fwp%2Fv2%2Fcomments&post=100470"}],"version-history":[{"count":1,"href":"https:\/\/diariolanoticia.com.mx\/index.php?rest_route=\/wp\/v2\/posts\/100470\/revisions"}],"predecessor-version":[{"id":100472,"href":"https:\/\/diariolanoticia.com.mx\/index.php?rest_route=\/wp\/v2\/posts\/100470\/revisions\/100472"}],"wp:featuredmedia":[{"embeddable":true,"href":"https:\/\/diariolanoticia.com.mx\/index.php?rest_route=\/wp\/v2\/media\/100471"}],"wp:attachment":[{"href":"https:\/\/diariolanoticia.com.mx\/index.php?rest_route=%2Fwp%2Fv2%2Fmedia&parent=100470"}],"wp:term":[{"taxonomy":"category","embeddable":true,"href":"https:\/\/diariolanoticia.com.mx\/index.php?rest_route=%2Fwp%2Fv2%2Fcategories&post=100470"},{"taxonomy":"post_tag","embeddable":true,"href":"https:\/\/diariolanoticia.com.mx\/index.php?rest_route=%2Fwp%2Fv2%2Ftags&post=100470"}],"curies":[{"name":"wp","href":"https:\/\/api.w.org\/{rel}","templated":true}]}}