{"id":100564,"date":"2022-10-11T15:24:48","date_gmt":"2022-10-11T20:24:48","guid":{"rendered":"https:\/\/diariolanoticia.com.mx\/?p=100564"},"modified":"2022-10-19T11:45:49","modified_gmt":"2022-10-19T16:45:49","slug":"imacp-y-museo-amparo-presentan-exposicion-flash-focus-de-arte-contemporaneo-en-puebla","status":"publish","type":"post","link":"https:\/\/diariolanoticia.com.mx\/?p=100564","title":{"rendered":"IMACP y museo Amparo presentan exposici\u00f3n \u201cFlash: focus de arte contempor\u00e1neo en Puebla\u201d"},"content":{"rendered":"\n<p>&#8211; Hasta el 23 de octubre, la Galer\u00eda del Palacio Municipal albergar\u00e1 cinco proyectos in\u00e9ditos, creados por artistas locales.<\/p>\n\n\n\n<p>La Galer\u00eda del Palacio Municipal reabri\u00f3 sus puertas para albergar la exposici\u00f3n \u201cFLASH: Focus de Arte Contempor\u00e1neo en Puebla\u201d, iniciativa que conjuntamente el Gobierno Municipal y Museo Amparo impulsaron para crear un espacio de formaci\u00f3n, di\u00e1logo y exposici\u00f3n de cuatro creadores locales y un colectivo radicado en la capital, a fin de coadyuvar a la visibilizaci\u00f3n de sus obras.<\/p>\n\n\n\n<p>De acuerdo con Fabi\u00e1n Valdivia P\u00e9rez, Director del Instituto Municipal de Arte y Cultura de Puebla (IMACP), \u201cEsta Galer\u00eda es un espacio privilegiado para la difusi\u00f3n de las artes en nuestra ciudad, por la ubicaci\u00f3n que ocupa, porque miles de personas pasan por estas vidrieras y se interesan por lo que est\u00e1 aqu\u00ed\u201d, por ello, agradeci\u00f3 en rueda de prensa la suma de voluntades de Ramiro Mart\u00ednez Estrada, Director Ejecutivo del Museo Amparo; y Nina Fiocco, Curadora de la exposici\u00f3n, por generar un punto de encuentro y proyecci\u00f3n para el talento local.&nbsp;<\/p>\n\n\n\n<p>En exhibici\u00f3n, se encuentran las cinco muestras ganadoras de la Convocatoria FLASH: Focus de Arte Contempor\u00e1neo en Puebla, presentada el pasado 15 de junio, en la que se recibieron un total de 49 proyectos vinculados a temas sociales, que se trabajaron de la mano de expertos en talleres y asesor\u00edas t\u00e9cnicas.<\/p>\n\n\n\n<p>Es as\u00ed que la exposici\u00f3n est\u00e1 conformada por el trabajo del colectivo \u00c1rbol Torcido, as\u00ed como de los productos art\u00edsticos de Mar\u00eda Jos\u00e9 Casazza, \u00d3scar Cort\u00e9s, \u00c1ngel Flores y Michelle Le\u00f3n; exhibiciones que entrar\u00e1n en di\u00e1logo con la ciudadan\u00eda mediante diversas actividades como talleres, conversaciones, talleres y dem\u00e1s iniciativas gratuitas y abiertas al p\u00fablico que podr\u00e1n consultarse a detalle en las redes sociales del Instituto Municipal de Arte y Cultura de Puebla: @IMACP.<\/p>\n\n\n\n<p>La exposici\u00f3n estar\u00e1 abierta de 10:00 a 20:00 horas, de lunes a domingo con entrada gratuita para todas las familias poblanas, visitantes y turistas, pues para la Administraci\u00f3n que preside Eduardo Rivera P\u00e9rez es fundamental que el arte llegue a todas partes y se ponga al alcance de todas y todos.<\/p>\n","protected":false},"excerpt":{"rendered":"<p>&#8211; Hasta el 23 de octubre, la Galer\u00eda del Palacio Municipal albergar\u00e1 cinco proyectos in\u00e9ditos, creados por artistas locales. La Galer\u00eda del Palacio Municipal reabri\u00f3 sus puertas para albergar la exposici\u00f3n \u201cFLASH: Focus de Arte Contempor\u00e1neo en Puebla\u201d, iniciativa que conjuntamente el Gobierno Municipal y Museo Amparo impulsaron para crear un espacio de formaci\u00f3n, di\u00e1logo [&hellip;]<\/p>\n","protected":false},"author":1,"featured_media":100565,"comment_status":"open","ping_status":"open","sticky":false,"template":"","format":"standard","meta":{"footnotes":""},"categories":[103],"tags":[180,52],"class_list":["post-100564","post","type-post","status-publish","format-standard","has-post-thumbnail","hentry","category-pueblacapital","tag-eduardo-rivera-perez","tag-puebla"],"blog_post_layout_featured_media_urls":{"thumbnail":["https:\/\/diariolanoticia.com.mx\/wp-content\/uploads\/2022\/10\/WhatsApp-Image-2022-10-11-at-3.22.41-PM-216x160.jpeg",216,160,true],"full":["https:\/\/diariolanoticia.com.mx\/wp-content\/uploads\/2022\/10\/WhatsApp-Image-2022-10-11-at-3.22.41-PM.jpeg",1280,853,false]},"categories_names":{"103":{"name":"Puebla Capital","link":"https:\/\/diariolanoticia.com.mx\/?cat=103"}},"tags_names":{"180":{"name":"Eduardo Rivera P\u00e9rez","link":"https:\/\/diariolanoticia.com.mx\/?tag=eduardo-rivera-perez"},"52":{"name":"Puebla","link":"https:\/\/diariolanoticia.com.mx\/?tag=puebla"}},"comments_number":"0","wpmagazine_modules_lite_featured_media_urls":{"thumbnail":["https:\/\/diariolanoticia.com.mx\/wp-content\/uploads\/2022\/10\/WhatsApp-Image-2022-10-11-at-3.22.41-PM-216x160.jpeg",216,160,true],"cvmm-medium":["https:\/\/diariolanoticia.com.mx\/wp-content\/uploads\/2022\/10\/WhatsApp-Image-2022-10-11-at-3.22.41-PM-300x300.jpeg",300,300,true],"cvmm-medium-plus":["https:\/\/diariolanoticia.com.mx\/wp-content\/uploads\/2022\/10\/WhatsApp-Image-2022-10-11-at-3.22.41-PM-305x207.jpeg",305,207,true],"cvmm-portrait":["https:\/\/diariolanoticia.com.mx\/wp-content\/uploads\/2022\/10\/WhatsApp-Image-2022-10-11-at-3.22.41-PM-400x600.jpeg",400,600,true],"cvmm-medium-square":["https:\/\/diariolanoticia.com.mx\/wp-content\/uploads\/2022\/10\/WhatsApp-Image-2022-10-11-at-3.22.41-PM-600x600.jpeg",600,600,true],"cvmm-large":["https:\/\/diariolanoticia.com.mx\/wp-content\/uploads\/2022\/10\/WhatsApp-Image-2022-10-11-at-3.22.41-PM-1024x853.jpeg",1024,853,true],"cvmm-small":["https:\/\/diariolanoticia.com.mx\/wp-content\/uploads\/2022\/10\/WhatsApp-Image-2022-10-11-at-3.22.41-PM-130x95.jpeg",130,95,true],"full":["https:\/\/diariolanoticia.com.mx\/wp-content\/uploads\/2022\/10\/WhatsApp-Image-2022-10-11-at-3.22.41-PM.jpeg",1280,853,false]},"_links":{"self":[{"href":"https:\/\/diariolanoticia.com.mx\/index.php?rest_route=\/wp\/v2\/posts\/100564","targetHints":{"allow":["GET"]}}],"collection":[{"href":"https:\/\/diariolanoticia.com.mx\/index.php?rest_route=\/wp\/v2\/posts"}],"about":[{"href":"https:\/\/diariolanoticia.com.mx\/index.php?rest_route=\/wp\/v2\/types\/post"}],"author":[{"embeddable":true,"href":"https:\/\/diariolanoticia.com.mx\/index.php?rest_route=\/wp\/v2\/users\/1"}],"replies":[{"embeddable":true,"href":"https:\/\/diariolanoticia.com.mx\/index.php?rest_route=%2Fwp%2Fv2%2Fcomments&post=100564"}],"version-history":[{"count":1,"href":"https:\/\/diariolanoticia.com.mx\/index.php?rest_route=\/wp\/v2\/posts\/100564\/revisions"}],"predecessor-version":[{"id":100566,"href":"https:\/\/diariolanoticia.com.mx\/index.php?rest_route=\/wp\/v2\/posts\/100564\/revisions\/100566"}],"wp:featuredmedia":[{"embeddable":true,"href":"https:\/\/diariolanoticia.com.mx\/index.php?rest_route=\/wp\/v2\/media\/100565"}],"wp:attachment":[{"href":"https:\/\/diariolanoticia.com.mx\/index.php?rest_route=%2Fwp%2Fv2%2Fmedia&parent=100564"}],"wp:term":[{"taxonomy":"category","embeddable":true,"href":"https:\/\/diariolanoticia.com.mx\/index.php?rest_route=%2Fwp%2Fv2%2Fcategories&post=100564"},{"taxonomy":"post_tag","embeddable":true,"href":"https:\/\/diariolanoticia.com.mx\/index.php?rest_route=%2Fwp%2Fv2%2Ftags&post=100564"}],"curies":[{"name":"wp","href":"https:\/\/api.w.org\/{rel}","templated":true}]}}