{"id":100971,"date":"2022-10-19T15:49:33","date_gmt":"2022-10-19T20:49:33","guid":{"rendered":"https:\/\/diariolanoticia.com.mx\/?p=100971"},"modified":"2022-10-19T15:49:34","modified_gmt":"2022-10-19T20:49:34","slug":"realizan-en-el-congreso-expo-venta-de-catrinas-elaboradas-con-material-reciclable","status":"publish","type":"post","link":"https:\/\/diariolanoticia.com.mx\/?p=100971","title":{"rendered":"Realizan en el Congreso Expo-Venta de Catrinas elaboradas con material reciclable"},"content":{"rendered":"\n<p><em>El grupo de mujeres artesanas tlaxcaltecas \u00abManos M\u00e1gicas\u00bb present\u00f3 su proyecto de innovaci\u00f3n econ\u00f3mica.<\/em><\/p>\n\n\n\n<p>Tlaxcala, Tlax., a 19 de octubre de 2022<\/p>\n\n\n\n<p>El Patio Vitral del Congreso del Estado de Tlaxcala, del 14 al 18 de octubre, fue sede de la \u00abExposici\u00f3n de Catrinas\u00bb elaboradas por el grupo de artesanas tlaxcaltecas \u00abManos M\u00e1gicas\u00bb, elaboradas con material reciclable en apoyo del medio ambiente y de la econom\u00eda solidaria de las mujeres.<\/p>\n\n\n\n<p>El ingenio de este grupo de mujeres, las llev\u00f3 a emprender un negocio de manera artesanal, a partir de materiales que normalmente se desechan de las oficinas, como hojas de papel, cart\u00f3n, botellas de agua, entre otros, y con los cuales, dieron vida a la popular imagen de la Catrina, figura representativa de la tradici\u00f3n de D\u00eda de Muertos.<\/p>\n\n\n\n<p>El grupo conformado por Honorina Morales Jim\u00e9nez, Dalia Nava V\u00e1zquez, Dora Itzel Montes Zamora e Isidora Zamora Herrera, acompa\u00f1adas por los artesanos Jos\u00e9 Eduardo Machorro, Evaristo Montes Castillo y la artesana Eunice Oloarte, ha demostrado que su proyecto ecol\u00f3gico y reciclable, puede ser una alternativa para mejorar la econom\u00eda de las mujeres tlaxcaltecas.<\/p>\n\n\n\n<p>Adem\u00e1s de las populares catrinas, tambi\u00e9n presentaron productos, como calaveritas bordadas, flores de fomi moldeable, figuras de fieltro y alambre, al igual que chocolates, bisuter\u00eda, bordados, dulces tradiciones e inclusive pan, todo elaborado de manera artesanal.<\/p>\n\n\n\n<p>Sin duda, esta gran exposici\u00f3n atrajo varias miradas y potenciales clientes, quienes adem\u00e1s de admirar el trabajo de gran precisi\u00f3n y belleza, reconocieron el trabajo e ingenio que tuvieron estas mujeres, al organizarse y crear \u00abManos M\u00e1gicas\u00bb, al reciclar materiales que normalmente se desechan, como una forma de emprendimiento y empoderamiento.<\/p>\n\n\n\n<p>Cabe recalcar que este espacio fue brindado por la legisladora Leticia Mart\u00ednez Cer\u00f3n, presidenta de la Mesa Directiva del Congreso del Estado, quien reconoci\u00f3 el talento del grupo \u00abManos M\u00e1gicas\u00bb.<\/p>\n","protected":false},"excerpt":{"rendered":"<p>El grupo de mujeres artesanas tlaxcaltecas \u00abManos M\u00e1gicas\u00bb present\u00f3 su proyecto de innovaci\u00f3n econ\u00f3mica. Tlaxcala, Tlax., a 19 de octubre de 2022 El Patio Vitral del Congreso del Estado de Tlaxcala, del 14 al 18 de octubre, fue sede de la \u00abExposici\u00f3n de Catrinas\u00bb elaboradas por el grupo de artesanas tlaxcaltecas \u00abManos M\u00e1gicas\u00bb, elaboradas con [&hellip;]<\/p>\n","protected":false},"author":1,"featured_media":100972,"comment_status":"open","ping_status":"open","sticky":false,"template":"","format":"standard","meta":{"footnotes":""},"categories":[22],"tags":[],"class_list":["post-100971","post","type-post","status-publish","format-standard","has-post-thumbnail","hentry","category-congreso"],"blog_post_layout_featured_media_urls":{"thumbnail":["https:\/\/diariolanoticia.com.mx\/wp-content\/uploads\/2022\/10\/EXPOSICION-1-216x160.jpg",216,160,true],"full":["https:\/\/diariolanoticia.com.mx\/wp-content\/uploads\/2022\/10\/EXPOSICION-1.jpg",1024,768,false]},"categories_names":{"22":{"name":"Congreso","link":"https:\/\/diariolanoticia.com.mx\/?cat=22"}},"tags_names":[],"comments_number":"0","wpmagazine_modules_lite_featured_media_urls":{"thumbnail":["https:\/\/diariolanoticia.com.mx\/wp-content\/uploads\/2022\/10\/EXPOSICION-1-216x160.jpg",216,160,true],"cvmm-medium":["https:\/\/diariolanoticia.com.mx\/wp-content\/uploads\/2022\/10\/EXPOSICION-1-300x300.jpg",300,300,true],"cvmm-medium-plus":["https:\/\/diariolanoticia.com.mx\/wp-content\/uploads\/2022\/10\/EXPOSICION-1-305x207.jpg",305,207,true],"cvmm-portrait":["https:\/\/diariolanoticia.com.mx\/wp-content\/uploads\/2022\/10\/EXPOSICION-1-400x600.jpg",400,600,true],"cvmm-medium-square":["https:\/\/diariolanoticia.com.mx\/wp-content\/uploads\/2022\/10\/EXPOSICION-1-600x600.jpg",600,600,true],"cvmm-large":["https:\/\/diariolanoticia.com.mx\/wp-content\/uploads\/2022\/10\/EXPOSICION-1.jpg",1024,768,false],"cvmm-small":["https:\/\/diariolanoticia.com.mx\/wp-content\/uploads\/2022\/10\/EXPOSICION-1-130x95.jpg",130,95,true],"full":["https:\/\/diariolanoticia.com.mx\/wp-content\/uploads\/2022\/10\/EXPOSICION-1.jpg",1024,768,false]},"_links":{"self":[{"href":"https:\/\/diariolanoticia.com.mx\/index.php?rest_route=\/wp\/v2\/posts\/100971","targetHints":{"allow":["GET"]}}],"collection":[{"href":"https:\/\/diariolanoticia.com.mx\/index.php?rest_route=\/wp\/v2\/posts"}],"about":[{"href":"https:\/\/diariolanoticia.com.mx\/index.php?rest_route=\/wp\/v2\/types\/post"}],"author":[{"embeddable":true,"href":"https:\/\/diariolanoticia.com.mx\/index.php?rest_route=\/wp\/v2\/users\/1"}],"replies":[{"embeddable":true,"href":"https:\/\/diariolanoticia.com.mx\/index.php?rest_route=%2Fwp%2Fv2%2Fcomments&post=100971"}],"version-history":[{"count":1,"href":"https:\/\/diariolanoticia.com.mx\/index.php?rest_route=\/wp\/v2\/posts\/100971\/revisions"}],"predecessor-version":[{"id":100973,"href":"https:\/\/diariolanoticia.com.mx\/index.php?rest_route=\/wp\/v2\/posts\/100971\/revisions\/100973"}],"wp:featuredmedia":[{"embeddable":true,"href":"https:\/\/diariolanoticia.com.mx\/index.php?rest_route=\/wp\/v2\/media\/100972"}],"wp:attachment":[{"href":"https:\/\/diariolanoticia.com.mx\/index.php?rest_route=%2Fwp%2Fv2%2Fmedia&parent=100971"}],"wp:term":[{"taxonomy":"category","embeddable":true,"href":"https:\/\/diariolanoticia.com.mx\/index.php?rest_route=%2Fwp%2Fv2%2Fcategories&post=100971"},{"taxonomy":"post_tag","embeddable":true,"href":"https:\/\/diariolanoticia.com.mx\/index.php?rest_route=%2Fwp%2Fv2%2Ftags&post=100971"}],"curies":[{"name":"wp","href":"https:\/\/api.w.org\/{rel}","templated":true}]}}