{"id":101022,"date":"2022-10-20T14:42:17","date_gmt":"2022-10-20T19:42:17","guid":{"rendered":"https:\/\/diariolanoticia.com.mx\/?p=101022"},"modified":"2022-10-20T14:42:19","modified_gmt":"2022-10-20T19:42:19","slug":"detiene-policia-de-apizaco-a-peligroso-asaltante","status":"publish","type":"post","link":"https:\/\/diariolanoticia.com.mx\/?p=101022","title":{"rendered":"Detiene Polic\u00eda de Apizaco a peligroso asaltante"},"content":{"rendered":"\n<ul class=\"wp-block-list\"><li>Hasta el momento se han conformado m\u00e1s de 50 comit\u00e9s de \u201cBlindaje Comercial\u201d,<\/li><\/ul>\n\n\n\n<p>Durante recorrido de seguridad y vigilancia, la polic\u00eda de Apizaco fue alertada a trav\u00e9s de un grupo de \u201cBlindaje Comercial\u201d de un robo en proceso en la tienda comercial denominada \u201cOXXO\u201d,<br>por lo que de inmediato se trasladaron al lugar, y al llegar, el encargado describi\u00f3 a un masculino que minutos antes lo amenaz\u00f3 con un arma y lo despoj\u00f3 de dinero en efectivo.<\/p>\n\n\n\n<p>Inmediatamente los uniformados comenzaron un operativo de b\u00fasqueda y localizaci\u00f3n del sujeto sobre la calle 2 de abril entre Ju\u00e1rez y Morelos, quien al ser interrogado y revisado se le encontr\u00f3 una navaja color dorada de 20 cm aproximadamente y dinero en efectivo.<\/p>\n\n\n\n<p>Fue el encargado de la tienda quien se\u00f1al\u00f3 e identific\u00f3 plenamente que se trataba de la misma persona que minutos antes lo amag\u00f3 y lo despoj\u00f3 de dinero en efectivo.<\/p>\n\n\n\n<p>Se trata de Abimael N., de 22 a\u00f1os de edad, originario del Estado de Guerrero, qui\u00e9n fue puesto a disposici\u00f3n del Ministerio P\u00fablico del Fuero Com\u00fan.<\/p>\n\n\n\n<p>Con estas acciones, la Polic\u00eda de Apizaco reafirma el compromiso ciudadano de mejorar los tiempos de respuesta y demuestra que los grupos de Blindaje Comercial puestos en marcha por la corporaci\u00f3n s\u00ed dan resultados, por lo que el Director de Seguridad P\u00fablica, Raymundo Fragoso Mu\u00f1oz, exhort\u00f3 a los comerciantes a conformar sus grupos.<\/p>\n\n\n\n<p>Es ese sentido, Fragoso Mu\u00f1oz resalt\u00f3 que hasta el momento se han conformado m\u00e1s de 50 comit\u00e9s de \u201cBlindaje Comercial\u201d, mismos que son capacitados por la polic\u00eda municipal.<\/p>\n","protected":false},"excerpt":{"rendered":"<p>Hasta el momento se han conformado m\u00e1s de 50 comit\u00e9s de \u201cBlindaje Comercial\u201d, Durante recorrido de seguridad y vigilancia, la polic\u00eda de Apizaco fue alertada a trav\u00e9s de un grupo de \u201cBlindaje Comercial\u201d de un robo en proceso en la tienda comercial denominada \u201cOXXO\u201d,por lo que de inmediato se trasladaron al lugar, y al llegar, [&hellip;]<\/p>\n","protected":false},"author":1,"featured_media":101023,"comment_status":"open","ping_status":"open","sticky":false,"template":"","format":"standard","meta":{"footnotes":""},"categories":[3],"tags":[],"class_list":["post-101022","post","type-post","status-publish","format-standard","has-post-thumbnail","hentry","category-apizaco"],"blog_post_layout_featured_media_urls":{"thumbnail":["https:\/\/diariolanoticia.com.mx\/wp-content\/uploads\/2022\/10\/WhatsApp-Image-2022-10-20-at-2.40.44-PM-216x160.jpeg",216,160,true],"full":["https:\/\/diariolanoticia.com.mx\/wp-content\/uploads\/2022\/10\/WhatsApp-Image-2022-10-20-at-2.40.44-PM.jpeg",1600,1600,false]},"categories_names":{"3":{"name":"Apizaco","link":"https:\/\/diariolanoticia.com.mx\/?cat=3"}},"tags_names":[],"comments_number":"0","wpmagazine_modules_lite_featured_media_urls":{"thumbnail":["https:\/\/diariolanoticia.com.mx\/wp-content\/uploads\/2022\/10\/WhatsApp-Image-2022-10-20-at-2.40.44-PM-216x160.jpeg",216,160,true],"cvmm-medium":["https:\/\/diariolanoticia.com.mx\/wp-content\/uploads\/2022\/10\/WhatsApp-Image-2022-10-20-at-2.40.44-PM-300x300.jpeg",300,300,true],"cvmm-medium-plus":["https:\/\/diariolanoticia.com.mx\/wp-content\/uploads\/2022\/10\/WhatsApp-Image-2022-10-20-at-2.40.44-PM-305x207.jpeg",305,207,true],"cvmm-portrait":["https:\/\/diariolanoticia.com.mx\/wp-content\/uploads\/2022\/10\/WhatsApp-Image-2022-10-20-at-2.40.44-PM-400x600.jpeg",400,600,true],"cvmm-medium-square":["https:\/\/diariolanoticia.com.mx\/wp-content\/uploads\/2022\/10\/WhatsApp-Image-2022-10-20-at-2.40.44-PM-600x600.jpeg",600,600,true],"cvmm-large":["https:\/\/diariolanoticia.com.mx\/wp-content\/uploads\/2022\/10\/WhatsApp-Image-2022-10-20-at-2.40.44-PM-1024x1024.jpeg",1024,1024,true],"cvmm-small":["https:\/\/diariolanoticia.com.mx\/wp-content\/uploads\/2022\/10\/WhatsApp-Image-2022-10-20-at-2.40.44-PM-130x95.jpeg",130,95,true],"full":["https:\/\/diariolanoticia.com.mx\/wp-content\/uploads\/2022\/10\/WhatsApp-Image-2022-10-20-at-2.40.44-PM.jpeg",1600,1600,false]},"_links":{"self":[{"href":"https:\/\/diariolanoticia.com.mx\/index.php?rest_route=\/wp\/v2\/posts\/101022","targetHints":{"allow":["GET"]}}],"collection":[{"href":"https:\/\/diariolanoticia.com.mx\/index.php?rest_route=\/wp\/v2\/posts"}],"about":[{"href":"https:\/\/diariolanoticia.com.mx\/index.php?rest_route=\/wp\/v2\/types\/post"}],"author":[{"embeddable":true,"href":"https:\/\/diariolanoticia.com.mx\/index.php?rest_route=\/wp\/v2\/users\/1"}],"replies":[{"embeddable":true,"href":"https:\/\/diariolanoticia.com.mx\/index.php?rest_route=%2Fwp%2Fv2%2Fcomments&post=101022"}],"version-history":[{"count":1,"href":"https:\/\/diariolanoticia.com.mx\/index.php?rest_route=\/wp\/v2\/posts\/101022\/revisions"}],"predecessor-version":[{"id":101024,"href":"https:\/\/diariolanoticia.com.mx\/index.php?rest_route=\/wp\/v2\/posts\/101022\/revisions\/101024"}],"wp:featuredmedia":[{"embeddable":true,"href":"https:\/\/diariolanoticia.com.mx\/index.php?rest_route=\/wp\/v2\/media\/101023"}],"wp:attachment":[{"href":"https:\/\/diariolanoticia.com.mx\/index.php?rest_route=%2Fwp%2Fv2%2Fmedia&parent=101022"}],"wp:term":[{"taxonomy":"category","embeddable":true,"href":"https:\/\/diariolanoticia.com.mx\/index.php?rest_route=%2Fwp%2Fv2%2Fcategories&post=101022"},{"taxonomy":"post_tag","embeddable":true,"href":"https:\/\/diariolanoticia.com.mx\/index.php?rest_route=%2Fwp%2Fv2%2Ftags&post=101022"}],"curies":[{"name":"wp","href":"https:\/\/api.w.org\/{rel}","templated":true}]}}