{"id":101114,"date":"2022-10-21T15:56:59","date_gmt":"2022-10-21T20:56:59","guid":{"rendered":"https:\/\/diariolanoticia.com.mx\/?p=101114"},"modified":"2022-10-21T15:57:00","modified_gmt":"2022-10-21T20:57:00","slug":"fuerzas-armadas-han-sido-utiles-en-cada-epoca-de-la-historia-de-mexico-mbh","status":"publish","type":"post","link":"https:\/\/diariolanoticia.com.mx\/?p=101114","title":{"rendered":"Fuerzas Armadas han sido \u00fatiles en cada \u00e9poca de la historia de M\u00e9xico: MBH"},"content":{"rendered":"\n<figure class=\"wp-block-gallery has-nested-images columns-default is-cropped wp-block-gallery-1 is-layout-flex wp-block-gallery-is-layout-flex\">\n<figure class=\"wp-block-image\"><img loading=\"lazy\" decoding=\"async\" width=\"1024\" height=\"683\" data-id=\"101107\" src=\"https:\/\/diariolanoticia.com.mx\/wp-content\/uploads\/2022\/10\/img_9051-1024x683.jpg\" alt=\"\" class=\"wp-image-101107\" srcset=\"https:\/\/diariolanoticia.com.mx\/wp-content\/uploads\/2022\/10\/img_9051-1024x683.jpg 1024w, https:\/\/diariolanoticia.com.mx\/wp-content\/uploads\/2022\/10\/img_9051-300x200.jpg 300w, https:\/\/diariolanoticia.com.mx\/wp-content\/uploads\/2022\/10\/img_9051-768x512.jpg 768w, https:\/\/diariolanoticia.com.mx\/wp-content\/uploads\/2022\/10\/img_9051.jpg 1500w\" sizes=\"auto, (max-width: 1024px) 100vw, 1024px\" \/><\/figure>\n\n\n\n<figure class=\"wp-block-image\"><img loading=\"lazy\" decoding=\"async\" width=\"1024\" height=\"683\" data-id=\"101108\" src=\"https:\/\/diariolanoticia.com.mx\/wp-content\/uploads\/2022\/10\/img_9050-1024x683.jpg\" alt=\"\" class=\"wp-image-101108\" srcset=\"https:\/\/diariolanoticia.com.mx\/wp-content\/uploads\/2022\/10\/img_9050-1024x683.jpg 1024w, https:\/\/diariolanoticia.com.mx\/wp-content\/uploads\/2022\/10\/img_9050-300x200.jpg 300w, https:\/\/diariolanoticia.com.mx\/wp-content\/uploads\/2022\/10\/img_9050-768x512.jpg 768w, https:\/\/diariolanoticia.com.mx\/wp-content\/uploads\/2022\/10\/img_9050.jpg 1500w\" sizes=\"auto, (max-width: 1024px) 100vw, 1024px\" \/><\/figure>\n<\/figure>\n\n\n\n<p>-El secretario de Gobernaci\u00f3n, Ad\u00e1n Augusto, destac\u00f3 que Puebla ha recuperado la seguridad gracias a Barbosa Huerta<\/p>\n\n\n\n<p>-El gobernador asisti\u00f3 a un di\u00e1logo que sostuvo el secretario de Gobernaci\u00f3n federal, Ad\u00e1n Augusto, con legisladores poblanos para exponerles los motivos de la reforma a la Guardia Nacional<\/p>\n\n\n\n<p>CIUDAD DE PUEBLA, Pue.- Al manifestar que las y los poblanos est\u00e1n orgullosos de las Fuerzas Armadas, el gobernador Miguel Barbosa Huerta afirm\u00f3 que la reforma que extiende a 2028 la presencia de la Guardia Nacional en las calles, demuestra que el Ej\u00e9rcito Mexicano es \u00fatil en cada uno de los tiempos de la historia de M\u00e9xico.<\/p>\n\n\n\n<p>As\u00ed lo expuso al participar en un di\u00e1logo que sostuvo el secretario de Gobernaci\u00f3n federal, Ad\u00e1n Augusto L\u00f3pez Hern\u00e1ndez con legisladores poblanos, quien present\u00f3 los motivos de dicha reforma, la cual, se\u00f1al\u00f3 el mandatario estatal, tiene un alto contenido popular, pues permitir\u00e1 que los m\u00e1s de 400 mil elementos con los que cuenta esta instituci\u00f3n sigan sumados a las acciones en materia de seguridad p\u00fablica.<\/p>\n\n\n\n<p>Refiri\u00f3 que la paz, tranquilidad y seguridad no se consiguen destruyendo instituciones, haciendo ofensas ni construyendo esquemas totalmente de falsificaci\u00f3n.<\/p>\n\n\n\n<p>En ese sentido, Barbosa Huerta sentenci\u00f3 que, en una primera instancia, los municipios y sus pobladores ser\u00e1n los primeros beneficiados con esta iniciativa, por lo que hizo un llamado a respaldarla y apoyarla.<\/p>\n\n\n\n<p>Resalt\u00f3 la coordinaci\u00f3n que existe en Puebla entre los tres \u00f3rdenes de gobierno para hacerle frente a la delincuencia, luego de apuntar que los niveles de seguridad p\u00fablica en la entidad son aceptables, pero no satisfactorios, por lo que celebr\u00f3 la reforma que extiende la permanencia de la Guardia Nacional.<\/p>\n\n\n\n<p>A\u00f1adi\u00f3 que los mandos de las Fuerzas Armadas deben de ser respetados y no ofendidos de manera vulgar en los debates emprendidos por esta reforma.<\/p>\n\n\n\n<p><strong>BARBOSA HUERTA HA RECUPERADO LA SEGURIDAD P\u00daBLICA DE PUEBLA: SEGOB<\/strong><\/p>\n\n\n\n<p>En tanto, el secretario de Gobernaci\u00f3n, Ad\u00e1n Augusto L\u00f3pez Hern\u00e1ndez, manifest\u00f3 que, a partir de la llegada de Miguel Barbosa Huerta a la gubernatura, Puebla ha recuperado la seguridad p\u00fablica y prueba de ello es que la entidad ha pasado de los primeros tres lugares a la posici\u00f3n 18 en incidencia delictiva a nivel nacional.<\/p>\n\n\n\n<p>Report\u00f3 una baja considerable en delitos de alto impacto en Puebla, entre ellos los homicidios dolosos, secuestro, extorsi\u00f3n, robo a casa habitaci\u00f3n, robo a transe\u00fante y robo a transporte de carga. Refiri\u00f3 que esta disminuci\u00f3n es resultado de la conducci\u00f3n del mandatario estatal y por el trabajo conjunto con la sociedad.<\/p>\n\n\n\n<p>En ese sentido, el funcionario federal destac\u00f3 que Puebla cuenta con seguridad y certeza, lo cual ha permitido atraer inversiones y detonar el crecimiento econ\u00f3mico. L\u00f3pez Hern\u00e1ndez felicit\u00f3 al titular del Ejecutivo local por su compromiso con el estado y el pa\u00eds.<\/p>\n\n\n\n<p>Con respecto a la reforma constitucional relacionada a la Guardia Nacional, la cual permite la permanencia de esta instituci\u00f3n en las calles hasta 2028, y que ahora debe ser aprobada por los congresos locales, el secretario afirm\u00f3 que no representa la militarizaci\u00f3n del pa\u00eds y se\u00f1al\u00f3 que el presidente Andr\u00e9s Manuel L\u00f3pez Obrador no utilizar\u00e1 las Fuerzas Armadas para reprimir a la sociedad, al contrario, es parte del proceso para continuar con la mejora de la seguridad p\u00fablica y la construcci\u00f3n de la paz en el pa\u00eds.<\/p>\n","protected":false},"excerpt":{"rendered":"<p>-El secretario de Gobernaci\u00f3n, Ad\u00e1n Augusto, destac\u00f3 que Puebla ha recuperado la seguridad gracias a Barbosa Huerta -El gobernador asisti\u00f3 a un di\u00e1logo que sostuvo el secretario de Gobernaci\u00f3n federal, Ad\u00e1n Augusto, con legisladores poblanos para exponerles los motivos de la reforma a la Guardia Nacional CIUDAD DE PUEBLA, Pue.- Al manifestar que las y [&hellip;]<\/p>\n","protected":false},"author":1,"featured_media":101102,"comment_status":"open","ping_status":"open","sticky":false,"template":"","format":"standard","meta":{"footnotes":""},"categories":[20],"tags":[52,50],"class_list":["post-101114","post","type-post","status-publish","format-standard","has-post-thumbnail","hentry","category-norte-de-puebla","tag-puebla","tag-seguridad"],"blog_post_layout_featured_media_urls":{"thumbnail":["https:\/\/diariolanoticia.com.mx\/wp-content\/uploads\/2022\/10\/img_9054-216x160.jpg",216,160,true],"full":["https:\/\/diariolanoticia.com.mx\/wp-content\/uploads\/2022\/10\/img_9054.jpg",1500,1000,false]},"categories_names":{"20":{"name":"Norte de Puebla","link":"https:\/\/diariolanoticia.com.mx\/?cat=20"}},"tags_names":{"52":{"name":"Puebla","link":"https:\/\/diariolanoticia.com.mx\/?tag=puebla"},"50":{"name":"seguridad","link":"https:\/\/diariolanoticia.com.mx\/?tag=seguridad"}},"comments_number":"0","wpmagazine_modules_lite_featured_media_urls":{"thumbnail":["https:\/\/diariolanoticia.com.mx\/wp-content\/uploads\/2022\/10\/img_9054-216x160.jpg",216,160,true],"cvmm-medium":["https:\/\/diariolanoticia.com.mx\/wp-content\/uploads\/2022\/10\/img_9054-300x300.jpg",300,300,true],"cvmm-medium-plus":["https:\/\/diariolanoticia.com.mx\/wp-content\/uploads\/2022\/10\/img_9054-305x207.jpg",305,207,true],"cvmm-portrait":["https:\/\/diariolanoticia.com.mx\/wp-content\/uploads\/2022\/10\/img_9054-400x600.jpg",400,600,true],"cvmm-medium-square":["https:\/\/diariolanoticia.com.mx\/wp-content\/uploads\/2022\/10\/img_9054-600x600.jpg",600,600,true],"cvmm-large":["https:\/\/diariolanoticia.com.mx\/wp-content\/uploads\/2022\/10\/img_9054-1024x1000.jpg",1024,1000,true],"cvmm-small":["https:\/\/diariolanoticia.com.mx\/wp-content\/uploads\/2022\/10\/img_9054-130x95.jpg",130,95,true],"full":["https:\/\/diariolanoticia.com.mx\/wp-content\/uploads\/2022\/10\/img_9054.jpg",1500,1000,false]},"_links":{"self":[{"href":"https:\/\/diariolanoticia.com.mx\/index.php?rest_route=\/wp\/v2\/posts\/101114","targetHints":{"allow":["GET"]}}],"collection":[{"href":"https:\/\/diariolanoticia.com.mx\/index.php?rest_route=\/wp\/v2\/posts"}],"about":[{"href":"https:\/\/diariolanoticia.com.mx\/index.php?rest_route=\/wp\/v2\/types\/post"}],"author":[{"embeddable":true,"href":"https:\/\/diariolanoticia.com.mx\/index.php?rest_route=\/wp\/v2\/users\/1"}],"replies":[{"embeddable":true,"href":"https:\/\/diariolanoticia.com.mx\/index.php?rest_route=%2Fwp%2Fv2%2Fcomments&post=101114"}],"version-history":[{"count":1,"href":"https:\/\/diariolanoticia.com.mx\/index.php?rest_route=\/wp\/v2\/posts\/101114\/revisions"}],"predecessor-version":[{"id":101115,"href":"https:\/\/diariolanoticia.com.mx\/index.php?rest_route=\/wp\/v2\/posts\/101114\/revisions\/101115"}],"wp:featuredmedia":[{"embeddable":true,"href":"https:\/\/diariolanoticia.com.mx\/index.php?rest_route=\/wp\/v2\/media\/101102"}],"wp:attachment":[{"href":"https:\/\/diariolanoticia.com.mx\/index.php?rest_route=%2Fwp%2Fv2%2Fmedia&parent=101114"}],"wp:term":[{"taxonomy":"category","embeddable":true,"href":"https:\/\/diariolanoticia.com.mx\/index.php?rest_route=%2Fwp%2Fv2%2Fcategories&post=101114"},{"taxonomy":"post_tag","embeddable":true,"href":"https:\/\/diariolanoticia.com.mx\/index.php?rest_route=%2Fwp%2Fv2%2Ftags&post=101114"}],"curies":[{"name":"wp","href":"https:\/\/api.w.org\/{rel}","templated":true}]}}