{"id":101116,"date":"2022-10-21T15:57:42","date_gmt":"2022-10-21T20:57:42","guid":{"rendered":"https:\/\/diariolanoticia.com.mx\/?p=101116"},"modified":"2022-10-21T15:57:43","modified_gmt":"2022-10-21T20:57:43","slug":"seguridad-nacional-base-toral-del-presidente-para-cristalizar-la-paz-social-en-mexico-diputado-ruben-teran","status":"publish","type":"post","link":"https:\/\/diariolanoticia.com.mx\/?p=101116","title":{"rendered":"Seguridad nacional, base toral del presidente para cristalizar la paz social en M\u00e9xico: Diputado Rub\u00e9n Ter\u00e1n"},"content":{"rendered":"\n<p>Tlaxcala, Tlax., a 21 de octubre de 2022<\/p>\n\n\n\n<p>El tema de seguridad nacional debe ser prioridad para el cierre del Poder Ejecutivo, encabezado por el presidente Andr\u00e9s Manuel L\u00f3pez Obrador, que sin lugar a dudas, dejar\u00e1 la base toral que permita cristalizar la paz social en M\u00e9xico, se\u00f1al\u00f3 el Diputado Rub\u00e9n Ter\u00e1n \u00c1guila.<\/p>\n\n\n\n<p>Durante la sesi\u00f3n extraordinaria y p\u00fablica en la que destac\u00f3 la visita del Secretario de Gobernaci\u00f3n, Ad\u00e1n Augusto L\u00f3pez Hern\u00e1ndez, en el Congreso del Estado de Tlaxcala, quien expuso ante las y los congresistas de la LXIV Legislatura, los beneficios de la minuta de reforma constitucional en materia de Guardia Nacional y Seguridad P\u00fablica; el congresista reconoci\u00f3 que desde su creaci\u00f3n se gest\u00f3 un gran debate, sin embargo, aclar\u00f3 que no se trat\u00f3 de una ocurrencia del Poder Legislativo o Ejecutivo, sino, que fue una salida a una necesidad imperante en el Estado mexicano.<\/p>\n\n\n\n<p>\u00ab\u00bfQui\u00e9n de aqu\u00ed no est\u00e1 de acuerdo en que este pa\u00eds pueda reconciliar su territorio y que pueda generar paz social? \u00bfQui\u00e9n de aqu\u00ed no est\u00e1 a favor de que exista la seguridad en M\u00e9xico? \u00bfQui\u00e9nes de aqu\u00ed no vemos viable que en M\u00e9xico se implementen las estrategias necesarias, las acciones, las pol\u00edticas p\u00fablicas y los presupuestos econ\u00f3micos con la finalidad de apaciguar este pa\u00eds?\u00bb, enfatiz\u00f3 ante el Pleno de esta Soberan\u00eda.<\/p>\n\n\n\n<p>Como diputado federal e integrante del Grupo Parlamentario de Morena, aval\u00f3 la creaci\u00f3n de la Guardia Nacional, lo que gener\u00f3 un gran debate en la C\u00e1mara federal, pero ahora, el encargo de la pol\u00edtica interna de la naci\u00f3n, Ad\u00e1n Augusto L\u00f3pez, acudi\u00f3 al Congreso de Tlaxcala para defender su ampliaci\u00f3n, lo que calific\u00f3 como un hecho hist\u00f3rico en la vida pol\u00edtica de M\u00e9xico.<\/p>\n\n\n\n<p>\u00abSe dice esta tribuna que la estrategia no funcion\u00f3, se\u00f1oras y se\u00f1ores, se cometieron muchos errores durante mucho tiempo, y quiero ser muy puntual, no es culpar al pasado, no es que nos digan a quienes hoy militamos en el partido que gobierna que ya tuvimos cuatro a\u00f1os y que todav\u00eda seguimos culpando al pasado. Simple y sencillamente, es la repercusi\u00f3n de una serie de acciones que no fueron cuidadas y que en su momento como ya lo vimos, fueron solapadas y que hicieron de este pa\u00eds un cementerio\u00bb, se\u00f1al\u00f3.<\/p>\n\n\n\n<p>Al fijar su postura, Rub\u00e9n Ter\u00e1n pidi\u00f3 la confianza de las y los parlamentarios sobre la estrategia de seguridad, como una responsabilidad pol\u00edtica y social, la cual debe mantener tranquila a la sociedad porque se cuenta con la confianza de tener a un gran presidente de la Rep\u00fablica.<\/p>\n\n\n\n<p>\u00abTenemos un presidente que ha permitido incluso la cr\u00edtica y la agresi\u00f3n pol\u00edtica, pero que en ning\u00fan momento ha hecho uso de sus facultades para que sea el gesto de quien reprima al pueblo de M\u00e9xico. Es el primer gobierno en mucho tiempo que ha demostrado que las fuerzas armadas de nuestro pa\u00eds no est\u00e1n para reprimir al pueblo\u00bb, resalt\u00f3.<\/p>\n\n\n\n<p>Por \u00faltimo, Rub\u00e9n Ter\u00e1n dijo s\u00ed a la Guardia Nacional porque representa una oportunidad de construir la paz, s\u00ed a la ampliaci\u00f3n del t\u00e9rmino porque representa la esperanza de miles de millones de mujeres y hombres de este pa\u00eds.<\/p>\n","protected":false},"excerpt":{"rendered":"<p>Tlaxcala, Tlax., a 21 de octubre de 2022 El tema de seguridad nacional debe ser prioridad para el cierre del Poder Ejecutivo, encabezado por el presidente Andr\u00e9s Manuel L\u00f3pez Obrador, que sin lugar a dudas, dejar\u00e1 la base toral que permita cristalizar la paz social en M\u00e9xico, se\u00f1al\u00f3 el Diputado Rub\u00e9n Ter\u00e1n \u00c1guila. Durante la [&hellip;]<\/p>\n","protected":false},"author":1,"featured_media":101117,"comment_status":"open","ping_status":"open","sticky":false,"template":"","format":"standard","meta":{"footnotes":""},"categories":[22],"tags":[],"class_list":["post-101116","post","type-post","status-publish","format-standard","has-post-thumbnail","hentry","category-congreso"],"blog_post_layout_featured_media_urls":{"thumbnail":["https:\/\/diariolanoticia.com.mx\/wp-content\/uploads\/2022\/10\/DIP.-RUBEN-TERAN-1-216x160.jpg",216,160,true],"full":["https:\/\/diariolanoticia.com.mx\/wp-content\/uploads\/2022\/10\/DIP.-RUBEN-TERAN-1.jpg",1024,682,false]},"categories_names":{"22":{"name":"Congreso","link":"https:\/\/diariolanoticia.com.mx\/?cat=22"}},"tags_names":[],"comments_number":"0","wpmagazine_modules_lite_featured_media_urls":{"thumbnail":["https:\/\/diariolanoticia.com.mx\/wp-content\/uploads\/2022\/10\/DIP.-RUBEN-TERAN-1-216x160.jpg",216,160,true],"cvmm-medium":["https:\/\/diariolanoticia.com.mx\/wp-content\/uploads\/2022\/10\/DIP.-RUBEN-TERAN-1-300x300.jpg",300,300,true],"cvmm-medium-plus":["https:\/\/diariolanoticia.com.mx\/wp-content\/uploads\/2022\/10\/DIP.-RUBEN-TERAN-1-305x207.jpg",305,207,true],"cvmm-portrait":["https:\/\/diariolanoticia.com.mx\/wp-content\/uploads\/2022\/10\/DIP.-RUBEN-TERAN-1-400x600.jpg",400,600,true],"cvmm-medium-square":["https:\/\/diariolanoticia.com.mx\/wp-content\/uploads\/2022\/10\/DIP.-RUBEN-TERAN-1-600x600.jpg",600,600,true],"cvmm-large":["https:\/\/diariolanoticia.com.mx\/wp-content\/uploads\/2022\/10\/DIP.-RUBEN-TERAN-1.jpg",1024,682,false],"cvmm-small":["https:\/\/diariolanoticia.com.mx\/wp-content\/uploads\/2022\/10\/DIP.-RUBEN-TERAN-1-130x95.jpg",130,95,true],"full":["https:\/\/diariolanoticia.com.mx\/wp-content\/uploads\/2022\/10\/DIP.-RUBEN-TERAN-1.jpg",1024,682,false]},"_links":{"self":[{"href":"https:\/\/diariolanoticia.com.mx\/index.php?rest_route=\/wp\/v2\/posts\/101116","targetHints":{"allow":["GET"]}}],"collection":[{"href":"https:\/\/diariolanoticia.com.mx\/index.php?rest_route=\/wp\/v2\/posts"}],"about":[{"href":"https:\/\/diariolanoticia.com.mx\/index.php?rest_route=\/wp\/v2\/types\/post"}],"author":[{"embeddable":true,"href":"https:\/\/diariolanoticia.com.mx\/index.php?rest_route=\/wp\/v2\/users\/1"}],"replies":[{"embeddable":true,"href":"https:\/\/diariolanoticia.com.mx\/index.php?rest_route=%2Fwp%2Fv2%2Fcomments&post=101116"}],"version-history":[{"count":1,"href":"https:\/\/diariolanoticia.com.mx\/index.php?rest_route=\/wp\/v2\/posts\/101116\/revisions"}],"predecessor-version":[{"id":101118,"href":"https:\/\/diariolanoticia.com.mx\/index.php?rest_route=\/wp\/v2\/posts\/101116\/revisions\/101118"}],"wp:featuredmedia":[{"embeddable":true,"href":"https:\/\/diariolanoticia.com.mx\/index.php?rest_route=\/wp\/v2\/media\/101117"}],"wp:attachment":[{"href":"https:\/\/diariolanoticia.com.mx\/index.php?rest_route=%2Fwp%2Fv2%2Fmedia&parent=101116"}],"wp:term":[{"taxonomy":"category","embeddable":true,"href":"https:\/\/diariolanoticia.com.mx\/index.php?rest_route=%2Fwp%2Fv2%2Fcategories&post=101116"},{"taxonomy":"post_tag","embeddable":true,"href":"https:\/\/diariolanoticia.com.mx\/index.php?rest_route=%2Fwp%2Fv2%2Ftags&post=101116"}],"curies":[{"name":"wp","href":"https:\/\/api.w.org\/{rel}","templated":true}]}}