{"id":101119,"date":"2022-10-21T15:59:46","date_gmt":"2022-10-21T20:59:46","guid":{"rendered":"https:\/\/diariolanoticia.com.mx\/?p=101119"},"modified":"2022-10-21T15:59:47","modified_gmt":"2022-10-21T20:59:47","slug":"fomenta-uatx-reflexion-sobre-problematicas-sociales","status":"publish","type":"post","link":"https:\/\/diariolanoticia.com.mx\/?p=101119","title":{"rendered":"Fomenta UATx reflexi\u00f3n sobre problem\u00e1ticas sociales"},"content":{"rendered":"\n<p>La Universidad Aut\u00f3noma de Tlaxcala (UATx),&nbsp;&nbsp;a trav\u00e9s de la Secretar\u00eda de Autorrealizaci\u00f3n y la Fundaci\u00f3n UAT A.C., llevaron a cabo el evento denominado \u00abViernes de cine documental oto\u00f1o 2022\u00bb, donde se present\u00f3 el largometraje intitulado: \u00abDon de ser\u00bb del director N\u00e9stor A. Jim\u00e9nez D\u00edaz, el que estuvo dirigido a estudiantes de la Licenciatura en Derecho que se imparte en la Facultad de Derecho, Ciencias Pol\u00edticas y Criminolog\u00eda, cuyo an\u00e1lisis corri\u00f3 a cargo del Doctor H\u00e9ctor Israel Ortiz Ortiz, exgobernador del Estado y exrector de la instituci\u00f3n.<\/p>\n\n\n\n<p>En la sala de arte de la Secretar\u00eda de Autorrealizaci\u00f3n, el Maestro Alejandro Pilar Molina Badillo, Presidente de la Fundaci\u00f3n UAT, destac\u00f3 que, todas estas actividades son sustentadas en el Modelo Humanista Integrador basado en Competencias (MHIC), con el prop\u00f3sito de generar conocimiento que trasmita valores como equidad, igualdad, inclusi\u00f3n, resiliencia y sustentabilidad, para formar profesionistas con altos est\u00e1ndares de calidad.<\/p>\n\n\n\n<p>En su momento el Doctor H\u00e9ctor Ortiz, destac\u00f3 que el MHIC, desarrolla el pensamiento cr\u00edtico de los estudiantes, y recalc\u00f3 que es importante que conozcan diversos materiales que les permita nutrirse de las necesidades de la sociedad, en particular de los pueblos ind\u00edgenas y campesinos, con los cuales se tiene una deuda hist\u00f3rica.<\/p>\n\n\n\n<p>Precis\u00f3 que, para quienes se dediquen al servicio p\u00fablico, este tipo de actividades sirven para que puedan instrumentar pol\u00edticas adecuadas para resolver paulatinamente, en la dimensi\u00f3n posible, los problemas que confronta la comunidad a la que uno sirve, en b\u00fasqueda de mejorar sus condiciones de vida.<\/p>\n\n\n\n<p>Esta actividad, cont\u00f3 con la presencia del Licenciado Juan M\u00e9ndez V\u00e1zquez, exrector de la UATx; del Doctor Juan George Zecua, Secretario de Autorrealizaci\u00f3n; as\u00ed como de catedr\u00e1ticos y estudiantes.<\/p>\n","protected":false},"excerpt":{"rendered":"<p>La Universidad Aut\u00f3noma de Tlaxcala (UATx),&nbsp;&nbsp;a trav\u00e9s de la Secretar\u00eda de Autorrealizaci\u00f3n y la Fundaci\u00f3n UAT A.C., llevaron a cabo el evento denominado \u00abViernes de cine documental oto\u00f1o 2022\u00bb, donde se present\u00f3 el largometraje intitulado: \u00abDon de ser\u00bb del director N\u00e9stor A. Jim\u00e9nez D\u00edaz, el que estuvo dirigido a estudiantes de la Licenciatura en Derecho [&hellip;]<\/p>\n","protected":false},"author":1,"featured_media":101120,"comment_status":"open","ping_status":"open","sticky":false,"template":"","format":"standard","meta":{"footnotes":""},"categories":[10],"tags":[],"class_list":["post-101119","post","type-post","status-publish","format-standard","has-post-thumbnail","hentry","category-educacion"],"blog_post_layout_featured_media_urls":{"thumbnail":["https:\/\/diariolanoticia.com.mx\/wp-content\/uploads\/2022\/10\/21-Fomenta-UATx-reflexion-sobre-problematicas-sociales--216x160.jpg",216,160,true],"full":["https:\/\/diariolanoticia.com.mx\/wp-content\/uploads\/2022\/10\/21-Fomenta-UATx-reflexion-sobre-problematicas-sociales--scaled.jpg",2560,1707,false]},"categories_names":{"10":{"name":"Educaci\u00f3n","link":"https:\/\/diariolanoticia.com.mx\/?cat=10"}},"tags_names":[],"comments_number":"0","wpmagazine_modules_lite_featured_media_urls":{"thumbnail":["https:\/\/diariolanoticia.com.mx\/wp-content\/uploads\/2022\/10\/21-Fomenta-UATx-reflexion-sobre-problematicas-sociales--216x160.jpg",216,160,true],"cvmm-medium":["https:\/\/diariolanoticia.com.mx\/wp-content\/uploads\/2022\/10\/21-Fomenta-UATx-reflexion-sobre-problematicas-sociales--300x300.jpg",300,300,true],"cvmm-medium-plus":["https:\/\/diariolanoticia.com.mx\/wp-content\/uploads\/2022\/10\/21-Fomenta-UATx-reflexion-sobre-problematicas-sociales--305x207.jpg",305,207,true],"cvmm-portrait":["https:\/\/diariolanoticia.com.mx\/wp-content\/uploads\/2022\/10\/21-Fomenta-UATx-reflexion-sobre-problematicas-sociales--400x600.jpg",400,600,true],"cvmm-medium-square":["https:\/\/diariolanoticia.com.mx\/wp-content\/uploads\/2022\/10\/21-Fomenta-UATx-reflexion-sobre-problematicas-sociales--600x600.jpg",600,600,true],"cvmm-large":["https:\/\/diariolanoticia.com.mx\/wp-content\/uploads\/2022\/10\/21-Fomenta-UATx-reflexion-sobre-problematicas-sociales--1024x1024.jpg",1024,1024,true],"cvmm-small":["https:\/\/diariolanoticia.com.mx\/wp-content\/uploads\/2022\/10\/21-Fomenta-UATx-reflexion-sobre-problematicas-sociales--130x95.jpg",130,95,true],"full":["https:\/\/diariolanoticia.com.mx\/wp-content\/uploads\/2022\/10\/21-Fomenta-UATx-reflexion-sobre-problematicas-sociales--scaled.jpg",2560,1707,false]},"_links":{"self":[{"href":"https:\/\/diariolanoticia.com.mx\/index.php?rest_route=\/wp\/v2\/posts\/101119","targetHints":{"allow":["GET"]}}],"collection":[{"href":"https:\/\/diariolanoticia.com.mx\/index.php?rest_route=\/wp\/v2\/posts"}],"about":[{"href":"https:\/\/diariolanoticia.com.mx\/index.php?rest_route=\/wp\/v2\/types\/post"}],"author":[{"embeddable":true,"href":"https:\/\/diariolanoticia.com.mx\/index.php?rest_route=\/wp\/v2\/users\/1"}],"replies":[{"embeddable":true,"href":"https:\/\/diariolanoticia.com.mx\/index.php?rest_route=%2Fwp%2Fv2%2Fcomments&post=101119"}],"version-history":[{"count":1,"href":"https:\/\/diariolanoticia.com.mx\/index.php?rest_route=\/wp\/v2\/posts\/101119\/revisions"}],"predecessor-version":[{"id":101121,"href":"https:\/\/diariolanoticia.com.mx\/index.php?rest_route=\/wp\/v2\/posts\/101119\/revisions\/101121"}],"wp:featuredmedia":[{"embeddable":true,"href":"https:\/\/diariolanoticia.com.mx\/index.php?rest_route=\/wp\/v2\/media\/101120"}],"wp:attachment":[{"href":"https:\/\/diariolanoticia.com.mx\/index.php?rest_route=%2Fwp%2Fv2%2Fmedia&parent=101119"}],"wp:term":[{"taxonomy":"category","embeddable":true,"href":"https:\/\/diariolanoticia.com.mx\/index.php?rest_route=%2Fwp%2Fv2%2Fcategories&post=101119"},{"taxonomy":"post_tag","embeddable":true,"href":"https:\/\/diariolanoticia.com.mx\/index.php?rest_route=%2Fwp%2Fv2%2Ftags&post=101119"}],"curies":[{"name":"wp","href":"https:\/\/api.w.org\/{rel}","templated":true}]}}