{"id":101305,"date":"2022-10-26T16:27:21","date_gmt":"2022-10-26T21:27:21","guid":{"rendered":"https:\/\/diariolanoticia.com.mx\/?p=101305"},"modified":"2022-10-26T16:27:22","modified_gmt":"2022-10-26T21:27:22","slug":"inicia-en-la-uatx-festival-la-muerte-tiene-permiso","status":"publish","type":"post","link":"https:\/\/diariolanoticia.com.mx\/?p=101305","title":{"rendered":"Inicia en la UATx festival\u00a0\u00abLa muerte tiene permiso\u00bb"},"content":{"rendered":"\n<p>Para dar continuidad al tradicional festival \u00abLa muerte tiene permiso\u00bb, la Facultad de Filosof\u00eda y Letras de la Universidad Aut\u00f3noma de Tlaxcala (UATx), a trav\u00e9s de la Licenciatura en Lengua y Literatura Hispanoamericana, inici\u00f3 el programa de actividades correspondiente a la edici\u00f3n XXXIV in&nbsp;<em>memoriam<\/em>&nbsp;Axay\u00e1catl y Macuilxochitzin, las cuales concluyen el pr\u00f3ximo viernes 28 del presente.<\/p>\n\n\n\n<p>Este evento, en esta ocasi\u00f3n&nbsp;honra la memoria de dos autores prehisp\u00e1nicos: Axay\u00e1catl y Macuilxochitzin, que pertenecen a una tradici\u00f3n prehisp\u00e1nica, donde eran conocidos como&nbsp;<em>cuicapicque<\/em>, forjadores de cantos, y sus obras eran llamadas&nbsp;<em>cuicatl<\/em>, que se transmit\u00edan a trav\u00e9s de la oralidad,<\/p>\n\n\n\n<p>El Maestro Irving Eduardo Ortiz Gallardo, Coordinador de la Divisi\u00f3n de Ciencias y Humanidades, en representaci\u00f3n del Doctor Seraf\u00edn Ortiz Ortiz, Rector de la UATx, indic\u00f3 que, esta actividad, se alinea con un acontecimiento importante para la sociedad, que es el D\u00eda de Muertos y forma parte de la idiosincrasia propia del mexicano que, con el tiempo, se ha derivado en la aparici\u00f3n de un sincretismo que define en gran medida la riqueza cultural.<\/p>\n\n\n\n<p>Recalc\u00f3 que, este tipo de acciones, dan impulso al tercer eje sustantivo de esta Casa de Estudios, que permite articular tanto las tradiciones como el trabajo cotidiano que se desarrolla en esta \u00e1rea universitaria, a fin de fortalecer la tarea acad\u00e9mica de este programa educativo a trav\u00e9s del cual, los alumnos, dan a conocer parte de los conocimientos que se abrevan d\u00eda a d\u00eda en su paso por esta alma m\u00e1ter.&nbsp;<\/p>\n\n\n\n<p>Por su parte, la Maestra Ver\u00f3nica Gonz\u00e1lez Quintos, Directora de la Facultad, reconoci\u00f3 el trabajo realizado, tanto por los docentes como de los educandos de quinto semestre de la&nbsp;Licenciatura en Lengua y Literatura Hispanoamericana, quienes desde septiembre pasado iniciaron una capacitaci\u00f3n acad\u00e9mica para concursar en la elaboraci\u00f3n de las calaveritas literarias y cuento, adem\u00e1s que, por primera ocasi\u00f3n, se imparti\u00f3 un taller de artes pl\u00e1sticas que tuvo una amplia participaci\u00f3n de los estudiantes.<\/p>\n\n\n\n<p>Precis\u00f3 que, con este amplio festival, prevalece la cultura, el conocimiento y las diversas manifestaciones de las bellas artes, para rendir un homenaje a la diosa Macuilxochitzin y al gobernante&nbsp;Axay\u00e1cat, quienes, en sus escritos, dieron relevancia a temas como la vida y la muerte.<\/p>\n\n\n\n<p>En su oportunidad, Yael Solano S\u00e1nchez, a nombre de sus compa\u00f1eros, subray\u00f3 que, esta festividad, se celebra con el objetivo de rememorar con cari\u00f1o y respeto a quienes ya no est\u00e1n aqu\u00ed, aquellos que han abandonado el plano terrenal de la vida pero que han trascendido a uno eterno.&nbsp;<\/p>\n\n\n\n<p>Dentro de las actividades, destaca la participaci\u00f3n en dos conferencias magistrales de la Mtra. Yajaira Mariana G\u00f3mez Garc\u00eda, perteneciente al Instituto Nacional de Antropolog\u00eda e Historia (INAH) y el Lic. Luis Adri\u00e1n Mac\u00edas Berriel, del Colegio de Estudios Superiores Intercontinental.<\/p>\n\n\n\n<p>Adem\u00e1s, habr\u00e1 cinco conferencias; la presentaci\u00f3n del libro&nbsp;<em>\u00abL\u00e9gamo\u00bb&nbsp;<\/em>por Gilberto Marti Lelis S\u00e1nchez y Mar\u00eda de los \u00c1ngeles Polvo Mart\u00ednez; un panel; cuatro concursos y diversas presentaciones art\u00edsticas; as\u00ed como la tradicional presentaci\u00f3n de ofrendas y disfraces programadas para el d\u00eda viernes a partir de las 12 horas.<\/p>\n","protected":false},"excerpt":{"rendered":"<p>Para dar continuidad al tradicional festival \u00abLa muerte tiene permiso\u00bb, la Facultad de Filosof\u00eda y Letras de la Universidad Aut\u00f3noma de Tlaxcala (UATx), a trav\u00e9s de la Licenciatura en Lengua y Literatura Hispanoamericana, inici\u00f3 el programa de actividades correspondiente a la edici\u00f3n XXXIV in&nbsp;memoriam&nbsp;Axay\u00e1catl y Macuilxochitzin, las cuales concluyen el pr\u00f3ximo viernes 28 del presente. [&hellip;]<\/p>\n","protected":false},"author":1,"featured_media":101306,"comment_status":"open","ping_status":"open","sticky":false,"template":"","format":"standard","meta":{"footnotes":""},"categories":[10],"tags":[],"class_list":["post-101305","post","type-post","status-publish","format-standard","has-post-thumbnail","hentry","category-educacion"],"blog_post_layout_featured_media_urls":{"thumbnail":["https:\/\/diariolanoticia.com.mx\/wp-content\/uploads\/2022\/10\/26-Inicia-en-la-UATx-festival-La-muerte-tiene-permiso-216x160.jpg",216,160,true],"full":["https:\/\/diariolanoticia.com.mx\/wp-content\/uploads\/2022\/10\/26-Inicia-en-la-UATx-festival-La-muerte-tiene-permiso.jpg",2300,1533,false]},"categories_names":{"10":{"name":"Educaci\u00f3n","link":"https:\/\/diariolanoticia.com.mx\/?cat=10"}},"tags_names":[],"comments_number":"0","wpmagazine_modules_lite_featured_media_urls":{"thumbnail":["https:\/\/diariolanoticia.com.mx\/wp-content\/uploads\/2022\/10\/26-Inicia-en-la-UATx-festival-La-muerte-tiene-permiso-216x160.jpg",216,160,true],"cvmm-medium":["https:\/\/diariolanoticia.com.mx\/wp-content\/uploads\/2022\/10\/26-Inicia-en-la-UATx-festival-La-muerte-tiene-permiso-300x300.jpg",300,300,true],"cvmm-medium-plus":["https:\/\/diariolanoticia.com.mx\/wp-content\/uploads\/2022\/10\/26-Inicia-en-la-UATx-festival-La-muerte-tiene-permiso-305x207.jpg",305,207,true],"cvmm-portrait":["https:\/\/diariolanoticia.com.mx\/wp-content\/uploads\/2022\/10\/26-Inicia-en-la-UATx-festival-La-muerte-tiene-permiso-400x600.jpg",400,600,true],"cvmm-medium-square":["https:\/\/diariolanoticia.com.mx\/wp-content\/uploads\/2022\/10\/26-Inicia-en-la-UATx-festival-La-muerte-tiene-permiso-600x600.jpg",600,600,true],"cvmm-large":["https:\/\/diariolanoticia.com.mx\/wp-content\/uploads\/2022\/10\/26-Inicia-en-la-UATx-festival-La-muerte-tiene-permiso-1024x1024.jpg",1024,1024,true],"cvmm-small":["https:\/\/diariolanoticia.com.mx\/wp-content\/uploads\/2022\/10\/26-Inicia-en-la-UATx-festival-La-muerte-tiene-permiso-130x95.jpg",130,95,true],"full":["https:\/\/diariolanoticia.com.mx\/wp-content\/uploads\/2022\/10\/26-Inicia-en-la-UATx-festival-La-muerte-tiene-permiso.jpg",2300,1533,false]},"_links":{"self":[{"href":"https:\/\/diariolanoticia.com.mx\/index.php?rest_route=\/wp\/v2\/posts\/101305","targetHints":{"allow":["GET"]}}],"collection":[{"href":"https:\/\/diariolanoticia.com.mx\/index.php?rest_route=\/wp\/v2\/posts"}],"about":[{"href":"https:\/\/diariolanoticia.com.mx\/index.php?rest_route=\/wp\/v2\/types\/post"}],"author":[{"embeddable":true,"href":"https:\/\/diariolanoticia.com.mx\/index.php?rest_route=\/wp\/v2\/users\/1"}],"replies":[{"embeddable":true,"href":"https:\/\/diariolanoticia.com.mx\/index.php?rest_route=%2Fwp%2Fv2%2Fcomments&post=101305"}],"version-history":[{"count":1,"href":"https:\/\/diariolanoticia.com.mx\/index.php?rest_route=\/wp\/v2\/posts\/101305\/revisions"}],"predecessor-version":[{"id":101307,"href":"https:\/\/diariolanoticia.com.mx\/index.php?rest_route=\/wp\/v2\/posts\/101305\/revisions\/101307"}],"wp:featuredmedia":[{"embeddable":true,"href":"https:\/\/diariolanoticia.com.mx\/index.php?rest_route=\/wp\/v2\/media\/101306"}],"wp:attachment":[{"href":"https:\/\/diariolanoticia.com.mx\/index.php?rest_route=%2Fwp%2Fv2%2Fmedia&parent=101305"}],"wp:term":[{"taxonomy":"category","embeddable":true,"href":"https:\/\/diariolanoticia.com.mx\/index.php?rest_route=%2Fwp%2Fv2%2Fcategories&post=101305"},{"taxonomy":"post_tag","embeddable":true,"href":"https:\/\/diariolanoticia.com.mx\/index.php?rest_route=%2Fwp%2Fv2%2Ftags&post=101305"}],"curies":[{"name":"wp","href":"https:\/\/api.w.org\/{rel}","templated":true}]}}