{"id":101716,"date":"2022-11-09T09:55:08","date_gmt":"2022-11-09T15:55:08","guid":{"rendered":"https:\/\/diariolanoticia.com.mx\/?p=101716"},"modified":"2022-11-09T09:55:09","modified_gmt":"2022-11-09T15:55:09","slug":"participa-lorena-ruiz-garcia-en-trabajo-conjunto-con-el-iem","status":"publish","type":"post","link":"https:\/\/diariolanoticia.com.mx\/?p=101716","title":{"rendered":"Participa Lorena Ruiz Garc\u00eda en trabajo conjunto con el IEM"},"content":{"rendered":"\n<p>En un trabajo conjunto, la diputada local, Lorena Ru\u00edz Garc\u00eda, particip\u00f3 en la expo venta regional de la Red Estatal de Mujeres Emprendedoras, misma que se realiz\u00f3 en el municipio de Apizaco, bajo la coordinaci\u00f3n del Instituto Estatal de la Mujer (IEM), mediante su titular Margarita Cisneros Tzoni.<\/p>\n\n\n\n<p>Bajo la tem\u00e1tica \u00abJuntas escribiendo una nueva historia\u00bb, en la explanada del parque de la ciudad rielera, la legisladora detall\u00f3 que su participaci\u00f3n obedece a atender acciones de la Alerta de Violencia de G\u00e9nero en la entidad.<\/p>\n\n\n\n<p>Asimismo, la congresista reconoci\u00f3 el trabajo de las m\u00e1s de 80 mujeres emprendedoras participantes provenientes de diferentes puntos del estado de Tlaxcala, quienes se dedican a la elaboraci\u00f3n de dulces t\u00edpicos, bordado, productos derivados del cacao y joyer\u00eda, por citar algunas de sus actividades.<\/p>\n\n\n\n<p>La presidenta de la Comisi\u00f3n de Igualdad de G\u00e9nero y Contra la Trata de Personas, Lorena Ru\u00edz Garc\u00eda, refiri\u00f3 que se ha dado continuidad a la agenda de trabajo en referencia al empoderamiento de las mujeres, con el objetivo de proporcionarles informaci\u00f3n y herramientas para salir adelante.<\/p>\n\n\n\n<p>Finalmente, se dio a conocer que mediante estas estrategias de trabajo se ha logrado llegar y brindar capacitaci\u00f3n a m\u00e1s de 3 mil mujeres, quienes forman parte de las estrategias de autoempleo.<\/p>\n","protected":false},"excerpt":{"rendered":"<p>En un trabajo conjunto, la diputada local, Lorena Ru\u00edz Garc\u00eda, particip\u00f3 en la expo venta regional de la Red Estatal de Mujeres Emprendedoras, misma que se realiz\u00f3 en el municipio de Apizaco, bajo la coordinaci\u00f3n del Instituto Estatal de la Mujer (IEM), mediante su titular Margarita Cisneros Tzoni. Bajo la tem\u00e1tica \u00abJuntas escribiendo una nueva [&hellip;]<\/p>\n","protected":false},"author":1,"featured_media":101717,"comment_status":"open","ping_status":"open","sticky":false,"template":"","format":"standard","meta":{"footnotes":""},"categories":[22],"tags":[],"class_list":["post-101716","post","type-post","status-publish","format-standard","has-post-thumbnail","hentry","category-congreso"],"blog_post_layout_featured_media_urls":{"thumbnail":["https:\/\/diariolanoticia.com.mx\/wp-content\/uploads\/2022\/11\/DIP.-LORENA-RUIZ-1.2-216x160.jpg",216,160,true],"full":["https:\/\/diariolanoticia.com.mx\/wp-content\/uploads\/2022\/11\/DIP.-LORENA-RUIZ-1.2.jpg",1600,1200,false]},"categories_names":{"22":{"name":"Congreso","link":"https:\/\/diariolanoticia.com.mx\/?cat=22"}},"tags_names":[],"comments_number":"0","wpmagazine_modules_lite_featured_media_urls":{"thumbnail":["https:\/\/diariolanoticia.com.mx\/wp-content\/uploads\/2022\/11\/DIP.-LORENA-RUIZ-1.2-216x160.jpg",216,160,true],"cvmm-medium":["https:\/\/diariolanoticia.com.mx\/wp-content\/uploads\/2022\/11\/DIP.-LORENA-RUIZ-1.2-300x300.jpg",300,300,true],"cvmm-medium-plus":["https:\/\/diariolanoticia.com.mx\/wp-content\/uploads\/2022\/11\/DIP.-LORENA-RUIZ-1.2-305x207.jpg",305,207,true],"cvmm-portrait":["https:\/\/diariolanoticia.com.mx\/wp-content\/uploads\/2022\/11\/DIP.-LORENA-RUIZ-1.2-400x600.jpg",400,600,true],"cvmm-medium-square":["https:\/\/diariolanoticia.com.mx\/wp-content\/uploads\/2022\/11\/DIP.-LORENA-RUIZ-1.2-600x600.jpg",600,600,true],"cvmm-large":["https:\/\/diariolanoticia.com.mx\/wp-content\/uploads\/2022\/11\/DIP.-LORENA-RUIZ-1.2-1024x1024.jpg",1024,1024,true],"cvmm-small":["https:\/\/diariolanoticia.com.mx\/wp-content\/uploads\/2022\/11\/DIP.-LORENA-RUIZ-1.2-130x95.jpg",130,95,true],"full":["https:\/\/diariolanoticia.com.mx\/wp-content\/uploads\/2022\/11\/DIP.-LORENA-RUIZ-1.2.jpg",1600,1200,false]},"_links":{"self":[{"href":"https:\/\/diariolanoticia.com.mx\/index.php?rest_route=\/wp\/v2\/posts\/101716","targetHints":{"allow":["GET"]}}],"collection":[{"href":"https:\/\/diariolanoticia.com.mx\/index.php?rest_route=\/wp\/v2\/posts"}],"about":[{"href":"https:\/\/diariolanoticia.com.mx\/index.php?rest_route=\/wp\/v2\/types\/post"}],"author":[{"embeddable":true,"href":"https:\/\/diariolanoticia.com.mx\/index.php?rest_route=\/wp\/v2\/users\/1"}],"replies":[{"embeddable":true,"href":"https:\/\/diariolanoticia.com.mx\/index.php?rest_route=%2Fwp%2Fv2%2Fcomments&post=101716"}],"version-history":[{"count":1,"href":"https:\/\/diariolanoticia.com.mx\/index.php?rest_route=\/wp\/v2\/posts\/101716\/revisions"}],"predecessor-version":[{"id":101718,"href":"https:\/\/diariolanoticia.com.mx\/index.php?rest_route=\/wp\/v2\/posts\/101716\/revisions\/101718"}],"wp:featuredmedia":[{"embeddable":true,"href":"https:\/\/diariolanoticia.com.mx\/index.php?rest_route=\/wp\/v2\/media\/101717"}],"wp:attachment":[{"href":"https:\/\/diariolanoticia.com.mx\/index.php?rest_route=%2Fwp%2Fv2%2Fmedia&parent=101716"}],"wp:term":[{"taxonomy":"category","embeddable":true,"href":"https:\/\/diariolanoticia.com.mx\/index.php?rest_route=%2Fwp%2Fv2%2Fcategories&post=101716"},{"taxonomy":"post_tag","embeddable":true,"href":"https:\/\/diariolanoticia.com.mx\/index.php?rest_route=%2Fwp%2Fv2%2Ftags&post=101716"}],"curies":[{"name":"wp","href":"https:\/\/api.w.org\/{rel}","templated":true}]}}