{"id":101719,"date":"2022-11-09T09:56:39","date_gmt":"2022-11-09T15:56:39","guid":{"rendered":"https:\/\/diariolanoticia.com.mx\/?p=101719"},"modified":"2022-11-09T09:56:40","modified_gmt":"2022-11-09T15:56:40","slug":"declara-lxiv-legislatura-creador-emerito-en-el-arte-contemporaneo-nacional-al-dr-federico-silva","status":"publish","type":"post","link":"https:\/\/diariolanoticia.com.mx\/?p=101719","title":{"rendered":"Declara LXIV Legislatura \u00abcreador em\u00e9rito en el arte contempor\u00e1neo nacional al Dr. Federico Silva\u00bb\u00a0"},"content":{"rendered":"\n<p>Las y los legisladores integrantes de la LXIV Legislatura del Congreso del Estado, durante la vig\u00e9sima sesi\u00f3n ordinaria, aprobaron por mayor\u00eda de votos, declarar \u00abCreador em\u00e9rito en el arte contempor\u00e1neo nacional\u00bb al Dr. Federico silva, por su invaluable aportaci\u00f3n al arte, patrimonio inmaterial de los pueblos del mundo.<\/p>\n\n\n\n<p>De la iniciativa con car\u00e1cter de dictamen con proyecto de acuerdo, que present\u00f3 la Comisi\u00f3n de Educaci\u00f3n, Cultura, Ciencia y Tecnolog\u00eda, que preside la Diputada Laura Alejandra Ram\u00edrez Ortiz, se destac\u00f3 las contribuciones que las y los tlaxcaltecas han recibido del artista, cuyas obras son de orgullo y benepl\u00e1cito de las generaciones presentes y futuras, inspiradas en nuestra cultura, demostrando el cari\u00f1o y el arraigo por esta tierra de pan de ma\u00edz.<\/p>\n\n\n\n<p>\u00abResulta ineludible reconocer la obra, trayectoria y aportaciones de un artista que se ha convertido en referente del arte contempor\u00e1neo, como es el escultor y pintor Federico Silva, quien es autor de diversas obras que reflejan la experiencia en el manejo del espacio, el cual vincula de manera excepcional al ambiente y vida cotidiana de las personas\u00bb, expres\u00f3 la congresista en la m\u00e1xima tribuna del Estado.<\/p>\n\n\n\n<p>La declaraci\u00f3n se trata de un reconocimiento a la gran trayectoria, y en especial, a las manifestaciones que tuvo Federico Silva con el encanto de las tierras tlaxcaltecas, tanto por su cultura y su gente, mismas que forjaron su arraigo y cari\u00f1o, plasmado en las distintas piezas escult\u00f3ricas, ubicadas en la capital de Tlaxcala, como la escultura \u00abPiedra del Ma\u00edz\u00bb que don\u00f3, entre otras.<\/p>\n\n\n\n<p>En total apego a las facultades del Congreso del Estado, establecidas en el art\u00edculo 54 fracci\u00f3n XLII de la Constituci\u00f3n Pol\u00edtica del Estado libre y Soberano, por la que se faculta a esta Soberan\u00eda a declarar benem\u00e9ritos del Estado y otorgar t\u00edtulos honor\u00edficos a quienes se hayan distinguido por servicios eminentes, es que la LXIV aprob\u00f3 por mayor\u00eda de votos declarar \u00abCreador Em\u00e9rito en el arte contempor\u00e1neo nacional\u00bb al Dr. Federico Silva, cuyo reconocimiento deber\u00e1 ser entregado en una sesi\u00f3n extraordinaria p\u00fablica y solemne de este Poder Soberano.<\/p>\n","protected":false},"excerpt":{"rendered":"<p>Las y los legisladores integrantes de la LXIV Legislatura del Congreso del Estado, durante la vig\u00e9sima sesi\u00f3n ordinaria, aprobaron por mayor\u00eda de votos, declarar \u00abCreador em\u00e9rito en el arte contempor\u00e1neo nacional\u00bb al Dr. Federico silva, por su invaluable aportaci\u00f3n al arte, patrimonio inmaterial de los pueblos del mundo. De la iniciativa con car\u00e1cter de dictamen [&hellip;]<\/p>\n","protected":false},"author":1,"featured_media":101721,"comment_status":"open","ping_status":"open","sticky":false,"template":"","format":"standard","meta":{"footnotes":""},"categories":[22],"tags":[],"class_list":["post-101719","post","type-post","status-publish","format-standard","has-post-thumbnail","hentry","category-congreso"],"blog_post_layout_featured_media_urls":{"thumbnail":["https:\/\/diariolanoticia.com.mx\/wp-content\/uploads\/2022\/11\/DIP.-ALEJANDRA-RAMIREZ-ORTIZ-216x160.jpg",216,160,true],"full":["https:\/\/diariolanoticia.com.mx\/wp-content\/uploads\/2022\/11\/DIP.-ALEJANDRA-RAMIREZ-ORTIZ.jpg",1024,683,false]},"categories_names":{"22":{"name":"Congreso","link":"https:\/\/diariolanoticia.com.mx\/?cat=22"}},"tags_names":[],"comments_number":"0","wpmagazine_modules_lite_featured_media_urls":{"thumbnail":["https:\/\/diariolanoticia.com.mx\/wp-content\/uploads\/2022\/11\/DIP.-ALEJANDRA-RAMIREZ-ORTIZ-216x160.jpg",216,160,true],"cvmm-medium":["https:\/\/diariolanoticia.com.mx\/wp-content\/uploads\/2022\/11\/DIP.-ALEJANDRA-RAMIREZ-ORTIZ-300x300.jpg",300,300,true],"cvmm-medium-plus":["https:\/\/diariolanoticia.com.mx\/wp-content\/uploads\/2022\/11\/DIP.-ALEJANDRA-RAMIREZ-ORTIZ-305x207.jpg",305,207,true],"cvmm-portrait":["https:\/\/diariolanoticia.com.mx\/wp-content\/uploads\/2022\/11\/DIP.-ALEJANDRA-RAMIREZ-ORTIZ-400x600.jpg",400,600,true],"cvmm-medium-square":["https:\/\/diariolanoticia.com.mx\/wp-content\/uploads\/2022\/11\/DIP.-ALEJANDRA-RAMIREZ-ORTIZ-600x600.jpg",600,600,true],"cvmm-large":["https:\/\/diariolanoticia.com.mx\/wp-content\/uploads\/2022\/11\/DIP.-ALEJANDRA-RAMIREZ-ORTIZ.jpg",1024,683,false],"cvmm-small":["https:\/\/diariolanoticia.com.mx\/wp-content\/uploads\/2022\/11\/DIP.-ALEJANDRA-RAMIREZ-ORTIZ-130x95.jpg",130,95,true],"full":["https:\/\/diariolanoticia.com.mx\/wp-content\/uploads\/2022\/11\/DIP.-ALEJANDRA-RAMIREZ-ORTIZ.jpg",1024,683,false]},"_links":{"self":[{"href":"https:\/\/diariolanoticia.com.mx\/index.php?rest_route=\/wp\/v2\/posts\/101719","targetHints":{"allow":["GET"]}}],"collection":[{"href":"https:\/\/diariolanoticia.com.mx\/index.php?rest_route=\/wp\/v2\/posts"}],"about":[{"href":"https:\/\/diariolanoticia.com.mx\/index.php?rest_route=\/wp\/v2\/types\/post"}],"author":[{"embeddable":true,"href":"https:\/\/diariolanoticia.com.mx\/index.php?rest_route=\/wp\/v2\/users\/1"}],"replies":[{"embeddable":true,"href":"https:\/\/diariolanoticia.com.mx\/index.php?rest_route=%2Fwp%2Fv2%2Fcomments&post=101719"}],"version-history":[{"count":1,"href":"https:\/\/diariolanoticia.com.mx\/index.php?rest_route=\/wp\/v2\/posts\/101719\/revisions"}],"predecessor-version":[{"id":101722,"href":"https:\/\/diariolanoticia.com.mx\/index.php?rest_route=\/wp\/v2\/posts\/101719\/revisions\/101722"}],"wp:featuredmedia":[{"embeddable":true,"href":"https:\/\/diariolanoticia.com.mx\/index.php?rest_route=\/wp\/v2\/media\/101721"}],"wp:attachment":[{"href":"https:\/\/diariolanoticia.com.mx\/index.php?rest_route=%2Fwp%2Fv2%2Fmedia&parent=101719"}],"wp:term":[{"taxonomy":"category","embeddable":true,"href":"https:\/\/diariolanoticia.com.mx\/index.php?rest_route=%2Fwp%2Fv2%2Fcategories&post=101719"},{"taxonomy":"post_tag","embeddable":true,"href":"https:\/\/diariolanoticia.com.mx\/index.php?rest_route=%2Fwp%2Fv2%2Ftags&post=101719"}],"curies":[{"name":"wp","href":"https:\/\/api.w.org\/{rel}","templated":true}]}}