{"id":101750,"date":"2022-11-09T14:09:16","date_gmt":"2022-11-09T20:09:16","guid":{"rendered":"https:\/\/diariolanoticia.com.mx\/?p=101750"},"modified":"2022-11-09T14:09:18","modified_gmt":"2022-11-09T20:09:18","slug":"designan-al-diputado-miguel-angel-covarrubias-como-representante-del-poder-legislativo-ante-el-consejo-estatal-de-proteccion-civil","status":"publish","type":"post","link":"https:\/\/diariolanoticia.com.mx\/?p=101750","title":{"rendered":"Designan al Diputado Miguel \u00c1ngel Covarrubias como representante del Poder Legislativo ante el Consejo Estatal de Protecci\u00f3n Civil"},"content":{"rendered":"\n<p>Las y los legisladores integrantes de la LXIV Legislatura aprobaron por mayor\u00eda de votos la designaci\u00f3n del Diputado Miguel \u00c1ngel Covarrubias Cervantes, como representante del Congreso del Estado ante el Consejo Estatal de Protecci\u00f3n Civil, a fin de que se integre en car\u00e1cter de vocal.&nbsp;<\/p>\n\n\n\n<p>En la vig\u00e9sima sesi\u00f3n ordinaria se dio lectura a la propuesta con proyecto de acuerdo de las y los diputados integrantes de la Junta de Coordinaci\u00f3n y Concertaci\u00f3n Pol\u00edtica (JCCP), que preside la congresista Marcela Gonz\u00e1lez Castillo.&nbsp;<\/p>\n\n\n\n<p>De tal forma fue aprobado el dictamen que designa al legislador Miguel \u00c1ngel Covarrubias Cervantes, como representante de esta Soberan\u00eda en el Consejo Estatal, a fin de garantizar el cumplimiento de los objetivos del Sistema Estatal de Protecci\u00f3n Civil y con ello encaminar acciones de manera coordinada para la seguridad de las y los tlaxcaltecas.&nbsp;<\/p>\n\n\n\n<p>De acuerdo a la Ley de Protecci\u00f3n Civil del Estado de Tlaxcala, se establece la creaci\u00f3n del Consejo Estatal de Protecci\u00f3n Civil, que funge como \u00f3rgano de consulta, opini\u00f3n y coordinaci\u00f3n que tiene por objeto convocar, concertar, inducir e integrar actividades involucradas en la materia.<\/p>\n\n\n\n<p>Este \u00f3rgano se encuentra integrado por la titular del Poder Ejecutivo en calidad de presidenta, el Secretario de Gobierno como secretario ejecutivo, el director de la Coordinaci\u00f3n Estatal en calidad de secretario t\u00e9cnico; el representante del Congreso del Estado, cuatro representantes de los ayuntamientos, titulares de las dependencias federales y estatales que a consideraci\u00f3n del consejo deban integrarse, as\u00ed como los representantes de los grupos de voluntarios en calidad de vocales.&nbsp;<\/p>\n","protected":false},"excerpt":{"rendered":"<p>Las y los legisladores integrantes de la LXIV Legislatura aprobaron por mayor\u00eda de votos la designaci\u00f3n del Diputado Miguel \u00c1ngel Covarrubias Cervantes, como representante del Congreso del Estado ante el Consejo Estatal de Protecci\u00f3n Civil, a fin de que se integre en car\u00e1cter de vocal.&nbsp; En la vig\u00e9sima sesi\u00f3n ordinaria se dio lectura a la [&hellip;]<\/p>\n","protected":false},"author":1,"featured_media":101751,"comment_status":"open","ping_status":"open","sticky":false,"template":"","format":"standard","meta":{"footnotes":""},"categories":[22],"tags":[],"class_list":["post-101750","post","type-post","status-publish","format-standard","has-post-thumbnail","hentry","category-congreso"],"blog_post_layout_featured_media_urls":{"thumbnail":["https:\/\/diariolanoticia.com.mx\/wp-content\/uploads\/2022\/11\/VOTACION-REPRESENTACION-216x160.jpg",216,160,true],"full":["https:\/\/diariolanoticia.com.mx\/wp-content\/uploads\/2022\/11\/VOTACION-REPRESENTACION.jpg",2032,1524,false]},"categories_names":{"22":{"name":"Congreso","link":"https:\/\/diariolanoticia.com.mx\/?cat=22"}},"tags_names":[],"comments_number":"0","wpmagazine_modules_lite_featured_media_urls":{"thumbnail":["https:\/\/diariolanoticia.com.mx\/wp-content\/uploads\/2022\/11\/VOTACION-REPRESENTACION-216x160.jpg",216,160,true],"cvmm-medium":["https:\/\/diariolanoticia.com.mx\/wp-content\/uploads\/2022\/11\/VOTACION-REPRESENTACION-300x300.jpg",300,300,true],"cvmm-medium-plus":["https:\/\/diariolanoticia.com.mx\/wp-content\/uploads\/2022\/11\/VOTACION-REPRESENTACION-305x207.jpg",305,207,true],"cvmm-portrait":["https:\/\/diariolanoticia.com.mx\/wp-content\/uploads\/2022\/11\/VOTACION-REPRESENTACION-400x600.jpg",400,600,true],"cvmm-medium-square":["https:\/\/diariolanoticia.com.mx\/wp-content\/uploads\/2022\/11\/VOTACION-REPRESENTACION-600x600.jpg",600,600,true],"cvmm-large":["https:\/\/diariolanoticia.com.mx\/wp-content\/uploads\/2022\/11\/VOTACION-REPRESENTACION-1024x1024.jpg",1024,1024,true],"cvmm-small":["https:\/\/diariolanoticia.com.mx\/wp-content\/uploads\/2022\/11\/VOTACION-REPRESENTACION-130x95.jpg",130,95,true],"full":["https:\/\/diariolanoticia.com.mx\/wp-content\/uploads\/2022\/11\/VOTACION-REPRESENTACION.jpg",2032,1524,false]},"_links":{"self":[{"href":"https:\/\/diariolanoticia.com.mx\/index.php?rest_route=\/wp\/v2\/posts\/101750","targetHints":{"allow":["GET"]}}],"collection":[{"href":"https:\/\/diariolanoticia.com.mx\/index.php?rest_route=\/wp\/v2\/posts"}],"about":[{"href":"https:\/\/diariolanoticia.com.mx\/index.php?rest_route=\/wp\/v2\/types\/post"}],"author":[{"embeddable":true,"href":"https:\/\/diariolanoticia.com.mx\/index.php?rest_route=\/wp\/v2\/users\/1"}],"replies":[{"embeddable":true,"href":"https:\/\/diariolanoticia.com.mx\/index.php?rest_route=%2Fwp%2Fv2%2Fcomments&post=101750"}],"version-history":[{"count":1,"href":"https:\/\/diariolanoticia.com.mx\/index.php?rest_route=\/wp\/v2\/posts\/101750\/revisions"}],"predecessor-version":[{"id":101752,"href":"https:\/\/diariolanoticia.com.mx\/index.php?rest_route=\/wp\/v2\/posts\/101750\/revisions\/101752"}],"wp:featuredmedia":[{"embeddable":true,"href":"https:\/\/diariolanoticia.com.mx\/index.php?rest_route=\/wp\/v2\/media\/101751"}],"wp:attachment":[{"href":"https:\/\/diariolanoticia.com.mx\/index.php?rest_route=%2Fwp%2Fv2%2Fmedia&parent=101750"}],"wp:term":[{"taxonomy":"category","embeddable":true,"href":"https:\/\/diariolanoticia.com.mx\/index.php?rest_route=%2Fwp%2Fv2%2Fcategories&post=101750"},{"taxonomy":"post_tag","embeddable":true,"href":"https:\/\/diariolanoticia.com.mx\/index.php?rest_route=%2Fwp%2Fv2%2Ftags&post=101750"}],"curies":[{"name":"wp","href":"https:\/\/api.w.org\/{rel}","templated":true}]}}