{"id":101818,"date":"2022-11-10T09:52:42","date_gmt":"2022-11-10T15:52:42","guid":{"rendered":"https:\/\/diariolanoticia.com.mx\/?p=101818"},"modified":"2022-11-10T09:52:41","modified_gmt":"2022-11-10T15:52:41","slug":"eybar-marquez-protesta-como-consejero-estatal-de-cruz-roja-puebla","status":"publish","type":"post","link":"https:\/\/diariolanoticia.com.mx\/?p=101818","title":{"rendered":"Eybar M\u00e1rquez protesta como Consejero Estatal de Cruz Roja Puebla"},"content":{"rendered":"\n<figure class=\"wp-block-gallery has-nested-images columns-default is-cropped wp-block-gallery-1 is-layout-flex wp-block-gallery-is-layout-flex\">\n<figure class=\"wp-block-image\"><img loading=\"lazy\" decoding=\"async\" width=\"1024\" height=\"576\" data-id=\"101815\" src=\"https:\/\/diariolanoticia.com.mx\/wp-content\/uploads\/2022\/11\/mg_9221-1024x576.jpg\" alt=\"\" class=\"wp-image-101815\" srcset=\"https:\/\/diariolanoticia.com.mx\/wp-content\/uploads\/2022\/11\/mg_9221-1024x576.jpg 1024w, https:\/\/diariolanoticia.com.mx\/wp-content\/uploads\/2022\/11\/mg_9221-300x169.jpg 300w, https:\/\/diariolanoticia.com.mx\/wp-content\/uploads\/2022\/11\/mg_9221-768x432.jpg 768w, https:\/\/diariolanoticia.com.mx\/wp-content\/uploads\/2022\/11\/mg_9221.jpg 1500w\" sizes=\"auto, (max-width: 1024px) 100vw, 1024px\" \/><\/figure>\n\n\n\n<figure class=\"wp-block-image\"><img loading=\"lazy\" decoding=\"async\" width=\"1024\" height=\"576\" data-id=\"101816\" src=\"https:\/\/diariolanoticia.com.mx\/wp-content\/uploads\/2022\/11\/mg_9206-1024x576.jpg\" alt=\"\" class=\"wp-image-101816\" srcset=\"https:\/\/diariolanoticia.com.mx\/wp-content\/uploads\/2022\/11\/mg_9206-1024x576.jpg 1024w, https:\/\/diariolanoticia.com.mx\/wp-content\/uploads\/2022\/11\/mg_9206-300x169.jpg 300w, https:\/\/diariolanoticia.com.mx\/wp-content\/uploads\/2022\/11\/mg_9206-768x432.jpg 768w, https:\/\/diariolanoticia.com.mx\/wp-content\/uploads\/2022\/11\/mg_9206.jpg 1500w\" sizes=\"auto, (max-width: 1024px) 100vw, 1024px\" \/><\/figure>\n\n\n\n<figure class=\"wp-block-image\"><img loading=\"lazy\" decoding=\"async\" width=\"1024\" height=\"576\" data-id=\"101814\" src=\"https:\/\/diariolanoticia.com.mx\/wp-content\/uploads\/2022\/11\/mg_9174-1024x576.jpg\" alt=\"\" class=\"wp-image-101814\" srcset=\"https:\/\/diariolanoticia.com.mx\/wp-content\/uploads\/2022\/11\/mg_9174-1024x576.jpg 1024w, https:\/\/diariolanoticia.com.mx\/wp-content\/uploads\/2022\/11\/mg_9174-300x169.jpg 300w, https:\/\/diariolanoticia.com.mx\/wp-content\/uploads\/2022\/11\/mg_9174-768x432.jpg 768w, https:\/\/diariolanoticia.com.mx\/wp-content\/uploads\/2022\/11\/mg_9174.jpg 1500w\" sizes=\"auto, (max-width: 1024px) 100vw, 1024px\" \/><\/figure>\n\n\n\n<figure class=\"wp-block-image\"><img loading=\"lazy\" decoding=\"async\" width=\"1024\" height=\"576\" data-id=\"101817\" src=\"https:\/\/diariolanoticia.com.mx\/wp-content\/uploads\/2022\/11\/mg_9126-1024x576.jpg\" alt=\"\" class=\"wp-image-101817\" srcset=\"https:\/\/diariolanoticia.com.mx\/wp-content\/uploads\/2022\/11\/mg_9126-1024x576.jpg 1024w, https:\/\/diariolanoticia.com.mx\/wp-content\/uploads\/2022\/11\/mg_9126-300x169.jpg 300w, https:\/\/diariolanoticia.com.mx\/wp-content\/uploads\/2022\/11\/mg_9126-768x432.jpg 768w, https:\/\/diariolanoticia.com.mx\/wp-content\/uploads\/2022\/11\/mg_9126.jpg 1500w\" sizes=\"auto, (max-width: 1024px) 100vw, 1024px\" \/><\/figure>\n<\/figure>\n\n\n\n<p>Puebla.- A trav\u00e9s de este cargo se buscar\u00e1 mayor vinculaci\u00f3n y firma de convenios con Instituciones Educativas, Empresas y comercios para fortalecer a la Instituci\u00f3n.<\/p>\n\n\n\n<p>Cruz Roja Mexicana Zacatl\u00e1n, ya cuenta con los servicios de atenci\u00f3n m\u00e9dica prehospitalaria como; Instalaciones y consultorios rehabilitados, Ambulancias, Medicamento, An\u00e1lisis Cl\u00ednicos, Atenci\u00f3n Medica y de Enfermer\u00eda.<\/p>\n\n\n\n<p>Puebla.- En estricto cumplimiento en los estatutos nacionales y con el firme prop\u00f3sito de alcanzar los objetivos que percibe la Estrategia 2030, se llev\u00f3 acabo la Toma de Protesta de las y los nuevos integrantes del Consejo Directivo Estatal de la Cruz Roja Mexicana en Puebla.<\/p>\n\n\n\n<p>En este sentido y por el destacado trabajo concretado en el primer trimestre de la administraci\u00f3n al frente de la delegaci\u00f3n en Zacatl\u00e1n de la Cruz Roja Mexicana, el Presidente del Consejo local Eybar M\u00e1rquez Manzano, fue invitado para formar parte de este Consejo Estatal de la instituci\u00f3n humanitaria.<\/p>\n\n\n\n<p>Este cuerpo colegiado acompa\u00f1ar\u00e1 durante su gesti\u00f3n a la Delegada, Paula Margit Anneli Saukko Alanen, en la toma de decisiones que contribuyan a la organizaci\u00f3n, operaci\u00f3n, asuntos financieros y temas de relevancia que impacten en el crecimiento de la instituci\u00f3n.<\/p>\n\n\n\n<p>En entrevista, M\u00e1rquez Manzano agradeci\u00f3 la distinci\u00f3n, de la que dijo, asumir\u00e1 con el \u00fanico compromiso de sumarse al apoyo social de la benem\u00e9rita instituci\u00f3n, en los planes de preservar la salud, la vida y aliviar el sufrimiento humano.<\/p>\n\n\n\n<p>Agreg\u00f3 que, en los \u00faltimos meses, ha enfrentado con seriedad uno de los retos m\u00e1s importantes en su actividad personal, la reactivaci\u00f3n de la Cruz Roja Zacatl\u00e1n, desaf\u00edo que ha sido posible gracias a la participaci\u00f3n de la sociedad y autoridades.<\/p>\n\n\n\n<p>Finalmente, destac\u00f3 que con institucionalidad y compromiso se unir\u00e1 al trabajo de la Cruz Roja Estatal, quien coordina 17 delegaciones locales, distribuidas en seis regiones del territorio poblano.<\/p>\n\n\n\n<p>La toma de protesta corri\u00f3 a cargo de Horacio Lopez Flores, Sub Director Nacional de Delegaciones y Delegada Estatal, Paula Saukko.<\/p>\n","protected":false},"excerpt":{"rendered":"<p>Puebla.- A trav\u00e9s de este cargo se buscar\u00e1 mayor vinculaci\u00f3n y firma de convenios con Instituciones Educativas, Empresas y comercios para fortalecer a la Instituci\u00f3n. Cruz Roja Mexicana Zacatl\u00e1n, ya cuenta con los servicios de atenci\u00f3n m\u00e9dica prehospitalaria como; Instalaciones y consultorios rehabilitados, Ambulancias, Medicamento, An\u00e1lisis Cl\u00ednicos, Atenci\u00f3n Medica y de Enfermer\u00eda. Puebla.- En estricto [&hellip;]<\/p>\n","protected":false},"author":1,"featured_media":101813,"comment_status":"open","ping_status":"open","sticky":false,"template":"","format":"standard","meta":{"footnotes":""},"categories":[20],"tags":[52],"class_list":["post-101818","post","type-post","status-publish","format-standard","has-post-thumbnail","hentry","category-norte-de-puebla","tag-puebla"],"blog_post_layout_featured_media_urls":{"thumbnail":["https:\/\/diariolanoticia.com.mx\/wp-content\/uploads\/2022\/11\/mg_9158-216x160.jpg",216,160,true],"full":["https:\/\/diariolanoticia.com.mx\/wp-content\/uploads\/2022\/11\/mg_9158.jpg",1500,844,false]},"categories_names":{"20":{"name":"Norte de Puebla","link":"https:\/\/diariolanoticia.com.mx\/?cat=20"}},"tags_names":{"52":{"name":"Puebla","link":"https:\/\/diariolanoticia.com.mx\/?tag=puebla"}},"comments_number":"0","wpmagazine_modules_lite_featured_media_urls":{"thumbnail":["https:\/\/diariolanoticia.com.mx\/wp-content\/uploads\/2022\/11\/mg_9158-216x160.jpg",216,160,true],"cvmm-medium":["https:\/\/diariolanoticia.com.mx\/wp-content\/uploads\/2022\/11\/mg_9158-300x300.jpg",300,300,true],"cvmm-medium-plus":["https:\/\/diariolanoticia.com.mx\/wp-content\/uploads\/2022\/11\/mg_9158-305x207.jpg",305,207,true],"cvmm-portrait":["https:\/\/diariolanoticia.com.mx\/wp-content\/uploads\/2022\/11\/mg_9158-400x600.jpg",400,600,true],"cvmm-medium-square":["https:\/\/diariolanoticia.com.mx\/wp-content\/uploads\/2022\/11\/mg_9158-600x600.jpg",600,600,true],"cvmm-large":["https:\/\/diariolanoticia.com.mx\/wp-content\/uploads\/2022\/11\/mg_9158-1024x844.jpg",1024,844,true],"cvmm-small":["https:\/\/diariolanoticia.com.mx\/wp-content\/uploads\/2022\/11\/mg_9158-130x95.jpg",130,95,true],"full":["https:\/\/diariolanoticia.com.mx\/wp-content\/uploads\/2022\/11\/mg_9158.jpg",1500,844,false]},"_links":{"self":[{"href":"https:\/\/diariolanoticia.com.mx\/index.php?rest_route=\/wp\/v2\/posts\/101818","targetHints":{"allow":["GET"]}}],"collection":[{"href":"https:\/\/diariolanoticia.com.mx\/index.php?rest_route=\/wp\/v2\/posts"}],"about":[{"href":"https:\/\/diariolanoticia.com.mx\/index.php?rest_route=\/wp\/v2\/types\/post"}],"author":[{"embeddable":true,"href":"https:\/\/diariolanoticia.com.mx\/index.php?rest_route=\/wp\/v2\/users\/1"}],"replies":[{"embeddable":true,"href":"https:\/\/diariolanoticia.com.mx\/index.php?rest_route=%2Fwp%2Fv2%2Fcomments&post=101818"}],"version-history":[{"count":1,"href":"https:\/\/diariolanoticia.com.mx\/index.php?rest_route=\/wp\/v2\/posts\/101818\/revisions"}],"predecessor-version":[{"id":101819,"href":"https:\/\/diariolanoticia.com.mx\/index.php?rest_route=\/wp\/v2\/posts\/101818\/revisions\/101819"}],"wp:featuredmedia":[{"embeddable":true,"href":"https:\/\/diariolanoticia.com.mx\/index.php?rest_route=\/wp\/v2\/media\/101813"}],"wp:attachment":[{"href":"https:\/\/diariolanoticia.com.mx\/index.php?rest_route=%2Fwp%2Fv2%2Fmedia&parent=101818"}],"wp:term":[{"taxonomy":"category","embeddable":true,"href":"https:\/\/diariolanoticia.com.mx\/index.php?rest_route=%2Fwp%2Fv2%2Fcategories&post=101818"},{"taxonomy":"post_tag","embeddable":true,"href":"https:\/\/diariolanoticia.com.mx\/index.php?rest_route=%2Fwp%2Fv2%2Ftags&post=101818"}],"curies":[{"name":"wp","href":"https:\/\/api.w.org\/{rel}","templated":true}]}}