{"id":102176,"date":"2022-11-17T18:18:25","date_gmt":"2022-11-18T00:18:25","guid":{"rendered":"https:\/\/diariolanoticia.com.mx\/?p=102176"},"modified":"2022-11-17T18:18:26","modified_gmt":"2022-11-18T00:18:26","slug":"en-conjunto-con-sector-textil-gobierno-de-puebla-fortalece-acciones-a-favor-del-medio-ambiente","status":"publish","type":"post","link":"https:\/\/diariolanoticia.com.mx\/?p=102176","title":{"rendered":"En conjunto con sector textil, Gobierno de Puebla fortalece acciones a favor del medio ambiente"},"content":{"rendered":"\n<p>-El gobernador Miguel Barbosa Huerta presidi\u00f3 la firma Convenio de Colaboraci\u00f3n en materia de Desarrollo Sustentable con Empresas del Ramo Textil<\/p>\n\n\n\n<p>-Anunci\u00f3 que promover\u00e1 una iniciativa de ley para que los ayuntamientos ampl\u00eden sus atribuciones y puedan intervenir cuando una compa\u00f1\u00eda contamine<\/p>\n\n\n\n<p>CIUDAD DE PUEBLA, Pue. \u2013 Desde el inicio, la actual administraci\u00f3n estatal ha llevado a cabo acciones para evitar perjuicios al medio ambiente y sanear el r\u00edo Atoyac, puntualiz\u00f3 el gobernador Miguel Barbosa Huerta al presidir la firma Convenio de Colaboraci\u00f3n en materia de Desarrollo Sustentable con Empresas del Ramo Textil, que tiene como objetivo reforzar las acciones para reducir los impactos negativos al ecosistema.<\/p>\n\n\n\n<p>En su mensaje, el titular del Ejecutivo recalc\u00f3 que su gobierno, a trav\u00e9s de la Secretar\u00eda de Medio Ambiente, Desarrollo Sustentable y Ordenamiento Territorial, mantendr\u00e1 supervisiones para que las compa\u00f1\u00edas cumplan con la ley en materia ambiental y no cometan actos que vulneren a la naturaleza como descargar ilegalmente aguas residuales.<\/p>\n\n\n\n<p>Anunci\u00f3 que promover\u00e1 una iniciativa de ley para que los ayuntamientos ampl\u00eden sus atribuciones y puedan intervenir cuando una compa\u00f1\u00eda contamine. Dijo que esta acci\u00f3n, permitir\u00e1 que exista una mayor supervisi\u00f3n y generar\u00e1 un mayor compromiso de todas las autoridades a favor del medio ambiente.<\/p>\n\n\n\n<p>Barbosa Huerta reconoci\u00f3 a los representantes del sector textil por su disposici\u00f3n para que las empresas no contaminen y as\u00ed, puedan reducirse los impactos negativos a la naturaleza.<\/p>\n\n\n\n<p><strong>ACUERDO, UN EJEMPLO PARA TODO EL PA\u00cdS: CANAINTEX<\/strong><\/p>\n\n\n\n<p>El presidente de la C\u00e1mara Nacional de la Industria Textil (CANAINTEX), Manuel Espinosa Maurer destac\u00f3 que el trabajo conjunto entre el ramo y el gobierno estatal es un ejemplo para otros estados del pa\u00eds, ya que existe voluntad de ambas partes para evitar los perjuicios al medio ambiente.<\/p>\n\n\n\n<p>A\u00f1adi\u00f3 que el acuerdo conlleva a una responsabilidad de todas las partes, por lo que, en cuesti\u00f3n empresarial, reforzar\u00e1 la disposici\u00f3n de invertir en plantas para evitar contaminantes y promover estrategias con la finalidad de proteger los recursos naturales.<\/p>\n\n\n\n<p><strong>VOLUNTAD Y ENTEREZA DEL GOBIERNO CONTRA PROBLEMAS AMBIENTALES: MANRIQUE<\/strong><\/p>\n\n\n\n<p>La secretaria de Medio Ambiente, Desarrollo Sustentable y Ordenamiento Territorial, Beatriz Manrique Guevara resalt\u00f3 que el gobierno de Puebla tiene la voluntad y entereza para afrontar los problemas que afectan los recursos naturales, en particular la contaminaci\u00f3n de r\u00edos, arroyos y acu\u00edferos. Estableci\u00f3 que el acuerdo representa la necesidad de velar por la protecci\u00f3n a la diversidad ecosist\u00e9mica, misma que proporciona no solo un medio ambiente sano para el bienestar de sus habitantes, sino tambi\u00e9n condiciones adecuadas para el desarrollo del sector productivo.<\/p>\n\n\n\n<p>La funcionaria advirti\u00f3 que ya no hay m\u00e1s tiempo ni tregua para revertir da\u00f1os medioambientales; de no asumirse ahora las medidas correctivas, la pr\u00f3xima generaci\u00f3n podr\u00eda enfrentar crisis profunda y altos riesgos.<\/p>\n\n\n\n<p>A nombre de los ediles firmantes, la alcaldesa de Huejotzingo, Ang\u00e9lica Alvarado Ju\u00e1rez coment\u00f3 que el acuerdo con el sector textil, refleja el inter\u00e9s del gobierno que encabeza Miguel Barbosa Huerta de cuidar el medio ambiente, as\u00ed como de los municipios y empresarios por el desarrollo sustentable que concilie las dimensiones econ\u00f3micas y sociales. Agreg\u00f3 que, actualmente, es necesario que autoridades y empresas coadyuven para fortalecer las labores para la preservaci\u00f3n de los recursos h\u00eddricos.<\/p>\n\n\n\n<p><strong>REFRENDA CONVENIO COMPROMISO DEL SECTOR TEXTIL PARA OPERAR CONFORME A LA LEY: CITEX<\/strong><\/p>\n\n\n\n<p>Jorge Moreno Rojas, presidente de la C\u00e1mara de la Industria Textil Puebla \/Tlaxcala (CITEX), manifest\u00f3 que el convenio refrenda el compromiso de dicho sector en la entidad para operar con estricto apego a la ley e impulsar estrategias que coadyuven a preservar el medio ambiente.<\/p>\n\n\n\n<p>Reconoci\u00f3 la disposici\u00f3n de la actual administraci\u00f3n estatal de ejecutar iniciativas ambientales, por lo que reiter\u00f3 la disposici\u00f3n de trabajar coordinadamente con la autoridad para impedir los da\u00f1os al ecosistema.<\/p>\n\n\n\n<p><strong>COADYUVA CONAGUA CON GOBIERNO ESTATAL PARA SANEAR R\u00cdO ATOYAC<\/strong><\/p>\n\n\n\n<p>Germ\u00e1n Arturo Mart\u00ednez Santoyo, director general de la Comisi\u00f3n Nacional del Agua (CONAGUA), reafirm\u00f3 que el organismo a su cargo coadyuva conjuntamente con el gobierno de Puebla para cuidar el medio ambiente y sanear el r\u00edo Atoyac. Reconoci\u00f3 al titular del Ejecutivo estatal por impulsar acciones para impedir que el agua de los r\u00edos en la entidad siga contamin\u00e1ndose, labor que no solo beneficia al medio ambiente sino al bienestar de la poblaci\u00f3n.<\/p>\n\n\n\n<p>En la firma de convenio estuvieron presentes la secretaria de Econom\u00eda, Olivia Salom\u00f3n; empresarios del sector textil; los alcaldes de Puebla, Eduardo Rivera P\u00e9rez; Tehuac\u00e1n, Pedro Tepole Hern\u00e1ndez; Teziutl\u00e1n, Carlos Peredo Grau; Santiago Miahuatl\u00e1n, Omar Eulogio Toledo Balderas; San Pedro Cholula, Paola Ang\u00f3n Silva; Juan C. Bonilla, Jos\u00e9 Cinto Bernal y San Salvador el Verde, Gregorio Ojeda Ojeda.<\/p>\n\n\n\n<p>Asimismo, el encargado de la oficina de representaci\u00f3n de la Secretar\u00eda de Medio Ambiente y Recursos Naturales (SEMARNAT) en Puebla, Fernando Silva Triste y Gustavo Gayt\u00e1n Alcaraz, director general del Sistema Operador de Agua Potable y Alcantarillado de Puebla.<\/p>\n","protected":false},"excerpt":{"rendered":"<p>-El gobernador Miguel Barbosa Huerta presidi\u00f3 la firma Convenio de Colaboraci\u00f3n en materia de Desarrollo Sustentable con Empresas del Ramo Textil -Anunci\u00f3 que promover\u00e1 una iniciativa de ley para que los ayuntamientos ampl\u00eden sus atribuciones y puedan intervenir cuando una compa\u00f1\u00eda contamine CIUDAD DE PUEBLA, Pue. \u2013 Desde el inicio, la actual administraci\u00f3n estatal ha [&hellip;]<\/p>\n","protected":false},"author":1,"featured_media":102175,"comment_status":"open","ping_status":"open","sticky":false,"template":"","format":"standard","meta":{"footnotes":""},"categories":[20],"tags":[52],"class_list":["post-102176","post","type-post","status-publish","format-standard","has-post-thumbnail","hentry","category-norte-de-puebla","tag-puebla"],"blog_post_layout_featured_media_urls":{"thumbnail":["https:\/\/diariolanoticia.com.mx\/wp-content\/uploads\/2022\/11\/img_0614-216x160.jpg",216,160,true],"full":["https:\/\/diariolanoticia.com.mx\/wp-content\/uploads\/2022\/11\/img_0614.jpg",1125,709,false]},"categories_names":{"20":{"name":"Norte de Puebla","link":"https:\/\/diariolanoticia.com.mx\/?cat=20"}},"tags_names":{"52":{"name":"Puebla","link":"https:\/\/diariolanoticia.com.mx\/?tag=puebla"}},"comments_number":"0","wpmagazine_modules_lite_featured_media_urls":{"thumbnail":["https:\/\/diariolanoticia.com.mx\/wp-content\/uploads\/2022\/11\/img_0614-216x160.jpg",216,160,true],"cvmm-medium":["https:\/\/diariolanoticia.com.mx\/wp-content\/uploads\/2022\/11\/img_0614-300x300.jpg",300,300,true],"cvmm-medium-plus":["https:\/\/diariolanoticia.com.mx\/wp-content\/uploads\/2022\/11\/img_0614-305x207.jpg",305,207,true],"cvmm-portrait":["https:\/\/diariolanoticia.com.mx\/wp-content\/uploads\/2022\/11\/img_0614-400x600.jpg",400,600,true],"cvmm-medium-square":["https:\/\/diariolanoticia.com.mx\/wp-content\/uploads\/2022\/11\/img_0614-600x600.jpg",600,600,true],"cvmm-large":["https:\/\/diariolanoticia.com.mx\/wp-content\/uploads\/2022\/11\/img_0614-1024x709.jpg",1024,709,true],"cvmm-small":["https:\/\/diariolanoticia.com.mx\/wp-content\/uploads\/2022\/11\/img_0614-130x95.jpg",130,95,true],"full":["https:\/\/diariolanoticia.com.mx\/wp-content\/uploads\/2022\/11\/img_0614.jpg",1125,709,false]},"_links":{"self":[{"href":"https:\/\/diariolanoticia.com.mx\/index.php?rest_route=\/wp\/v2\/posts\/102176","targetHints":{"allow":["GET"]}}],"collection":[{"href":"https:\/\/diariolanoticia.com.mx\/index.php?rest_route=\/wp\/v2\/posts"}],"about":[{"href":"https:\/\/diariolanoticia.com.mx\/index.php?rest_route=\/wp\/v2\/types\/post"}],"author":[{"embeddable":true,"href":"https:\/\/diariolanoticia.com.mx\/index.php?rest_route=\/wp\/v2\/users\/1"}],"replies":[{"embeddable":true,"href":"https:\/\/diariolanoticia.com.mx\/index.php?rest_route=%2Fwp%2Fv2%2Fcomments&post=102176"}],"version-history":[{"count":1,"href":"https:\/\/diariolanoticia.com.mx\/index.php?rest_route=\/wp\/v2\/posts\/102176\/revisions"}],"predecessor-version":[{"id":102177,"href":"https:\/\/diariolanoticia.com.mx\/index.php?rest_route=\/wp\/v2\/posts\/102176\/revisions\/102177"}],"wp:featuredmedia":[{"embeddable":true,"href":"https:\/\/diariolanoticia.com.mx\/index.php?rest_route=\/wp\/v2\/media\/102175"}],"wp:attachment":[{"href":"https:\/\/diariolanoticia.com.mx\/index.php?rest_route=%2Fwp%2Fv2%2Fmedia&parent=102176"}],"wp:term":[{"taxonomy":"category","embeddable":true,"href":"https:\/\/diariolanoticia.com.mx\/index.php?rest_route=%2Fwp%2Fv2%2Fcategories&post=102176"},{"taxonomy":"post_tag","embeddable":true,"href":"https:\/\/diariolanoticia.com.mx\/index.php?rest_route=%2Fwp%2Fv2%2Ftags&post=102176"}],"curies":[{"name":"wp","href":"https:\/\/api.w.org\/{rel}","templated":true}]}}