{"id":102461,"date":"2022-11-24T13:44:43","date_gmt":"2022-11-24T19:44:43","guid":{"rendered":"https:\/\/diariolanoticia.com.mx\/?p=102461"},"modified":"2022-11-24T13:44:44","modified_gmt":"2022-11-24T19:44:44","slug":"invita-ayuntamiento-de-huamantla-a-participar-en-la-biblioteca-nocturna","status":"publish","type":"post","link":"https:\/\/diariolanoticia.com.mx\/?p=102461","title":{"rendered":"Invita ayuntamiento de Huamantla a participar en la biblioteca nocturna"},"content":{"rendered":"\n<p>\u2022 La entrada ser\u00e1 totalmente libre, con actividades l\u00fadicas y recreativas.<\/p>\n\n\n\n<p>Con el prop\u00f3sito de acercar los espacios educativos y culturales a la ciudadan\u00eda, el H. Ayuntamiento de Huamantla que preside Salvador Santos Cedillo, a trav\u00e9s de la Coordinaci\u00f3n municipal de Educaci\u00f3n, llevar\u00e1n a cabo la \u201cBiblioteca Nocturna\u201d, este viernes 25 a las 18:00 horas en la Biblioteca Municipal.<\/p>\n\n\n\n<p>La coordinadora de educaci\u00f3n del ayuntamiento, Carmen S\u00e1nchez Cervantes detall\u00f3 que habr\u00e1 actividades l\u00fadicas, de lectura, y se encender\u00e1 una fogata, entre otras sorpresas para todos los participantes.<\/p>\n\n\n\n<p>\u201cCon actividades como \u00e9sta, se estar\u00e1 fomentando el h\u00e1bito de la lectura en ni\u00f1as, ni\u00f1os, adolescentes y adultos, a trav\u00e9s de actividades recreativas y l\u00fadicas al interior de la biblioteca, para que los usuarios la conozcan y aprecien\u201d, coment\u00f3.<\/p>\n\n\n\n<p>Adem\u00e1s de lo anterior, en la administraci\u00f3n del presidente municipal, Salvador Santos Cedillo, se han ejecutado acciones de impulso a la educaci\u00f3n que benefician a las 39 comunidades del municipio, por medio de las 19 bibliotecas con las que cuenta Huamantla, as\u00ed como la entrega de computadoras, tabletas electr\u00f3nicas y mejoramiento de la infraestructura escolar.<\/p>\n\n\n\n<p>La entrada a la \u201cBiblioteca Nocturna\u201d, ser\u00e1 totalmente gratuita y dirigida a todos los sectores de la poblaci\u00f3n, con una duraci\u00f3n de tres horas; la biblioteca municipal, est\u00e1 ubicada en calle Reforma Norte #223, en la cabecera municipal.<\/p>\n","protected":false},"excerpt":{"rendered":"<p>\u2022 La entrada ser\u00e1 totalmente libre, con actividades l\u00fadicas y recreativas. Con el prop\u00f3sito de acercar los espacios educativos y culturales a la ciudadan\u00eda, el H. Ayuntamiento de Huamantla que preside Salvador Santos Cedillo, a trav\u00e9s de la Coordinaci\u00f3n municipal de Educaci\u00f3n, llevar\u00e1n a cabo la \u201cBiblioteca Nocturna\u201d, este viernes 25 a las 18:00 horas [&hellip;]<\/p>\n","protected":false},"author":1,"featured_media":102462,"comment_status":"open","ping_status":"open","sticky":false,"template":"","format":"standard","meta":{"footnotes":""},"categories":[219],"tags":[],"class_list":["post-102461","post","type-post","status-publish","format-standard","has-post-thumbnail","hentry","category-huamantla"],"blog_post_layout_featured_media_urls":{"thumbnail":["https:\/\/diariolanoticia.com.mx\/wp-content\/uploads\/2022\/11\/WhatsApp-Image-2022-11-24-at-1.39.28-PM-216x160.jpeg",216,160,true],"full":["https:\/\/diariolanoticia.com.mx\/wp-content\/uploads\/2022\/11\/WhatsApp-Image-2022-11-24-at-1.39.28-PM.jpeg",1280,853,false]},"categories_names":{"219":{"name":"Huamantla","link":"https:\/\/diariolanoticia.com.mx\/?cat=219"}},"tags_names":[],"comments_number":"0","wpmagazine_modules_lite_featured_media_urls":{"thumbnail":["https:\/\/diariolanoticia.com.mx\/wp-content\/uploads\/2022\/11\/WhatsApp-Image-2022-11-24-at-1.39.28-PM-216x160.jpeg",216,160,true],"cvmm-medium":["https:\/\/diariolanoticia.com.mx\/wp-content\/uploads\/2022\/11\/WhatsApp-Image-2022-11-24-at-1.39.28-PM-300x300.jpeg",300,300,true],"cvmm-medium-plus":["https:\/\/diariolanoticia.com.mx\/wp-content\/uploads\/2022\/11\/WhatsApp-Image-2022-11-24-at-1.39.28-PM-305x207.jpeg",305,207,true],"cvmm-portrait":["https:\/\/diariolanoticia.com.mx\/wp-content\/uploads\/2022\/11\/WhatsApp-Image-2022-11-24-at-1.39.28-PM-400x600.jpeg",400,600,true],"cvmm-medium-square":["https:\/\/diariolanoticia.com.mx\/wp-content\/uploads\/2022\/11\/WhatsApp-Image-2022-11-24-at-1.39.28-PM-600x600.jpeg",600,600,true],"cvmm-large":["https:\/\/diariolanoticia.com.mx\/wp-content\/uploads\/2022\/11\/WhatsApp-Image-2022-11-24-at-1.39.28-PM-1024x853.jpeg",1024,853,true],"cvmm-small":["https:\/\/diariolanoticia.com.mx\/wp-content\/uploads\/2022\/11\/WhatsApp-Image-2022-11-24-at-1.39.28-PM-130x95.jpeg",130,95,true],"full":["https:\/\/diariolanoticia.com.mx\/wp-content\/uploads\/2022\/11\/WhatsApp-Image-2022-11-24-at-1.39.28-PM.jpeg",1280,853,false]},"_links":{"self":[{"href":"https:\/\/diariolanoticia.com.mx\/index.php?rest_route=\/wp\/v2\/posts\/102461","targetHints":{"allow":["GET"]}}],"collection":[{"href":"https:\/\/diariolanoticia.com.mx\/index.php?rest_route=\/wp\/v2\/posts"}],"about":[{"href":"https:\/\/diariolanoticia.com.mx\/index.php?rest_route=\/wp\/v2\/types\/post"}],"author":[{"embeddable":true,"href":"https:\/\/diariolanoticia.com.mx\/index.php?rest_route=\/wp\/v2\/users\/1"}],"replies":[{"embeddable":true,"href":"https:\/\/diariolanoticia.com.mx\/index.php?rest_route=%2Fwp%2Fv2%2Fcomments&post=102461"}],"version-history":[{"count":1,"href":"https:\/\/diariolanoticia.com.mx\/index.php?rest_route=\/wp\/v2\/posts\/102461\/revisions"}],"predecessor-version":[{"id":102463,"href":"https:\/\/diariolanoticia.com.mx\/index.php?rest_route=\/wp\/v2\/posts\/102461\/revisions\/102463"}],"wp:featuredmedia":[{"embeddable":true,"href":"https:\/\/diariolanoticia.com.mx\/index.php?rest_route=\/wp\/v2\/media\/102462"}],"wp:attachment":[{"href":"https:\/\/diariolanoticia.com.mx\/index.php?rest_route=%2Fwp%2Fv2%2Fmedia&parent=102461"}],"wp:term":[{"taxonomy":"category","embeddable":true,"href":"https:\/\/diariolanoticia.com.mx\/index.php?rest_route=%2Fwp%2Fv2%2Fcategories&post=102461"},{"taxonomy":"post_tag","embeddable":true,"href":"https:\/\/diariolanoticia.com.mx\/index.php?rest_route=%2Fwp%2Fv2%2Ftags&post=102461"}],"curies":[{"name":"wp","href":"https:\/\/api.w.org\/{rel}","templated":true}]}}