{"id":102464,"date":"2022-11-24T13:46:30","date_gmt":"2022-11-24T19:46:30","guid":{"rendered":"https:\/\/diariolanoticia.com.mx\/?p=102464"},"modified":"2022-11-24T13:46:31","modified_gmt":"2022-11-24T19:46:31","slug":"ayuntamiento-de-puebla-lanza-convocatoria-empresas-poblanas-de-10","status":"publish","type":"post","link":"https:\/\/diariolanoticia.com.mx\/?p=102464","title":{"rendered":"Ayuntamiento de Puebla lanza convocatoria \u00abEmpresas poblanas de 10\u00bb"},"content":{"rendered":"\n<ul class=\"wp-block-list\"><li>Ser\u00e1 hasta el 2 de diciembre que se recibir\u00e1n hasta 100 postulaciones de negocios interesados en obtener esta insignia.<\/li><\/ul>\n\n\n\n<p>En la Angel\u00f3polis, el sector empresarial de todos los giros, bienes y servicios tendr\u00e1 la oportunidad de sumar un nuevo sello distintivo de reconocimiento, el de \u201cEmpresas Poblanas de 10\u201d; iniciativa del Ayuntamiento de Puebla que busca distinguir a 70 compa\u00f1\u00edas locales por su trayectoria, compromiso social, aportaciones a las cadenas de valor, calidad en sus procesos y por la generaci\u00f3n de empleos.<\/p>\n\n\n\n<p>As\u00ed lo present\u00f3 en rueda de prensa Joan Borbolla Ballesca, Director de Competitividad y Desarrollo Empresarial de la Secretar\u00eda de Econom\u00eda y Turismo, quien detall\u00f3 que ser\u00e1 hasta el 2 de diciembre que se recibir\u00e1n hasta 100 postulaciones de negocios interesados en obtener esta insignia, a trav\u00e9s del sitio https:\/\/forms.gle\/cfMC7YW7zyLEC3ZK8.<\/p>\n\n\n\n<p>\u201cComo Ayuntamiento de Puebla queremos reconocer a todas esas empresas que han tenido un arraigo en la ciudadan\u00eda poblana, en la econom\u00eda, en el desarrollo de la ciudad [\u2026] que han sido empresas que han crecido de la mano de la ciudadan\u00eda, que han mostrado su compromiso social, que constantemente generan empleos y mejoran sus condiciones laborales\u201d, detall\u00f3 Borbolla Ballesca.<\/p>\n\n\n\n<p>Con esta distinci\u00f3n se reconoce el esfuerzo y tareas que las empresas ponen en sus procesos a fin de contar con la mejor calidad en los productos o servicios que ofrecen, lo que va a permitir afianzar su posici\u00f3n ante el mercado y ante los clientes, y que para Rub\u00e9n Furlong Mart\u00ednez, Presidente de COPARMEX en Puebla, es clave para volver al sector empresarial en un aliado clave de transformaci\u00f3n y desarrollo social.<\/p>\n\n\n\n<p>Las empresas tendr\u00e1n que cumplir con diversos lineamientos para poder ser candidatas a obtener el reconocimiento, mismos que podr\u00e1n consultarse en: www.pueblacapital.gob.mx y ser\u00e1 a trav\u00e9s de un comit\u00e9 conformado por empresarias, empresarios y directivos de instituciones educativas como se elegir\u00e1n a las y los ganadores, por eso tambi\u00e9n acompa\u00f1aron la presentaci\u00f3n de la convocatoria \u201cEmpresas Poblanas de 10\u201d C\u00e9sar Gonz\u00e1lez Morales, Presidente de la CANACOPE Puebla; y H\u00e9ctor Vera Arenas, Empresario de VERLICH, en representaci\u00f3n de Antonio Pr\u00f3speri Calder\u00f3n, Presidente de CANACO Puebla.<\/p>\n","protected":false},"excerpt":{"rendered":"<p>Ser\u00e1 hasta el 2 de diciembre que se recibir\u00e1n hasta 100 postulaciones de negocios interesados en obtener esta insignia. En la Angel\u00f3polis, el sector empresarial de todos los giros, bienes y servicios tendr\u00e1 la oportunidad de sumar un nuevo sello distintivo de reconocimiento, el de \u201cEmpresas Poblanas de 10\u201d; iniciativa del Ayuntamiento de Puebla que [&hellip;]<\/p>\n","protected":false},"author":1,"featured_media":102465,"comment_status":"open","ping_status":"open","sticky":false,"template":"","format":"standard","meta":{"footnotes":""},"categories":[103],"tags":[],"class_list":["post-102464","post","type-post","status-publish","format-standard","has-post-thumbnail","hentry","category-pueblacapital"],"blog_post_layout_featured_media_urls":{"thumbnail":["https:\/\/diariolanoticia.com.mx\/wp-content\/uploads\/2022\/11\/WhatsApp-Image-2022-11-24-at-1.39.45-PM-216x160.jpeg",216,160,true],"full":["https:\/\/diariolanoticia.com.mx\/wp-content\/uploads\/2022\/11\/WhatsApp-Image-2022-11-24-at-1.39.45-PM.jpeg",1280,853,false]},"categories_names":{"103":{"name":"Puebla Capital","link":"https:\/\/diariolanoticia.com.mx\/?cat=103"}},"tags_names":[],"comments_number":"0","wpmagazine_modules_lite_featured_media_urls":{"thumbnail":["https:\/\/diariolanoticia.com.mx\/wp-content\/uploads\/2022\/11\/WhatsApp-Image-2022-11-24-at-1.39.45-PM-216x160.jpeg",216,160,true],"cvmm-medium":["https:\/\/diariolanoticia.com.mx\/wp-content\/uploads\/2022\/11\/WhatsApp-Image-2022-11-24-at-1.39.45-PM-300x300.jpeg",300,300,true],"cvmm-medium-plus":["https:\/\/diariolanoticia.com.mx\/wp-content\/uploads\/2022\/11\/WhatsApp-Image-2022-11-24-at-1.39.45-PM-305x207.jpeg",305,207,true],"cvmm-portrait":["https:\/\/diariolanoticia.com.mx\/wp-content\/uploads\/2022\/11\/WhatsApp-Image-2022-11-24-at-1.39.45-PM-400x600.jpeg",400,600,true],"cvmm-medium-square":["https:\/\/diariolanoticia.com.mx\/wp-content\/uploads\/2022\/11\/WhatsApp-Image-2022-11-24-at-1.39.45-PM-600x600.jpeg",600,600,true],"cvmm-large":["https:\/\/diariolanoticia.com.mx\/wp-content\/uploads\/2022\/11\/WhatsApp-Image-2022-11-24-at-1.39.45-PM-1024x853.jpeg",1024,853,true],"cvmm-small":["https:\/\/diariolanoticia.com.mx\/wp-content\/uploads\/2022\/11\/WhatsApp-Image-2022-11-24-at-1.39.45-PM-130x95.jpeg",130,95,true],"full":["https:\/\/diariolanoticia.com.mx\/wp-content\/uploads\/2022\/11\/WhatsApp-Image-2022-11-24-at-1.39.45-PM.jpeg",1280,853,false]},"_links":{"self":[{"href":"https:\/\/diariolanoticia.com.mx\/index.php?rest_route=\/wp\/v2\/posts\/102464","targetHints":{"allow":["GET"]}}],"collection":[{"href":"https:\/\/diariolanoticia.com.mx\/index.php?rest_route=\/wp\/v2\/posts"}],"about":[{"href":"https:\/\/diariolanoticia.com.mx\/index.php?rest_route=\/wp\/v2\/types\/post"}],"author":[{"embeddable":true,"href":"https:\/\/diariolanoticia.com.mx\/index.php?rest_route=\/wp\/v2\/users\/1"}],"replies":[{"embeddable":true,"href":"https:\/\/diariolanoticia.com.mx\/index.php?rest_route=%2Fwp%2Fv2%2Fcomments&post=102464"}],"version-history":[{"count":1,"href":"https:\/\/diariolanoticia.com.mx\/index.php?rest_route=\/wp\/v2\/posts\/102464\/revisions"}],"predecessor-version":[{"id":102466,"href":"https:\/\/diariolanoticia.com.mx\/index.php?rest_route=\/wp\/v2\/posts\/102464\/revisions\/102466"}],"wp:featuredmedia":[{"embeddable":true,"href":"https:\/\/diariolanoticia.com.mx\/index.php?rest_route=\/wp\/v2\/media\/102465"}],"wp:attachment":[{"href":"https:\/\/diariolanoticia.com.mx\/index.php?rest_route=%2Fwp%2Fv2%2Fmedia&parent=102464"}],"wp:term":[{"taxonomy":"category","embeddable":true,"href":"https:\/\/diariolanoticia.com.mx\/index.php?rest_route=%2Fwp%2Fv2%2Fcategories&post=102464"},{"taxonomy":"post_tag","embeddable":true,"href":"https:\/\/diariolanoticia.com.mx\/index.php?rest_route=%2Fwp%2Fv2%2Ftags&post=102464"}],"curies":[{"name":"wp","href":"https:\/\/api.w.org\/{rel}","templated":true}]}}