{"id":102778,"date":"2022-12-01T12:30:22","date_gmt":"2022-12-01T18:30:22","guid":{"rendered":"https:\/\/diariolanoticia.com.mx\/?p=102778"},"modified":"2022-12-01T12:30:23","modified_gmt":"2022-12-01T18:30:23","slug":"ayuntamiento-de-puebla-arranco-con-la-rehabilitacion-integral-de-la-18-oriente","status":"publish","type":"post","link":"https:\/\/diariolanoticia.com.mx\/?p=102778","title":{"rendered":"Ayuntamiento de Puebla arranc\u00f3 con la rehabilitaci\u00f3n integral de la 18 oriente"},"content":{"rendered":"\n<p>&#8211; Para dejarla &#8216;de 10&#8217;, Eduardo Rivera P\u00e9rez, Presidente Municipal, anunci\u00f3 que se intervendr\u00e1n 16 mil metros cuadrados de superficie, desde avenida Educadores hasta la 24 Norte.<\/p>\n\n\n\n<p>Detr\u00e1s de cada calle que el Ayuntamiento transforma con obra p\u00fablica hay cientos de familias poblanas que esperaron por d\u00e9cadas el cambio social y f\u00edsico de sus espacios, como en la avenida 18 Oriente, donde vecinos como Alejandro Olivares Leal al fin ven el inicio de un proyecto de 20.9 millones de pesos que renovar\u00e1 de forma integral sus banquetas, cruces, rampas y, por supuesto, la carpeta asf\u00e1ltica.<\/p>\n\n\n\n<p>Esto es gracias a que Eduardo Rivera P\u00e9rez, Presidente Municipal de Puebla, dio el banderazo de arranque a los trabajos de rehabilitaci\u00f3n de la v\u00eda, los cuales se extender\u00e1n a lo largo de 16 mil metros cuadrados&nbsp; &#8211;una superficie equivalente a 24 calles&#8211;, pues la obra va de la avenida Educadores a la 24 Norte, detall\u00f3 el Alcalde.<\/p>\n\n\n\n<p>\u00abEsta vialidad forma parte de un tronco principal de comunicaci\u00f3n de la ciudad, en esta zona nororiente, por eso es indispensable atenderla [&#8230;] Y esta avenida va a quedar &#8216;de 10&#8217;, como la calle Los Pinos, la 1\u00b0 y 10 de Mayo, y muchas m\u00e1s que ya hemos realizado\u00bb, expres\u00f3 el Edil.<\/p>\n\n\n\n<p>Fue as\u00ed que en compa\u00f1\u00eda de la comunidad vecinal de la colonia Humboldt, Rivera P\u00e9rez; Leobardo Soto Enr\u00edquez, Regidor Presidente de la Comisi\u00f3n del Trabajo; Edgar V\u00e9lez Tirado, Secretario de Movilidad e Infraestructura; y Alejandro Olivares, Presidente Ciudadano del Comit\u00e9 de Obra, celebraron el inicio de la rehabilitaci\u00f3n de la 18 Oriente; labores que se traducir\u00e1n en mejor funcionalidad, movilidad y seguridad vial, en beneficio de las y los residentes del lugar, as\u00ed como de los miles de usuarios que transitan por esta calle.<\/p>\n","protected":false},"excerpt":{"rendered":"<p>&#8211; Para dejarla &#8216;de 10&#8217;, Eduardo Rivera P\u00e9rez, Presidente Municipal, anunci\u00f3 que se intervendr\u00e1n 16 mil metros cuadrados de superficie, desde avenida Educadores hasta la 24 Norte. Detr\u00e1s de cada calle que el Ayuntamiento transforma con obra p\u00fablica hay cientos de familias poblanas que esperaron por d\u00e9cadas el cambio social y f\u00edsico de sus espacios, [&hellip;]<\/p>\n","protected":false},"author":1,"featured_media":102779,"comment_status":"open","ping_status":"open","sticky":false,"template":"","format":"standard","meta":{"footnotes":""},"categories":[103],"tags":[],"class_list":["post-102778","post","type-post","status-publish","format-standard","has-post-thumbnail","hentry","category-pueblacapital"],"blog_post_layout_featured_media_urls":{"thumbnail":["https:\/\/diariolanoticia.com.mx\/wp-content\/uploads\/2022\/12\/WhatsApp-Image-2022-12-01-at-12.18.20-PM-216x160.jpeg",216,160,true],"full":["https:\/\/diariolanoticia.com.mx\/wp-content\/uploads\/2022\/12\/WhatsApp-Image-2022-12-01-at-12.18.20-PM.jpeg",1280,853,false]},"categories_names":{"103":{"name":"Puebla Capital","link":"https:\/\/diariolanoticia.com.mx\/?cat=103"}},"tags_names":[],"comments_number":"0","wpmagazine_modules_lite_featured_media_urls":{"thumbnail":["https:\/\/diariolanoticia.com.mx\/wp-content\/uploads\/2022\/12\/WhatsApp-Image-2022-12-01-at-12.18.20-PM-216x160.jpeg",216,160,true],"cvmm-medium":["https:\/\/diariolanoticia.com.mx\/wp-content\/uploads\/2022\/12\/WhatsApp-Image-2022-12-01-at-12.18.20-PM-300x300.jpeg",300,300,true],"cvmm-medium-plus":["https:\/\/diariolanoticia.com.mx\/wp-content\/uploads\/2022\/12\/WhatsApp-Image-2022-12-01-at-12.18.20-PM-305x207.jpeg",305,207,true],"cvmm-portrait":["https:\/\/diariolanoticia.com.mx\/wp-content\/uploads\/2022\/12\/WhatsApp-Image-2022-12-01-at-12.18.20-PM-400x600.jpeg",400,600,true],"cvmm-medium-square":["https:\/\/diariolanoticia.com.mx\/wp-content\/uploads\/2022\/12\/WhatsApp-Image-2022-12-01-at-12.18.20-PM-600x600.jpeg",600,600,true],"cvmm-large":["https:\/\/diariolanoticia.com.mx\/wp-content\/uploads\/2022\/12\/WhatsApp-Image-2022-12-01-at-12.18.20-PM-1024x853.jpeg",1024,853,true],"cvmm-small":["https:\/\/diariolanoticia.com.mx\/wp-content\/uploads\/2022\/12\/WhatsApp-Image-2022-12-01-at-12.18.20-PM-130x95.jpeg",130,95,true],"full":["https:\/\/diariolanoticia.com.mx\/wp-content\/uploads\/2022\/12\/WhatsApp-Image-2022-12-01-at-12.18.20-PM.jpeg",1280,853,false]},"_links":{"self":[{"href":"https:\/\/diariolanoticia.com.mx\/index.php?rest_route=\/wp\/v2\/posts\/102778","targetHints":{"allow":["GET"]}}],"collection":[{"href":"https:\/\/diariolanoticia.com.mx\/index.php?rest_route=\/wp\/v2\/posts"}],"about":[{"href":"https:\/\/diariolanoticia.com.mx\/index.php?rest_route=\/wp\/v2\/types\/post"}],"author":[{"embeddable":true,"href":"https:\/\/diariolanoticia.com.mx\/index.php?rest_route=\/wp\/v2\/users\/1"}],"replies":[{"embeddable":true,"href":"https:\/\/diariolanoticia.com.mx\/index.php?rest_route=%2Fwp%2Fv2%2Fcomments&post=102778"}],"version-history":[{"count":1,"href":"https:\/\/diariolanoticia.com.mx\/index.php?rest_route=\/wp\/v2\/posts\/102778\/revisions"}],"predecessor-version":[{"id":102780,"href":"https:\/\/diariolanoticia.com.mx\/index.php?rest_route=\/wp\/v2\/posts\/102778\/revisions\/102780"}],"wp:featuredmedia":[{"embeddable":true,"href":"https:\/\/diariolanoticia.com.mx\/index.php?rest_route=\/wp\/v2\/media\/102779"}],"wp:attachment":[{"href":"https:\/\/diariolanoticia.com.mx\/index.php?rest_route=%2Fwp%2Fv2%2Fmedia&parent=102778"}],"wp:term":[{"taxonomy":"category","embeddable":true,"href":"https:\/\/diariolanoticia.com.mx\/index.php?rest_route=%2Fwp%2Fv2%2Fcategories&post=102778"},{"taxonomy":"post_tag","embeddable":true,"href":"https:\/\/diariolanoticia.com.mx\/index.php?rest_route=%2Fwp%2Fv2%2Ftags&post=102778"}],"curies":[{"name":"wp","href":"https:\/\/api.w.org\/{rel}","templated":true}]}}