{"id":102784,"date":"2022-12-01T12:33:31","date_gmt":"2022-12-01T18:33:31","guid":{"rendered":"https:\/\/diariolanoticia.com.mx\/?p=102784"},"modified":"2022-12-01T12:33:32","modified_gmt":"2022-12-01T18:33:32","slug":"sesionan-magistradas-y-magistrados-infantiles-por-un-dia-en-el-pleno-del-tsj","status":"publish","type":"post","link":"https:\/\/diariolanoticia.com.mx\/?p=102784","title":{"rendered":"Sesionan Magistradas y Magistrados Infantiles por un D\u00eda en el Pleno del TSJ\u00a0"},"content":{"rendered":"\n<p>Las Magistradas y los Magistrados Infantiles por un D\u00eda, realizaron una Sesi\u00f3n P\u00fablica Especial, la ma\u00f1ana de este mi\u00e9rcoles en el Pleno del Tribunal Superior de Justicia del Estado, donde abordaron temas relacionados con sus Derechos y la forma de hacerlos valer.\u00a0<\/p>\n\n\n\n<p><br>Previo a la Sesi\u00f3n Especial, la Magistrada Presidenta del Tribunal Superior de Justicia y del Consejo de la Judicatura del Estado (TSJ-CJE), Mary Cruz Cort\u00e9s Ornelas, reconoci\u00f3 el esfuerzo de las ni\u00f1as y los ni\u00f1os que resultaron ganadores de la convocatoria emitida por la Unidad de Protecci\u00f3n de Ni\u00f1as, Ni\u00f1os y Adolescentes del Poder Judicial, y que, a trav\u00e9s de sus videos, demostraron las ganas de participar y hacer valer sus Derechos, como el de ser escuchados y ser tomados en cuenta sin distinci\u00f3n alguna.<\/p>\n\n\n\n<p><br>La Magistrada Presidenta, refrend\u00f3 el compromiso del Poder Judicial para con las ni\u00f1as, ni\u00f1os y adolescentes, siempre visualizando el inter\u00e9s superior de la ni\u00f1ez, por ello, afirm\u00f3 que el programa \u00abMagistradas y Magistrados Infantiles por un D\u00eda\u00bb, es un ejercicio de participaci\u00f3n c\u00edvica y de conocimiento de Derechos Humanos en la que ni\u00f1as y ni\u00f1os personifican las funciones que hacen Magistradas y Magistrados, y as\u00ed, concientizar y sensibilizar a servidores p\u00fablicos, madres, padres y ciudadan\u00eda en general, para difundir los Derechos de la ni\u00f1ez.\u00a0<\/p>\n\n\n\n<p><br>En su intervenci\u00f3n, la Magistrada Presidenta Infantil, Jennifer Alysson Islas Osnaya, a nombre de sus compa\u00f1eras y compa\u00f1eros Magistrados Infantiles, agradeci\u00f3 que el Poder Judicial tome en cuenta y escuche a ni\u00f1as y ni\u00f1os, pues afirm\u00f3 que \u00abquienes estamos presentes somos una generaci\u00f3n que puede ser el cambio, para que se respeten los derechos de todas y todos, para que ni\u00f1as y ni\u00f1os tengamos una vida libre de violencia, y que las autoridades vigilen y protejan nuestros derechos\u00bb.\u00a0<\/p>\n\n\n\n<p><br>En tanto, la Presidenta Honor\u00edfica del Sistema Estatal para el Desarrollo Integral de la Familia (SEDIF), Mariana Espinoza de los Monteros Cu\u00e9llar, reconoci\u00f3 el compromiso de los tres Poderes para con la ni\u00f1ez tlaxcalteca, ya que dijo que el evento, promueve y concientiza a las autoridades para salvaguardar los Derechos de ni\u00f1as, ni\u00f1os y adolescentes.\u00a0<br>Finalmente, en representaci\u00f3n de la Gobernadora, Lorena Cu\u00e9llar Cisneros; el Secretario de Gobierno, Sergio Gonz\u00e1lez Hern\u00e1ndez, afirm\u00f3 que hoy las ni\u00f1as y ni\u00f1os dejar\u00e1n un precedente de hacer justicia, por lo que los conmin\u00f3 a hacerlo con la verdad y no olvidando un principio fundamental: que todos, ni\u00f1as, ni\u00f1os y adolescentes, son iguales, y que en la sociedad aplica el mismo principio, \u00abjusticia con igualdad para todos\u00bb.<\/p>\n\n\n\n<p><br>Al evento acudieron las y los Magistrados integrantes del Pleno, as\u00ed como las y los integrantes del Consejo de la Judicatura, y las diputadas Leticia Mart\u00ednez Cer\u00f3n, Presidenta de la Mesa Directiva del Congreso del Estado; Diana Torrej\u00f3n Rodr\u00edguez, Presidenta de la Comisi\u00f3n de Derechos Humanos, Grupos Vulnerables y Derechos de Ni\u00f1as, Ni\u00f1os y Adolescentes; y Lorena Ru\u00edz Garc\u00eda, Presidenta de la Comisi\u00f3n de Igualdad de G\u00e9nero y Contra la Trata de Personas.\u00a0<br>As\u00ed como familiares de las ni\u00f1as y los ni\u00f1os que resultaron ganadores: Jennifer Alysson Islas Osnaya; Nicol\u00e1s Ju\u00e1rez P\u00e9rez; Samantha Portillo Mendoza; Miguel Eduardo Salmer\u00f3n Flores; Ana Daniela S\u00e1nchez L\u00f3pez; Helena Paulina Pazaran Parada; Habbimael Yazid Saavedra Hern\u00e1ndez Silva y Yael Lima P\u00e9rez.<\/p>\n","protected":false},"excerpt":{"rendered":"<p>Las Magistradas y los Magistrados Infantiles por un D\u00eda, realizaron una Sesi\u00f3n P\u00fablica Especial, la ma\u00f1ana de este mi\u00e9rcoles en el Pleno del Tribunal Superior de Justicia del Estado, donde abordaron temas relacionados con sus Derechos y la forma de hacerlos valer.\u00a0 Previo a la Sesi\u00f3n Especial, la Magistrada Presidenta del Tribunal Superior de Justicia [&hellip;]<\/p>\n","protected":false},"author":1,"featured_media":102785,"comment_status":"open","ping_status":"open","sticky":false,"template":"","format":"standard","meta":{"footnotes":""},"categories":[21],"tags":[],"class_list":["post-102784","post","type-post","status-publish","format-standard","has-post-thumbnail","hentry","category-estatal"],"blog_post_layout_featured_media_urls":{"thumbnail":["https:\/\/diariolanoticia.com.mx\/wp-content\/uploads\/2022\/12\/WhatsApp-Image-2022-11-30-at-16.16.15-1-216x160.jpeg",216,160,true],"full":["https:\/\/diariolanoticia.com.mx\/wp-content\/uploads\/2022\/12\/WhatsApp-Image-2022-11-30-at-16.16.15-1.jpeg",1280,853,false]},"categories_names":{"21":{"name":"Estatal","link":"https:\/\/diariolanoticia.com.mx\/?cat=21"}},"tags_names":[],"comments_number":"0","wpmagazine_modules_lite_featured_media_urls":{"thumbnail":["https:\/\/diariolanoticia.com.mx\/wp-content\/uploads\/2022\/12\/WhatsApp-Image-2022-11-30-at-16.16.15-1-216x160.jpeg",216,160,true],"cvmm-medium":["https:\/\/diariolanoticia.com.mx\/wp-content\/uploads\/2022\/12\/WhatsApp-Image-2022-11-30-at-16.16.15-1-300x300.jpeg",300,300,true],"cvmm-medium-plus":["https:\/\/diariolanoticia.com.mx\/wp-content\/uploads\/2022\/12\/WhatsApp-Image-2022-11-30-at-16.16.15-1-305x207.jpeg",305,207,true],"cvmm-portrait":["https:\/\/diariolanoticia.com.mx\/wp-content\/uploads\/2022\/12\/WhatsApp-Image-2022-11-30-at-16.16.15-1-400x600.jpeg",400,600,true],"cvmm-medium-square":["https:\/\/diariolanoticia.com.mx\/wp-content\/uploads\/2022\/12\/WhatsApp-Image-2022-11-30-at-16.16.15-1-600x600.jpeg",600,600,true],"cvmm-large":["https:\/\/diariolanoticia.com.mx\/wp-content\/uploads\/2022\/12\/WhatsApp-Image-2022-11-30-at-16.16.15-1-1024x853.jpeg",1024,853,true],"cvmm-small":["https:\/\/diariolanoticia.com.mx\/wp-content\/uploads\/2022\/12\/WhatsApp-Image-2022-11-30-at-16.16.15-1-130x95.jpeg",130,95,true],"full":["https:\/\/diariolanoticia.com.mx\/wp-content\/uploads\/2022\/12\/WhatsApp-Image-2022-11-30-at-16.16.15-1.jpeg",1280,853,false]},"_links":{"self":[{"href":"https:\/\/diariolanoticia.com.mx\/index.php?rest_route=\/wp\/v2\/posts\/102784","targetHints":{"allow":["GET"]}}],"collection":[{"href":"https:\/\/diariolanoticia.com.mx\/index.php?rest_route=\/wp\/v2\/posts"}],"about":[{"href":"https:\/\/diariolanoticia.com.mx\/index.php?rest_route=\/wp\/v2\/types\/post"}],"author":[{"embeddable":true,"href":"https:\/\/diariolanoticia.com.mx\/index.php?rest_route=\/wp\/v2\/users\/1"}],"replies":[{"embeddable":true,"href":"https:\/\/diariolanoticia.com.mx\/index.php?rest_route=%2Fwp%2Fv2%2Fcomments&post=102784"}],"version-history":[{"count":1,"href":"https:\/\/diariolanoticia.com.mx\/index.php?rest_route=\/wp\/v2\/posts\/102784\/revisions"}],"predecessor-version":[{"id":102786,"href":"https:\/\/diariolanoticia.com.mx\/index.php?rest_route=\/wp\/v2\/posts\/102784\/revisions\/102786"}],"wp:featuredmedia":[{"embeddable":true,"href":"https:\/\/diariolanoticia.com.mx\/index.php?rest_route=\/wp\/v2\/media\/102785"}],"wp:attachment":[{"href":"https:\/\/diariolanoticia.com.mx\/index.php?rest_route=%2Fwp%2Fv2%2Fmedia&parent=102784"}],"wp:term":[{"taxonomy":"category","embeddable":true,"href":"https:\/\/diariolanoticia.com.mx\/index.php?rest_route=%2Fwp%2Fv2%2Fcategories&post=102784"},{"taxonomy":"post_tag","embeddable":true,"href":"https:\/\/diariolanoticia.com.mx\/index.php?rest_route=%2Fwp%2Fv2%2Ftags&post=102784"}],"curies":[{"name":"wp","href":"https:\/\/api.w.org\/{rel}","templated":true}]}}