{"id":102794,"date":"2022-12-01T14:47:34","date_gmt":"2022-12-01T20:47:34","guid":{"rendered":"https:\/\/diariolanoticia.com.mx\/?p=102794"},"modified":"2022-12-01T14:47:35","modified_gmt":"2022-12-01T20:47:35","slug":"con-incremento-al-salario-minimo-gobierno-federal-actua-sin-simulacion-mbh","status":"publish","type":"post","link":"https:\/\/diariolanoticia.com.mx\/?p=102794","title":{"rendered":"Con incremento al salario m\u00ednimo, Gobierno Federal act\u00faa sin simulaci\u00f3n: MBH"},"content":{"rendered":"\n<p>-El mandatario resalt\u00f3 que la administraci\u00f3n que encabeza Andr\u00e9s Manuel L\u00f3pez Obrador mantiene una pol\u00edtica salarial real<\/p>\n\n\n\n<p>CIUDAD DE PUEBLA, Pue. \u2013 Con el incremento del 20 por ciento al salario m\u00ednimo para el a\u00f1o 2023, el gobierno que encabeza Andr\u00e9s Manuel L\u00f3pez Obrador refrenda que act\u00faa sin simulaci\u00f3n y favorablemente en materia econ\u00f3mica, expuso el gobernador Miguel Barbosa Huerta.<\/p>\n\n\n\n<p>En videoconferencia de prensa, el titular del Ejecutivo reconoci\u00f3 a la administraci\u00f3n federal por mantener una pol\u00edtica salarial real y s\u00f3lida, misma que beneficia a las y los trabajadores del pa\u00eds.<\/p>\n\n\n\n<p>A\u00f1adi\u00f3 que hoy de manera global hay una econom\u00eda que tiene condiciones inflacionarias; por ello, el aumento al salario es importante y deber\u00e1 ser asumido por los patrones, ya que generar\u00e1 un impacto positivo para las y los mexicanos.<\/p>\n","protected":false},"excerpt":{"rendered":"<p>-El mandatario resalt\u00f3 que la administraci\u00f3n que encabeza Andr\u00e9s Manuel L\u00f3pez Obrador mantiene una pol\u00edtica salarial real CIUDAD DE PUEBLA, Pue. \u2013 Con el incremento del 20 por ciento al salario m\u00ednimo para el a\u00f1o 2023, el gobierno que encabeza Andr\u00e9s Manuel L\u00f3pez Obrador refrenda que act\u00faa sin simulaci\u00f3n y favorablemente en materia econ\u00f3mica, expuso [&hellip;]<\/p>\n","protected":false},"author":1,"featured_media":102793,"comment_status":"open","ping_status":"open","sticky":false,"template":"","format":"standard","meta":{"footnotes":""},"categories":[20],"tags":[52],"class_list":["post-102794","post","type-post","status-publish","format-standard","has-post-thumbnail","hentry","category-norte-de-puebla","tag-puebla"],"blog_post_layout_featured_media_urls":{"thumbnail":["https:\/\/diariolanoticia.com.mx\/wp-content\/uploads\/2022\/12\/img_1397-216x160.jpg",216,160,true],"full":["https:\/\/diariolanoticia.com.mx\/wp-content\/uploads\/2022\/12\/img_1397.jpg",1500,1000,false]},"categories_names":{"20":{"name":"Norte de Puebla","link":"https:\/\/diariolanoticia.com.mx\/?cat=20"}},"tags_names":{"52":{"name":"Puebla","link":"https:\/\/diariolanoticia.com.mx\/?tag=puebla"}},"comments_number":"0","wpmagazine_modules_lite_featured_media_urls":{"thumbnail":["https:\/\/diariolanoticia.com.mx\/wp-content\/uploads\/2022\/12\/img_1397-216x160.jpg",216,160,true],"cvmm-medium":["https:\/\/diariolanoticia.com.mx\/wp-content\/uploads\/2022\/12\/img_1397-300x300.jpg",300,300,true],"cvmm-medium-plus":["https:\/\/diariolanoticia.com.mx\/wp-content\/uploads\/2022\/12\/img_1397-305x207.jpg",305,207,true],"cvmm-portrait":["https:\/\/diariolanoticia.com.mx\/wp-content\/uploads\/2022\/12\/img_1397-400x600.jpg",400,600,true],"cvmm-medium-square":["https:\/\/diariolanoticia.com.mx\/wp-content\/uploads\/2022\/12\/img_1397-600x600.jpg",600,600,true],"cvmm-large":["https:\/\/diariolanoticia.com.mx\/wp-content\/uploads\/2022\/12\/img_1397-1024x1000.jpg",1024,1000,true],"cvmm-small":["https:\/\/diariolanoticia.com.mx\/wp-content\/uploads\/2022\/12\/img_1397-130x95.jpg",130,95,true],"full":["https:\/\/diariolanoticia.com.mx\/wp-content\/uploads\/2022\/12\/img_1397.jpg",1500,1000,false]},"_links":{"self":[{"href":"https:\/\/diariolanoticia.com.mx\/index.php?rest_route=\/wp\/v2\/posts\/102794","targetHints":{"allow":["GET"]}}],"collection":[{"href":"https:\/\/diariolanoticia.com.mx\/index.php?rest_route=\/wp\/v2\/posts"}],"about":[{"href":"https:\/\/diariolanoticia.com.mx\/index.php?rest_route=\/wp\/v2\/types\/post"}],"author":[{"embeddable":true,"href":"https:\/\/diariolanoticia.com.mx\/index.php?rest_route=\/wp\/v2\/users\/1"}],"replies":[{"embeddable":true,"href":"https:\/\/diariolanoticia.com.mx\/index.php?rest_route=%2Fwp%2Fv2%2Fcomments&post=102794"}],"version-history":[{"count":1,"href":"https:\/\/diariolanoticia.com.mx\/index.php?rest_route=\/wp\/v2\/posts\/102794\/revisions"}],"predecessor-version":[{"id":102795,"href":"https:\/\/diariolanoticia.com.mx\/index.php?rest_route=\/wp\/v2\/posts\/102794\/revisions\/102795"}],"wp:featuredmedia":[{"embeddable":true,"href":"https:\/\/diariolanoticia.com.mx\/index.php?rest_route=\/wp\/v2\/media\/102793"}],"wp:attachment":[{"href":"https:\/\/diariolanoticia.com.mx\/index.php?rest_route=%2Fwp%2Fv2%2Fmedia&parent=102794"}],"wp:term":[{"taxonomy":"category","embeddable":true,"href":"https:\/\/diariolanoticia.com.mx\/index.php?rest_route=%2Fwp%2Fv2%2Fcategories&post=102794"},{"taxonomy":"post_tag","embeddable":true,"href":"https:\/\/diariolanoticia.com.mx\/index.php?rest_route=%2Fwp%2Fv2%2Ftags&post=102794"}],"curies":[{"name":"wp","href":"https:\/\/api.w.org\/{rel}","templated":true}]}}