{"id":102796,"date":"2022-12-01T15:36:39","date_gmt":"2022-12-01T21:36:39","guid":{"rendered":"https:\/\/diariolanoticia.com.mx\/?p=102796"},"modified":"2022-12-01T15:36:40","modified_gmt":"2022-12-01T21:36:40","slug":"exitosa-presentacion-del-desfile-de-modas-entrelazando-historias-herencia-milenaria-en-chiautempan","status":"publish","type":"post","link":"https:\/\/diariolanoticia.com.mx\/?p=102796","title":{"rendered":"Exitosa presentaci\u00f3n del desfile de modas \u201cEntrelazando historias. Herencia Milenaria\u201d en Chiautempan"},"content":{"rendered":"\n<p>Con una exitosa presentaci\u00f3n que tuvo lugar como escenario el parque Hidalgo de Chiautempan, se llev\u00f3 a cabo el desfile de modas \u201cEntrelazando Historias. Herencia Milenaria 2022\u201d, el cual fue organizada entre el Ayuntamiento en coordinaci\u00f3n con el Patronato Antonio D\u00edaz Varela, la Universidad Tecnol\u00f3gica de Tlaxcala (UTT) y la iniciativa privada.<\/p>\n\n\n\n<p>Dicha pasarela tuvo como prop\u00f3sito principal mostrar la riqueza cultural, textil y artesanal de Chiautempan a trav\u00e9s de prendas elaborados por alumnos de dicha instituci\u00f3n educativa de nivel superior, quienes fusionaron la artesan\u00eda textil con la alta costura.<\/p>\n\n\n\n<p>En entrevista, el presidente municipal y presidente del Patronato, Gustavo Jim\u00e9nez Romero reconoci\u00f3 esta gran iniciativa por lo que felicit\u00f3 a todos los colaboradores, en especial a la s\u00edndica municipal y comisaria del Patronato, Mar\u00eda Estela Hern\u00e1ndez Grande, a la Universidad, a la iniciativa privada, a los artesanos, as\u00ed como al personal operativo, y deseo que estas acciones se mantengan, se fortalezcan y generen identidad.<\/p>\n\n\n\n<p>\u201cReconozco esta gran iniciativa que tiene como uno de sus objetivos principales difundir y proyectar nuestra gran riqueza hist\u00f3rica, textil y cultural. Deseo que este tipo de iniciativas se mantengan, se fortalezcan y nos den identidad. En el Ayuntamiento que yo presido cuenten con todo nuestro apoyo\u201d, mencion\u00f3.<\/p>\n\n\n\n<p>Cabe destacar que la primera edici\u00f3n de este desfile cont\u00f3 con la presencia de la Secretaria de Turismo del Estado, Josefina Rodr\u00edguez Zamora; el rector de la UTT, Marco Antonio Castillo; la alcaldesa de Panotla, Felicitas V\u00e1zquez Islas; as\u00ed como representantes de c\u00e1maras de comercios de Chiautempan y autoridades estatales, municipales, de comunidad y poblaci\u00f3n en general.<\/p>\n","protected":false},"excerpt":{"rendered":"<p>Con una exitosa presentaci\u00f3n que tuvo lugar como escenario el parque Hidalgo de Chiautempan, se llev\u00f3 a cabo el desfile de modas \u201cEntrelazando Historias. Herencia Milenaria 2022\u201d, el cual fue organizada entre el Ayuntamiento en coordinaci\u00f3n con el Patronato Antonio D\u00edaz Varela, la Universidad Tecnol\u00f3gica de Tlaxcala (UTT) y la iniciativa privada. Dicha pasarela tuvo [&hellip;]<\/p>\n","protected":false},"author":1,"featured_media":102797,"comment_status":"open","ping_status":"open","sticky":false,"template":"","format":"standard","meta":{"footnotes":""},"categories":[9],"tags":[],"class_list":["post-102796","post","type-post","status-publish","format-standard","has-post-thumbnail","hentry","category-chiautempan"],"blog_post_layout_featured_media_urls":{"thumbnail":["https:\/\/diariolanoticia.com.mx\/wp-content\/uploads\/2022\/12\/WhatsApp-Image-2022-12-01-at-2.58.03-PM-216x160.jpeg",216,160,true],"full":["https:\/\/diariolanoticia.com.mx\/wp-content\/uploads\/2022\/12\/WhatsApp-Image-2022-12-01-at-2.58.03-PM.jpeg",1600,1066,false]},"categories_names":{"9":{"name":"Chiautempan","link":"https:\/\/diariolanoticia.com.mx\/?cat=9"}},"tags_names":[],"comments_number":"0","wpmagazine_modules_lite_featured_media_urls":{"thumbnail":["https:\/\/diariolanoticia.com.mx\/wp-content\/uploads\/2022\/12\/WhatsApp-Image-2022-12-01-at-2.58.03-PM-216x160.jpeg",216,160,true],"cvmm-medium":["https:\/\/diariolanoticia.com.mx\/wp-content\/uploads\/2022\/12\/WhatsApp-Image-2022-12-01-at-2.58.03-PM-300x300.jpeg",300,300,true],"cvmm-medium-plus":["https:\/\/diariolanoticia.com.mx\/wp-content\/uploads\/2022\/12\/WhatsApp-Image-2022-12-01-at-2.58.03-PM-305x207.jpeg",305,207,true],"cvmm-portrait":["https:\/\/diariolanoticia.com.mx\/wp-content\/uploads\/2022\/12\/WhatsApp-Image-2022-12-01-at-2.58.03-PM-400x600.jpeg",400,600,true],"cvmm-medium-square":["https:\/\/diariolanoticia.com.mx\/wp-content\/uploads\/2022\/12\/WhatsApp-Image-2022-12-01-at-2.58.03-PM-600x600.jpeg",600,600,true],"cvmm-large":["https:\/\/diariolanoticia.com.mx\/wp-content\/uploads\/2022\/12\/WhatsApp-Image-2022-12-01-at-2.58.03-PM-1024x1024.jpeg",1024,1024,true],"cvmm-small":["https:\/\/diariolanoticia.com.mx\/wp-content\/uploads\/2022\/12\/WhatsApp-Image-2022-12-01-at-2.58.03-PM-130x95.jpeg",130,95,true],"full":["https:\/\/diariolanoticia.com.mx\/wp-content\/uploads\/2022\/12\/WhatsApp-Image-2022-12-01-at-2.58.03-PM.jpeg",1600,1066,false]},"_links":{"self":[{"href":"https:\/\/diariolanoticia.com.mx\/index.php?rest_route=\/wp\/v2\/posts\/102796","targetHints":{"allow":["GET"]}}],"collection":[{"href":"https:\/\/diariolanoticia.com.mx\/index.php?rest_route=\/wp\/v2\/posts"}],"about":[{"href":"https:\/\/diariolanoticia.com.mx\/index.php?rest_route=\/wp\/v2\/types\/post"}],"author":[{"embeddable":true,"href":"https:\/\/diariolanoticia.com.mx\/index.php?rest_route=\/wp\/v2\/users\/1"}],"replies":[{"embeddable":true,"href":"https:\/\/diariolanoticia.com.mx\/index.php?rest_route=%2Fwp%2Fv2%2Fcomments&post=102796"}],"version-history":[{"count":1,"href":"https:\/\/diariolanoticia.com.mx\/index.php?rest_route=\/wp\/v2\/posts\/102796\/revisions"}],"predecessor-version":[{"id":102798,"href":"https:\/\/diariolanoticia.com.mx\/index.php?rest_route=\/wp\/v2\/posts\/102796\/revisions\/102798"}],"wp:featuredmedia":[{"embeddable":true,"href":"https:\/\/diariolanoticia.com.mx\/index.php?rest_route=\/wp\/v2\/media\/102797"}],"wp:attachment":[{"href":"https:\/\/diariolanoticia.com.mx\/index.php?rest_route=%2Fwp%2Fv2%2Fmedia&parent=102796"}],"wp:term":[{"taxonomy":"category","embeddable":true,"href":"https:\/\/diariolanoticia.com.mx\/index.php?rest_route=%2Fwp%2Fv2%2Fcategories&post=102796"},{"taxonomy":"post_tag","embeddable":true,"href":"https:\/\/diariolanoticia.com.mx\/index.php?rest_route=%2Fwp%2Fv2%2Ftags&post=102796"}],"curies":[{"name":"wp","href":"https:\/\/api.w.org\/{rel}","templated":true}]}}