{"id":102932,"date":"2022-12-05T18:22:14","date_gmt":"2022-12-06T00:22:14","guid":{"rendered":"https:\/\/diariolanoticia.com.mx\/?p=102932"},"modified":"2022-12-05T18:26:31","modified_gmt":"2022-12-06T00:26:31","slug":"en-puebla-gobierno-estatal-ha-garantizado-desarrollo-equitativo-en-la-32-regiones-mbh","status":"publish","type":"post","link":"https:\/\/diariolanoticia.com.mx\/?p=102932","title":{"rendered":"En Puebla, Gobierno Estatal ha garantizado desarrollo equitativo en la 32 regiones: MBH"},"content":{"rendered":"\n<figure class=\"wp-block-gallery has-nested-images columns-default is-cropped wp-block-gallery-1 is-layout-flex wp-block-gallery-is-layout-flex\">\n<figure class=\"wp-block-image\"><img loading=\"lazy\" decoding=\"async\" width=\"1024\" height=\"683\" data-id=\"102931\" src=\"https:\/\/diariolanoticia.com.mx\/wp-content\/uploads\/2022\/12\/img_1648-1-1024x683.jpg\" alt=\"\" class=\"wp-image-102931\" srcset=\"https:\/\/diariolanoticia.com.mx\/wp-content\/uploads\/2022\/12\/img_1648-1-1024x683.jpg 1024w, https:\/\/diariolanoticia.com.mx\/wp-content\/uploads\/2022\/12\/img_1648-1-300x200.jpg 300w, https:\/\/diariolanoticia.com.mx\/wp-content\/uploads\/2022\/12\/img_1648-1-768x512.jpg 768w, https:\/\/diariolanoticia.com.mx\/wp-content\/uploads\/2022\/12\/img_1648-1.jpg 1500w\" sizes=\"auto, (max-width: 1024px) 100vw, 1024px\" \/><\/figure>\n\n\n\n<figure class=\"wp-block-image\"><img loading=\"lazy\" decoding=\"async\" width=\"1024\" height=\"683\" data-id=\"102930\" src=\"https:\/\/diariolanoticia.com.mx\/wp-content\/uploads\/2022\/12\/img_1649-1024x683.jpg\" alt=\"\" class=\"wp-image-102930\" srcset=\"https:\/\/diariolanoticia.com.mx\/wp-content\/uploads\/2022\/12\/img_1649-1024x683.jpg 1024w, https:\/\/diariolanoticia.com.mx\/wp-content\/uploads\/2022\/12\/img_1649-300x200.jpg 300w, https:\/\/diariolanoticia.com.mx\/wp-content\/uploads\/2022\/12\/img_1649-768x512.jpg 768w, https:\/\/diariolanoticia.com.mx\/wp-content\/uploads\/2022\/12\/img_1649.jpg 1500w\" sizes=\"auto, (max-width: 1024px) 100vw, 1024px\" \/><\/figure>\n<\/figure>\n\n\n\n<p>-El mandatario y Alejandro Encinas, subsecretario de Derechos Humanos, Poblaci\u00f3n y Migraci\u00f3n de la SEGOB federal, firmaron un convenio de colaboraci\u00f3n en materia de poblaci\u00f3n<\/p>\n\n\n\n<p>-Recalc\u00f3 que su administraci\u00f3n ha fortalecido el acceso a la salud, educaci\u00f3n y justicia<\/p>\n\n\n\n<p>-Gobierno de M\u00e9xico promueve pol\u00edticas p\u00fablicas acordes a las necesidades del pa\u00eds: Encinas<\/p>\n\n\n\n<p>CIUDAD DE PUEBLA, Pue. \u2013 Con pol\u00edticas p\u00fablicas claras y desde la visi\u00f3n de la Cuarta Transformaci\u00f3n, el actual gobierno estatal ha garantizado el desarrollo equitativo y de bienestar en las 32 regiones, manifest\u00f3 el gobernador Miguel Barbosa Huerta al firmar un convenio de colaboraci\u00f3n en materia de poblaci\u00f3n con Alejandro Encinas Rodr\u00edguez, subsecretario de Derechos Humanos, Poblaci\u00f3n y Migraci\u00f3n de la Secretar\u00eda de Gobernaci\u00f3n (SEGOB) federal.<\/p>\n\n\n\n<p>En su mensaje, el titular del Ejecutivo explic\u00f3 que su administraci\u00f3n estableci\u00f3 un plan estatal de desarrollo para favorecer a las y los habitantes de los 217 municipios y erradicar la desigualdad. En este sentido, resalt\u00f3 que en el estado fue fortalecido el acceso a la salud, educaci\u00f3n y administraci\u00f3n de justicia, as\u00ed como el apoyo al campo poblano, el cual es referente a nivel mundial.<\/p>\n\n\n\n<p>Barbosa Huerta reiter\u00f3 que en Puebla los temas sobre poblaci\u00f3n son atendidos puntualmente y no se han dejado en el olvido como ocurri\u00f3 en el pasado. Asimismo, indic\u00f3 que el acuerdo con la federaci\u00f3n fortalecer\u00e1 las estrategias para avanzar a\u00fan m\u00e1s en dicha materia y el desarrollo equitativo se consolide.<\/p>\n\n\n\n<p>PROMUEVE GOBIERNO FEDERAL POL\u00cdTICAS P\u00daBLICAS ACORDES<br \/>A NECESIDADES DEL PA\u00cdS: ENCINAS<\/p>\n\n\n\n<p>En su intervenci\u00f3n, el subsecretario de Derechos Humanos, Poblaci\u00f3n y Migraci\u00f3n de la Secretar\u00eda de Gobernaci\u00f3n (SEGOB) federal, Alejandro Encinas Rodr\u00edguez manifest\u00f3 que el gobierno de M\u00e9xico promueve pol\u00edticas p\u00fablicas acordes a las necesidades del pa\u00eds, as\u00ed como de cada entidad.<\/p>\n\n\n\n<p>Inform\u00f3 que la firma de convenio con el gobierno de Puebla generar\u00e1 m\u00e1s instrumentos para favorecer a la poblaci\u00f3n. Reconoci\u00f3 al gobernador Miguel Barbosa Huerta por su inter\u00e9s en atender los problemas que aquejan a las y los habitantes en la entidad, as\u00ed como brindarles mejores condiciones de vida.<\/p>\n\n\n\n<p>ENTENDER FEN\u00d3MENOS DEMOGR\u00c1FICOS PARA MEJORAR CONDICIONES DE VIDA EN PUEBLA: HILL MAYORAL<\/p>\n\n\n\n<p>La secretaria de Gobernaci\u00f3n, Ana Luc\u00eda Hill Mayoral destac\u00f3 que una pol\u00edtica de poblaci\u00f3n busca entender los fen\u00f3menos demogr\u00e1ficos y los cambios socioecon\u00f3micos para atender las demandas y mejorar las condiciones de vida de las y los poblanos.<\/p>\n\n\n\n<p>Enfatiz\u00f3 que en Puebla el prop\u00f3sito del gobierno que encabeza Miguel Barbosa Huerta, es de generar mejores condiciones para crear una sociedad menos desigual, donde todas y todos tengan lo necesario en materia de salud, educaci\u00f3n, seguridad p\u00fablica, acceso a la justicia y pleno respeto a sus Derechos Humanos.<\/p>\n\n\n\n<p>DERECHOS HUMANOS, EJE CENTRAL DE POL\u00cdTICA DE POBLACI\u00d3N EN M\u00c9XICO: CONAPO<\/p>\n\n\n\n<p>Gabriela Rodr\u00edguez Ram\u00edrez, secretaria general del Consejo Nacional de Poblaci\u00f3n (CONAPO), expuso que la pol\u00edtica de poblaci\u00f3n del actual gobierno de M\u00e9xico marc\u00f3 un precedente, ya que, a diferencia del pasado, tiene como eje central los Derechos Humanos. Agreg\u00f3 que tambi\u00e9n, la actual administraci\u00f3n federal ha llevado a cabo acciones claras y contundentes para atender los cambios de la estructura poblacional.<\/p>\n\n\n\n<p>En la firma del acuerdo estuvo presente Laura Le\u00f3n L\u00f3pez, encargada de despacho de los asuntos de la Direcci\u00f3n General de Tenencia de la Tierra y Poblaci\u00f3n.<\/p>\n","protected":false},"excerpt":{"rendered":"<p>-El mandatario y Alejandro Encinas, subsecretario de Derechos Humanos, Poblaci\u00f3n y Migraci\u00f3n de la SEGOB federal, firmaron un convenio de colaboraci\u00f3n en materia de poblaci\u00f3n -Recalc\u00f3 que su administraci\u00f3n ha fortalecido el acceso a la salud, educaci\u00f3n y justicia -Gobierno de M\u00e9xico promueve pol\u00edticas p\u00fablicas acordes a las necesidades del pa\u00eds: Encinas CIUDAD DE PUEBLA, [&hellip;]<\/p>\n","protected":false},"author":1,"featured_media":102928,"comment_status":"open","ping_status":"open","sticky":false,"template":"","format":"standard","meta":{"footnotes":""},"categories":[20],"tags":[52],"class_list":["post-102932","post","type-post","status-publish","format-standard","has-post-thumbnail","hentry","category-norte-de-puebla","tag-puebla"],"blog_post_layout_featured_media_urls":{"thumbnail":["https:\/\/diariolanoticia.com.mx\/wp-content\/uploads\/2022\/12\/img_1650-216x160.jpg",216,160,true],"full":["https:\/\/diariolanoticia.com.mx\/wp-content\/uploads\/2022\/12\/img_1650.jpg",1500,799,false]},"categories_names":{"20":{"name":"Norte de Puebla","link":"https:\/\/diariolanoticia.com.mx\/?cat=20"}},"tags_names":{"52":{"name":"Puebla","link":"https:\/\/diariolanoticia.com.mx\/?tag=puebla"}},"comments_number":"0","wpmagazine_modules_lite_featured_media_urls":{"thumbnail":["https:\/\/diariolanoticia.com.mx\/wp-content\/uploads\/2022\/12\/img_1650-216x160.jpg",216,160,true],"cvmm-medium":["https:\/\/diariolanoticia.com.mx\/wp-content\/uploads\/2022\/12\/img_1650-300x300.jpg",300,300,true],"cvmm-medium-plus":["https:\/\/diariolanoticia.com.mx\/wp-content\/uploads\/2022\/12\/img_1650-305x207.jpg",305,207,true],"cvmm-portrait":["https:\/\/diariolanoticia.com.mx\/wp-content\/uploads\/2022\/12\/img_1650-400x600.jpg",400,600,true],"cvmm-medium-square":["https:\/\/diariolanoticia.com.mx\/wp-content\/uploads\/2022\/12\/img_1650-600x600.jpg",600,600,true],"cvmm-large":["https:\/\/diariolanoticia.com.mx\/wp-content\/uploads\/2022\/12\/img_1650-1024x799.jpg",1024,799,true],"cvmm-small":["https:\/\/diariolanoticia.com.mx\/wp-content\/uploads\/2022\/12\/img_1650-130x95.jpg",130,95,true],"full":["https:\/\/diariolanoticia.com.mx\/wp-content\/uploads\/2022\/12\/img_1650.jpg",1500,799,false]},"_links":{"self":[{"href":"https:\/\/diariolanoticia.com.mx\/index.php?rest_route=\/wp\/v2\/posts\/102932","targetHints":{"allow":["GET"]}}],"collection":[{"href":"https:\/\/diariolanoticia.com.mx\/index.php?rest_route=\/wp\/v2\/posts"}],"about":[{"href":"https:\/\/diariolanoticia.com.mx\/index.php?rest_route=\/wp\/v2\/types\/post"}],"author":[{"embeddable":true,"href":"https:\/\/diariolanoticia.com.mx\/index.php?rest_route=\/wp\/v2\/users\/1"}],"replies":[{"embeddable":true,"href":"https:\/\/diariolanoticia.com.mx\/index.php?rest_route=%2Fwp%2Fv2%2Fcomments&post=102932"}],"version-history":[{"count":1,"href":"https:\/\/diariolanoticia.com.mx\/index.php?rest_route=\/wp\/v2\/posts\/102932\/revisions"}],"predecessor-version":[{"id":102933,"href":"https:\/\/diariolanoticia.com.mx\/index.php?rest_route=\/wp\/v2\/posts\/102932\/revisions\/102933"}],"wp:featuredmedia":[{"embeddable":true,"href":"https:\/\/diariolanoticia.com.mx\/index.php?rest_route=\/wp\/v2\/media\/102928"}],"wp:attachment":[{"href":"https:\/\/diariolanoticia.com.mx\/index.php?rest_route=%2Fwp%2Fv2%2Fmedia&parent=102932"}],"wp:term":[{"taxonomy":"category","embeddable":true,"href":"https:\/\/diariolanoticia.com.mx\/index.php?rest_route=%2Fwp%2Fv2%2Fcategories&post=102932"},{"taxonomy":"post_tag","embeddable":true,"href":"https:\/\/diariolanoticia.com.mx\/index.php?rest_route=%2Fwp%2Fv2%2Ftags&post=102932"}],"curies":[{"name":"wp","href":"https:\/\/api.w.org\/{rel}","templated":true}]}}