{"id":102937,"date":"2022-12-06T09:34:13","date_gmt":"2022-12-06T15:34:13","guid":{"rendered":"https:\/\/diariolanoticia.com.mx\/?p=102937"},"modified":"2022-12-06T09:34:14","modified_gmt":"2022-12-06T15:34:14","slug":"desarrolla-uatx-catedra-nacional-de-quimica","status":"publish","type":"post","link":"https:\/\/diariolanoticia.com.mx\/?p=102937","title":{"rendered":"Desarrolla UATx C\u00e1tedra Nacional de Qu\u00edmica"},"content":{"rendered":"\n<p><strong>\u2022&nbsp;&nbsp;&nbsp;&nbsp;&nbsp;&nbsp;&nbsp;&nbsp;&nbsp; Del Consorcio de Universidades Mexicanas CUMEX<\/strong><\/p>\n\n\n\n<p>La Universidad Aut\u00f3noma de Tlaxcala (UATx) lleva a cabo la \u00abXIV C\u00e1tedra Nacional de Qu\u00edmica: Dr. Mario Molina Henr\u00edquez. Presente y futuro de las ciencias qu\u00edmico biol\u00f3gicas\u00bb, coordinada por el Consorcio de Universidades Mexicanas (CUMEX), la cual re\u00fane a especialistas y estudiantes con el objetivo de propiciar la formaci\u00f3n de redes acad\u00e9micas de colaboraci\u00f3n, creaci\u00f3n de proyectos de investigaci\u00f3n y fortalecimiento a la docencia, en las instalaciones del Centro Cultural Universitario (CCU).<\/p>\n\n\n\n<p>En su intervenci\u00f3n, el Doctor Seraf\u00edn Ortiz Ortiz, Rector de la Aut\u00f3noma de Tlaxcala, quien recibi\u00f3 un reconocimiento por parte de CUMEX por su labor en favor de la calidad de la educaci\u00f3n superior, se\u00f1al\u00f3 que, hace 14 a\u00f1os, se decidi\u00f3 ingresar a este Consorcio que hoy se ha convertido en el crisol en donde se producen los saberes novedosos, permitiendo construir escenarios y plataformas para el di\u00e1logo y el encuentro para la ciencia en sus diferentes vertientes, lo que posibilita estar en la frontera del trabajo educativo.<\/p>\n\n\n\n<p>Expuso que,&nbsp; la comunidad de la UATx, se muestra honrada de pertenecer a este grupo selecto de instituciones de calidad y ser sede de esta C\u00e1tedra CUMEX, cuyo eje sustancial ser\u00e1&nbsp; revisar los principios ambientales para la sustentabilidad, el futuro de esta disciplina y su relaci\u00f3n con las ciencias biol\u00f3gicas, hecho que convierte al alma m\u00e1ter de los tlaxcaltecas en el foro por excelencia para la reflexi\u00f3n de esta \u00e1rea del saber que, sin duda,&nbsp; ser\u00e1 ampliamente discutida por ponentes nacionales e internacionales.<\/p>\n\n\n\n<p>En tanto, el Doctor Gustavo Urquiza Beltr\u00e1n, Rector de la Universidad Aut\u00f3noma del Estado de Morelos (UAEM), Comisionado de la&nbsp; Regi\u00f3n Centro\u2013Sur, en representaci\u00f3n del Doctor Dante Arturo Salgado Gonz\u00e1lez, Presidente del CUMEX y Rector de la Universidad Aut\u00f3noma de Baja California Sur (AUBCS), subray\u00f3 que, la idea de organizar estas actividades es propiciar que los docentes y educandos enriquezcan el conocimiento en el \u00e1rea de la Qu\u00edmica, para seguir contribuyendo al impulso de esta disciplina.<\/p>\n\n\n\n<p>Agradeci\u00f3 el apoyo y el trabajo de la UATx para la realizaci\u00f3n de este evento, y dio a conocer que el Consorcio est\u00e1 haciendo un trabajo de colaboraci\u00f3n con universidades espa\u00f1olas para reforzar la cooperaci\u00f3n en materia de intercambio para que estudiantes y profesores puedan realizar estancias en ese pa\u00eds.<\/p>\n\n\n\n<p>A su vez, la Doctora Rosal\u00eda Cruz Lumbreras, Directora de la Facultad de Ciencias de la Salud, coment\u00f3 que, las C\u00e1tedras CUMEX, se han establecido como un espacio acad\u00e9mico, de intercambio de experiencias y de vinculaci\u00f3n entre universidades para abonar a la calidad de la educaci\u00f3n superior y a la formaci\u00f3n de recursos humanos, para tener un relevante impacto en la comunidad cient\u00edfica.<\/p>\n\n\n\n<p>Precis\u00f3 que, pertenecer a este organismo, significa atender y asegurar aspectos tales como: la certificaci\u00f3n de los procesos de gesti\u00f3n y administrativos; ejecuci\u00f3n de la Norma ISO; contar con acreditaci\u00f3n de los programas educativos; tener una oferta registrada en el Programa Nacional de Posgrados de Calidad (PNPC); y el fortalecimiento de la transparencia y acceso a la informaci\u00f3n p\u00fablica, los cuales, la UATx, los cumple de manera total.&nbsp;<\/p>\n\n\n\n<p>En los d\u00edas de trabajo, se abordar\u00e1n temas como: \u00abLa desparasitaci\u00f3n en M\u00e9xico\u00bb; \u00abUrobioma y Salud\u00bb; \u00abResistencia bacteriana un problema de salud p\u00fablica\u00bb; \u00abRecomendaciones emitidas por las gu\u00edas nacionales e internacionales de Qu\u00edmica Cl\u00ednica y medicina de laboratorio; \u00abQu\u00edmica Sustentable\u00bb. De igual forma, se llevar\u00e1n a cabo presentaciones de carteles y el foro \u00abCiencia en un minuto\u00bb.<\/p>\n\n\n\n<p>Este evento, cont\u00f3 con la presencia de la estructura directiva de la Universidad Aut\u00f3noma de Tlaxcala y del Doctor Jos\u00e9 Mario Ordo\u00f1ez Palacios, Secretario Acad\u00e9mico de la Universidad Aut\u00f3noma del Estado de Morelos.<\/p>\n","protected":false},"excerpt":{"rendered":"<p>\u2022&nbsp;&nbsp;&nbsp;&nbsp;&nbsp;&nbsp;&nbsp;&nbsp;&nbsp; Del Consorcio de Universidades Mexicanas CUMEX La Universidad Aut\u00f3noma de Tlaxcala (UATx) lleva a cabo la \u00abXIV C\u00e1tedra Nacional de Qu\u00edmica: Dr. Mario Molina Henr\u00edquez. Presente y futuro de las ciencias qu\u00edmico biol\u00f3gicas\u00bb, coordinada por el Consorcio de Universidades Mexicanas (CUMEX), la cual re\u00fane a especialistas y estudiantes con el objetivo de propiciar la [&hellip;]<\/p>\n","protected":false},"author":1,"featured_media":102938,"comment_status":"open","ping_status":"open","sticky":false,"template":"","format":"standard","meta":{"footnotes":""},"categories":[10],"tags":[],"class_list":["post-102937","post","type-post","status-publish","format-standard","has-post-thumbnail","hentry","category-educacion"],"blog_post_layout_featured_media_urls":{"thumbnail":["https:\/\/diariolanoticia.com.mx\/wp-content\/uploads\/2022\/12\/05-Desarrolla-UATx-Catedra-Nacional-de-Quimica-216x160.jpg",216,160,true],"full":["https:\/\/diariolanoticia.com.mx\/wp-content\/uploads\/2022\/12\/05-Desarrolla-UATx-Catedra-Nacional-de-Quimica.jpg",2300,1562,false]},"categories_names":{"10":{"name":"Educaci\u00f3n","link":"https:\/\/diariolanoticia.com.mx\/?cat=10"}},"tags_names":[],"comments_number":"0","wpmagazine_modules_lite_featured_media_urls":{"thumbnail":["https:\/\/diariolanoticia.com.mx\/wp-content\/uploads\/2022\/12\/05-Desarrolla-UATx-Catedra-Nacional-de-Quimica-216x160.jpg",216,160,true],"cvmm-medium":["https:\/\/diariolanoticia.com.mx\/wp-content\/uploads\/2022\/12\/05-Desarrolla-UATx-Catedra-Nacional-de-Quimica-300x300.jpg",300,300,true],"cvmm-medium-plus":["https:\/\/diariolanoticia.com.mx\/wp-content\/uploads\/2022\/12\/05-Desarrolla-UATx-Catedra-Nacional-de-Quimica-305x207.jpg",305,207,true],"cvmm-portrait":["https:\/\/diariolanoticia.com.mx\/wp-content\/uploads\/2022\/12\/05-Desarrolla-UATx-Catedra-Nacional-de-Quimica-400x600.jpg",400,600,true],"cvmm-medium-square":["https:\/\/diariolanoticia.com.mx\/wp-content\/uploads\/2022\/12\/05-Desarrolla-UATx-Catedra-Nacional-de-Quimica-600x600.jpg",600,600,true],"cvmm-large":["https:\/\/diariolanoticia.com.mx\/wp-content\/uploads\/2022\/12\/05-Desarrolla-UATx-Catedra-Nacional-de-Quimica-1024x1024.jpg",1024,1024,true],"cvmm-small":["https:\/\/diariolanoticia.com.mx\/wp-content\/uploads\/2022\/12\/05-Desarrolla-UATx-Catedra-Nacional-de-Quimica-130x95.jpg",130,95,true],"full":["https:\/\/diariolanoticia.com.mx\/wp-content\/uploads\/2022\/12\/05-Desarrolla-UATx-Catedra-Nacional-de-Quimica.jpg",2300,1562,false]},"_links":{"self":[{"href":"https:\/\/diariolanoticia.com.mx\/index.php?rest_route=\/wp\/v2\/posts\/102937","targetHints":{"allow":["GET"]}}],"collection":[{"href":"https:\/\/diariolanoticia.com.mx\/index.php?rest_route=\/wp\/v2\/posts"}],"about":[{"href":"https:\/\/diariolanoticia.com.mx\/index.php?rest_route=\/wp\/v2\/types\/post"}],"author":[{"embeddable":true,"href":"https:\/\/diariolanoticia.com.mx\/index.php?rest_route=\/wp\/v2\/users\/1"}],"replies":[{"embeddable":true,"href":"https:\/\/diariolanoticia.com.mx\/index.php?rest_route=%2Fwp%2Fv2%2Fcomments&post=102937"}],"version-history":[{"count":1,"href":"https:\/\/diariolanoticia.com.mx\/index.php?rest_route=\/wp\/v2\/posts\/102937\/revisions"}],"predecessor-version":[{"id":102939,"href":"https:\/\/diariolanoticia.com.mx\/index.php?rest_route=\/wp\/v2\/posts\/102937\/revisions\/102939"}],"wp:featuredmedia":[{"embeddable":true,"href":"https:\/\/diariolanoticia.com.mx\/index.php?rest_route=\/wp\/v2\/media\/102938"}],"wp:attachment":[{"href":"https:\/\/diariolanoticia.com.mx\/index.php?rest_route=%2Fwp%2Fv2%2Fmedia&parent=102937"}],"wp:term":[{"taxonomy":"category","embeddable":true,"href":"https:\/\/diariolanoticia.com.mx\/index.php?rest_route=%2Fwp%2Fv2%2Fcategories&post=102937"},{"taxonomy":"post_tag","embeddable":true,"href":"https:\/\/diariolanoticia.com.mx\/index.php?rest_route=%2Fwp%2Fv2%2Ftags&post=102937"}],"curies":[{"name":"wp","href":"https:\/\/api.w.org\/{rel}","templated":true}]}}