{"id":103445,"date":"2022-12-16T12:39:52","date_gmt":"2022-12-16T18:39:52","guid":{"rendered":"https:\/\/diariolanoticia.com.mx\/?p=103445"},"modified":"2022-12-16T12:39:53","modified_gmt":"2022-12-16T18:39:53","slug":"positiva-comparecencia-de-funcionarios-para-la-glosa-del-primer-informe-diputado-cambron-soria","status":"publish","type":"post","link":"https:\/\/diariolanoticia.com.mx\/?p=103445","title":{"rendered":"Positiva comparecencia de funcionarios para la Glosa del Primer Informe: Diputado Cambr\u00f3n Soria\u00a0"},"content":{"rendered":"\n<p><em>Comparecer\u00e1n los Secretarios de Salud, Educaci\u00f3n, Infraestructura y la titular de la Procuradur\u00eda entre otros.<\/em><\/p>\n\n\n\n<p>El diputado del PRD, Juan Manuel Cambr\u00f3n Soria, celebr\u00f3 la aprobaci\u00f3n por unanimidad en el Pleno del Congreso de los acuerdos, a trav\u00e9s del cual, se establecieron los procedimientos para las comparecencias de&nbsp;&nbsp;los secretarios del gobierno del Estado con motivo de la Glosa del Primer Informe de la gobernadora, Lorena Cu\u00e9llar Cisneros.<\/p>\n\n\n\n<p>El legislador del sol azteca consider\u00f3 vital, para todo Estado que se precie de ser democr\u00e1tico, la rendici\u00f3n de cuentas y la aclaraci\u00f3n, por parte de los secretarios, de varios puntos relevantes que contiene el informe y que generan varias dudas.<\/p>\n\n\n\n<p>\u00abLa gobernadora ya cumpli\u00f3 con su responsabilidad de informarnos sobre la situaci\u00f3n que guarda la administraci\u00f3n p\u00fablica, ahora los diputados tenemos la responsabilidad de revisarlo a detalle y tomar nota de aquello que nos genere alg\u00fan problema o suspicacia. Por lo pronto, su servidor ya lo ha hecho y por lo mismo solicit\u00e9 la comparecencia de los secretarios a fin de que nos aclaren las dudas y observaciones, tanto las&nbsp;&nbsp;de un servidor, como las que seguro tendr\u00e1n algunos de mis compa\u00f1eros legisladores\u00bb, expres\u00f3.&nbsp;<\/p>\n\n\n\n<p>Las comparecencias de varios secretarios y de la procuradora se realizar\u00e1n en las instalaciones del Congreso del Estado ante las comisiones ordinarias correspondientes, del 30 de enero al 10 de febrero de 2023 y cada una tendr\u00e1 una duraci\u00f3n m\u00e1xima de dos horas.<\/p>\n\n\n\n<p>Aunque Cambr\u00f3n Soria reconoci\u00f3 que las negociaciones para lograr la glosa fueron complicadas y que tal vez el formato para el desarrollo de las mismas no sea el ideal, consider\u00f3 como positivo el conseguir que se lleven a cabo.<\/p>\n\n\n\n<p>\u00abYa se aprob\u00f3, eso es lo importante, ahora tenemos que prepararnos muy bien para aprovechar al m\u00e1ximo la visita, no solo para resolver dudas sino para cuestionar sobre las estrategias que implementar\u00e1n para el a\u00f1o entrante. El objetivo es que Tlaxcala se fortalezca\u00bb, manifest\u00f3.&nbsp;<\/p>\n\n\n\n<p>El tambi\u00e9n coordinador de la bancada del sol azteca record\u00f3 que en otros momentos ya hab\u00eda solicitado la comparecencia de la&nbsp;&nbsp;procuradora, Ernestina Carro, y del propio secretario de&nbsp;&nbsp;infraestructura, Alfonso S\u00e1nchez Garc\u00eda,&nbsp;&nbsp;y que ahora con motivo de&nbsp;&nbsp;la glosa se podr\u00e1 concretar y eso hay que celebrarlo y reconocerlo.<\/p>\n\n\n\n<p>Cada sesi\u00f3n de comparecencia ser\u00e1 videograbada, adem\u00e1s de que se deber\u00e1 llevar a cabo la versi\u00f3n estenogr\u00e1fica de la misma.<\/p>\n\n\n\n<p>Cambr\u00f3n concluy\u00f3 reconociendo el aporte y compromiso de la Presidenta de la Junta de Coordinaci\u00f3n y Concertaci\u00f3n Pol\u00edtica, Marcela Gonz\u00e1lez, para poder concretar el procedimiento y la comparecencia de los funcionarios con motivo de la glosa.<\/p>\n","protected":false},"excerpt":{"rendered":"<p>Comparecer\u00e1n los Secretarios de Salud, Educaci\u00f3n, Infraestructura y la titular de la Procuradur\u00eda entre otros. El diputado del PRD, Juan Manuel Cambr\u00f3n Soria, celebr\u00f3 la aprobaci\u00f3n por unanimidad en el Pleno del Congreso de los acuerdos, a trav\u00e9s del cual, se establecieron los procedimientos para las comparecencias de&nbsp;&nbsp;los secretarios del gobierno del Estado con motivo [&hellip;]<\/p>\n","protected":false},"author":1,"featured_media":103446,"comment_status":"open","ping_status":"open","sticky":false,"template":"","format":"standard","meta":{"footnotes":""},"categories":[22],"tags":[],"class_list":["post-103445","post","type-post","status-publish","format-standard","has-post-thumbnail","hentry","category-congreso"],"blog_post_layout_featured_media_urls":{"thumbnail":["https:\/\/diariolanoticia.com.mx\/wp-content\/uploads\/2022\/12\/DIP.-JUAN-MANUEL-CAMBRON-SORIA-1.1-216x160.jpeg",216,160,true],"full":["https:\/\/diariolanoticia.com.mx\/wp-content\/uploads\/2022\/12\/DIP.-JUAN-MANUEL-CAMBRON-SORIA-1.1.jpeg",1600,1066,false]},"categories_names":{"22":{"name":"Congreso","link":"https:\/\/diariolanoticia.com.mx\/?cat=22"}},"tags_names":[],"comments_number":"0","wpmagazine_modules_lite_featured_media_urls":{"thumbnail":["https:\/\/diariolanoticia.com.mx\/wp-content\/uploads\/2022\/12\/DIP.-JUAN-MANUEL-CAMBRON-SORIA-1.1-216x160.jpeg",216,160,true],"cvmm-medium":["https:\/\/diariolanoticia.com.mx\/wp-content\/uploads\/2022\/12\/DIP.-JUAN-MANUEL-CAMBRON-SORIA-1.1-300x300.jpeg",300,300,true],"cvmm-medium-plus":["https:\/\/diariolanoticia.com.mx\/wp-content\/uploads\/2022\/12\/DIP.-JUAN-MANUEL-CAMBRON-SORIA-1.1-305x207.jpeg",305,207,true],"cvmm-portrait":["https:\/\/diariolanoticia.com.mx\/wp-content\/uploads\/2022\/12\/DIP.-JUAN-MANUEL-CAMBRON-SORIA-1.1-400x600.jpeg",400,600,true],"cvmm-medium-square":["https:\/\/diariolanoticia.com.mx\/wp-content\/uploads\/2022\/12\/DIP.-JUAN-MANUEL-CAMBRON-SORIA-1.1-600x600.jpeg",600,600,true],"cvmm-large":["https:\/\/diariolanoticia.com.mx\/wp-content\/uploads\/2022\/12\/DIP.-JUAN-MANUEL-CAMBRON-SORIA-1.1-1024x1024.jpeg",1024,1024,true],"cvmm-small":["https:\/\/diariolanoticia.com.mx\/wp-content\/uploads\/2022\/12\/DIP.-JUAN-MANUEL-CAMBRON-SORIA-1.1-130x95.jpeg",130,95,true],"full":["https:\/\/diariolanoticia.com.mx\/wp-content\/uploads\/2022\/12\/DIP.-JUAN-MANUEL-CAMBRON-SORIA-1.1.jpeg",1600,1066,false]},"_links":{"self":[{"href":"https:\/\/diariolanoticia.com.mx\/index.php?rest_route=\/wp\/v2\/posts\/103445","targetHints":{"allow":["GET"]}}],"collection":[{"href":"https:\/\/diariolanoticia.com.mx\/index.php?rest_route=\/wp\/v2\/posts"}],"about":[{"href":"https:\/\/diariolanoticia.com.mx\/index.php?rest_route=\/wp\/v2\/types\/post"}],"author":[{"embeddable":true,"href":"https:\/\/diariolanoticia.com.mx\/index.php?rest_route=\/wp\/v2\/users\/1"}],"replies":[{"embeddable":true,"href":"https:\/\/diariolanoticia.com.mx\/index.php?rest_route=%2Fwp%2Fv2%2Fcomments&post=103445"}],"version-history":[{"count":1,"href":"https:\/\/diariolanoticia.com.mx\/index.php?rest_route=\/wp\/v2\/posts\/103445\/revisions"}],"predecessor-version":[{"id":103447,"href":"https:\/\/diariolanoticia.com.mx\/index.php?rest_route=\/wp\/v2\/posts\/103445\/revisions\/103447"}],"wp:featuredmedia":[{"embeddable":true,"href":"https:\/\/diariolanoticia.com.mx\/index.php?rest_route=\/wp\/v2\/media\/103446"}],"wp:attachment":[{"href":"https:\/\/diariolanoticia.com.mx\/index.php?rest_route=%2Fwp%2Fv2%2Fmedia&parent=103445"}],"wp:term":[{"taxonomy":"category","embeddable":true,"href":"https:\/\/diariolanoticia.com.mx\/index.php?rest_route=%2Fwp%2Fv2%2Fcategories&post=103445"},{"taxonomy":"post_tag","embeddable":true,"href":"https:\/\/diariolanoticia.com.mx\/index.php?rest_route=%2Fwp%2Fv2%2Ftags&post=103445"}],"curies":[{"name":"wp","href":"https:\/\/api.w.org\/{rel}","templated":true}]}}