{"id":103882,"date":"2023-01-10T12:30:01","date_gmt":"2023-01-10T18:30:01","guid":{"rendered":"https:\/\/diariolanoticia.com.mx\/?p=103882"},"modified":"2023-01-10T12:30:02","modified_gmt":"2023-01-10T18:30:02","slug":"inicia-pgje-carpeta-de-investigacion-por-homicidio-en-mitepec-espanita","status":"publish","type":"post","link":"https:\/\/diariolanoticia.com.mx\/?p=103882","title":{"rendered":"Inicia PGJE carpeta de investigaci\u00f3n por homicidio en Mitepec, Espa\u00f1ita"},"content":{"rendered":"\n<p>*La poblaci\u00f3n golpe\u00f3 a tres personas; a dos de ellas les prendi\u00f3 fuego, uno lamentablemente perdi\u00f3 la vida<\/p>\n\n\n\n<p>El agente del Ministerio P\u00fablico de la Procuradur\u00eda General de Justicia del Estado (PGJE) integr\u00f3 una carpeta de investigaci\u00f3n por los hechos suscitados la ma\u00f1ana de este martes en la comunidad de San Francisco Mitepec, municipio de Espa\u00f1ita, donde tres personas resultaron con quemaduras y derivado de ellas, una perdi\u00f3 la vida.<\/p>\n\n\n\n<p>Los hechos refieren que, un grupo de pobladores presuntamente se percat\u00f3 que dos hombres y una mujer pretend\u00edan robar una camioneta, por lo que la gente los rode\u00f3 para golpearlos; sin embargo, despu\u00e9s la poblaci\u00f3n les prendi\u00f3 fuego a los dos masculinos.<\/p>\n\n\n\n<p>Una llamada al n\u00famero de Emergencias 9-1-1 alert\u00f3 a los cuerpos de emergencia y en coordinaci\u00f3n entre la polic\u00eda municipal de Espa\u00f1ita y elementos de la Secretar\u00eda de Seguridad Ciudadana (SSC), se mont\u00f3 un operativo de extracci\u00f3n de las personas retenidas.<\/p>\n\n\n\n<p>Lamentablemente uno de los masculinos falleci\u00f3 durante su rescate, por lo que personal del Servicio M\u00e9dico Forense (Semefo) acudi\u00f3 para realizar el protocolo correspondiente para el levantamiento del cuerpo, en tanto la Polic\u00eda de Investigaci\u00f3n realizar\u00e1 las indagatorias respectivas para deslindar o fincar responsabilidades.<\/p>\n\n\n\n<p>La zona fue resguardada por la polic\u00eda municipal, elementos de la SSC y la Guardia Nacional.<\/p>\n\n\n\n<p>La mujer fue trasladada al Hospital Regional de Tzompantepec, mientras que el hombre fue llevado al Hospital General de Calpulalpan, para su atenci\u00f3n m\u00e9dica.<\/p>\n\n\n\n<p>La Procuradur\u00eda General de Justicia del Estado mantiene su firme compromiso de investigar hasta sus \u00faltimas consecuencias cualquier hecho delictivo y aplicar la ley.<\/p>\n","protected":false},"excerpt":{"rendered":"<p>*La poblaci\u00f3n golpe\u00f3 a tres personas; a dos de ellas les prendi\u00f3 fuego, uno lamentablemente perdi\u00f3 la vida El agente del Ministerio P\u00fablico de la Procuradur\u00eda General de Justicia del Estado (PGJE) integr\u00f3 una carpeta de investigaci\u00f3n por los hechos suscitados la ma\u00f1ana de este martes en la comunidad de San Francisco Mitepec, municipio de [&hellip;]<\/p>\n","protected":false},"author":1,"featured_media":103883,"comment_status":"open","ping_status":"open","sticky":false,"template":"","format":"standard","meta":{"footnotes":""},"categories":[21],"tags":[],"class_list":["post-103882","post","type-post","status-publish","format-standard","has-post-thumbnail","hentry","category-estatal"],"blog_post_layout_featured_media_urls":{"thumbnail":["https:\/\/diariolanoticia.com.mx\/wp-content\/uploads\/2023\/01\/WhatsApp-Image-2023-01-10-at-12.25.28-PM-216x160.jpeg",216,160,true],"full":["https:\/\/diariolanoticia.com.mx\/wp-content\/uploads\/2023\/01\/WhatsApp-Image-2023-01-10-at-12.25.28-PM.jpeg",1280,720,false]},"categories_names":{"21":{"name":"Estatal","link":"https:\/\/diariolanoticia.com.mx\/?cat=21"}},"tags_names":[],"comments_number":"0","wpmagazine_modules_lite_featured_media_urls":{"thumbnail":["https:\/\/diariolanoticia.com.mx\/wp-content\/uploads\/2023\/01\/WhatsApp-Image-2023-01-10-at-12.25.28-PM-216x160.jpeg",216,160,true],"cvmm-medium":["https:\/\/diariolanoticia.com.mx\/wp-content\/uploads\/2023\/01\/WhatsApp-Image-2023-01-10-at-12.25.28-PM-300x300.jpeg",300,300,true],"cvmm-medium-plus":["https:\/\/diariolanoticia.com.mx\/wp-content\/uploads\/2023\/01\/WhatsApp-Image-2023-01-10-at-12.25.28-PM-305x207.jpeg",305,207,true],"cvmm-portrait":["https:\/\/diariolanoticia.com.mx\/wp-content\/uploads\/2023\/01\/WhatsApp-Image-2023-01-10-at-12.25.28-PM-400x600.jpeg",400,600,true],"cvmm-medium-square":["https:\/\/diariolanoticia.com.mx\/wp-content\/uploads\/2023\/01\/WhatsApp-Image-2023-01-10-at-12.25.28-PM-600x600.jpeg",600,600,true],"cvmm-large":["https:\/\/diariolanoticia.com.mx\/wp-content\/uploads\/2023\/01\/WhatsApp-Image-2023-01-10-at-12.25.28-PM-1024x720.jpeg",1024,720,true],"cvmm-small":["https:\/\/diariolanoticia.com.mx\/wp-content\/uploads\/2023\/01\/WhatsApp-Image-2023-01-10-at-12.25.28-PM-130x95.jpeg",130,95,true],"full":["https:\/\/diariolanoticia.com.mx\/wp-content\/uploads\/2023\/01\/WhatsApp-Image-2023-01-10-at-12.25.28-PM.jpeg",1280,720,false]},"_links":{"self":[{"href":"https:\/\/diariolanoticia.com.mx\/index.php?rest_route=\/wp\/v2\/posts\/103882","targetHints":{"allow":["GET"]}}],"collection":[{"href":"https:\/\/diariolanoticia.com.mx\/index.php?rest_route=\/wp\/v2\/posts"}],"about":[{"href":"https:\/\/diariolanoticia.com.mx\/index.php?rest_route=\/wp\/v2\/types\/post"}],"author":[{"embeddable":true,"href":"https:\/\/diariolanoticia.com.mx\/index.php?rest_route=\/wp\/v2\/users\/1"}],"replies":[{"embeddable":true,"href":"https:\/\/diariolanoticia.com.mx\/index.php?rest_route=%2Fwp%2Fv2%2Fcomments&post=103882"}],"version-history":[{"count":1,"href":"https:\/\/diariolanoticia.com.mx\/index.php?rest_route=\/wp\/v2\/posts\/103882\/revisions"}],"predecessor-version":[{"id":103884,"href":"https:\/\/diariolanoticia.com.mx\/index.php?rest_route=\/wp\/v2\/posts\/103882\/revisions\/103884"}],"wp:featuredmedia":[{"embeddable":true,"href":"https:\/\/diariolanoticia.com.mx\/index.php?rest_route=\/wp\/v2\/media\/103883"}],"wp:attachment":[{"href":"https:\/\/diariolanoticia.com.mx\/index.php?rest_route=%2Fwp%2Fv2%2Fmedia&parent=103882"}],"wp:term":[{"taxonomy":"category","embeddable":true,"href":"https:\/\/diariolanoticia.com.mx\/index.php?rest_route=%2Fwp%2Fv2%2Fcategories&post=103882"},{"taxonomy":"post_tag","embeddable":true,"href":"https:\/\/diariolanoticia.com.mx\/index.php?rest_route=%2Fwp%2Fv2%2Ftags&post=103882"}],"curies":[{"name":"wp","href":"https:\/\/api.w.org\/{rel}","templated":true}]}}