{"id":104186,"date":"2023-01-18T15:38:13","date_gmt":"2023-01-18T21:38:13","guid":{"rendered":"https:\/\/diariolanoticia.com.mx\/?p=104186"},"modified":"2023-01-18T15:38:14","modified_gmt":"2023-01-18T21:38:14","slug":"respaldamos-la-estrategia-de-seguridad-de-la-gobernadora-diputado-ruben-teran","status":"publish","type":"post","link":"https:\/\/diariolanoticia.com.mx\/?p=104186","title":{"rendered":"Respaldamos la estrategia de seguridad de la Gobernadora: Diputado Rub\u00e9n Ter\u00e1n"},"content":{"rendered":"\n<p><em>Como congresista y como ciudadano brind\u00f3 un voto de confianza al nuevo titular de la Secretar\u00eda de Seguridad Ciudadana (SSC), expres\u00f3.&nbsp;&nbsp;<\/em><\/p>\n\n\n\n<p>Tlaxcala, Tlax., a 18 de enero de 2023<\/p>\n\n\n\n<p>El congresista integrante del Grupo Parlamentario de Morena, Rub\u00e9n Ter\u00e1n \u00c1guila, respald\u00f3 la estrategia de seguridad de la Gobernadora, Lorena Cu\u00e9llar Cisneros, y como ciudadano otorga el voto de confianza al nuevo titular de la Secretar\u00eda de Seguridad Ciudadana (SSC), Ram\u00f3n Celaya Gamboa.&nbsp;&nbsp;<\/p>\n\n\n\n<p>En entrevista, el legislador se\u00f1al\u00f3 que quienes integran el Poder Legislativo, as\u00ed como la ciudadan\u00eda en general, celebran que desde el Poder Ejecutivo se apueste al fortalecimiento en la prevenci\u00f3n del delito y al rescate de los espacios p\u00fablicos, ya que quienes est\u00e1n atentos al tema de seguridad, saben la importancia de generar pol\u00edticas p\u00fablicas en esta materia.&nbsp;<\/p>\n\n\n\n<p>\u00abReconozco que el nuevo secretario llega con una buena trayectoria y una estrategia de seguridad en cuanto a lo que quiere para Tlaxcala la gobernadora, est\u00e1 muy bien definida, es un secretario que inmediatamente pone ante los medios la estrategia de seguridad que pretende aplicar\u00bb, expres\u00f3.&nbsp;<\/p>\n\n\n\n<p>El Diputado Rub\u00e9n Ter\u00e1n destac\u00f3 que uno de los ejes rectores de dicha estrategia, es ir m\u00e1s all\u00e1 de las acciones de campo y apostarle al fortalecimiento de la prevenci\u00f3n del delito, por lo que dijo, existir\u00e1 responsabilidad para trabajar de manera conjunta y elaborar pol\u00edticas p\u00fablicas que coadyuven a lograr estos objetivos.&nbsp;<\/p>\n\n\n\n<p>Por tal motivo, el asamble\u00edsta reconoci\u00f3 el trabajo de la gobernadora, Lorena Cu\u00e9llar Cisneros, y dijo estar seguro que el Estado y los poderes p\u00fablicos, apoyar\u00e1n la estrategia de seguridad para garantizar una mejor calidad de vida de las y los tlaxcaltecas.<\/p>\n","protected":false},"excerpt":{"rendered":"<p>Como congresista y como ciudadano brind\u00f3 un voto de confianza al nuevo titular de la Secretar\u00eda de Seguridad Ciudadana (SSC), expres\u00f3.&nbsp;&nbsp; Tlaxcala, Tlax., a 18 de enero de 2023 El congresista integrante del Grupo Parlamentario de Morena, Rub\u00e9n Ter\u00e1n \u00c1guila, respald\u00f3 la estrategia de seguridad de la Gobernadora, Lorena Cu\u00e9llar Cisneros, y como ciudadano otorga [&hellip;]<\/p>\n","protected":false},"author":1,"featured_media":104187,"comment_status":"open","ping_status":"open","sticky":false,"template":"","format":"standard","meta":{"footnotes":""},"categories":[22],"tags":[],"class_list":["post-104186","post","type-post","status-publish","format-standard","has-post-thumbnail","hentry","category-congreso"],"blog_post_layout_featured_media_urls":{"thumbnail":["https:\/\/diariolanoticia.com.mx\/wp-content\/uploads\/2023\/01\/DIP.-RUBEN-TERAN-1.1-216x160.jpeg",216,160,true],"full":["https:\/\/diariolanoticia.com.mx\/wp-content\/uploads\/2023\/01\/DIP.-RUBEN-TERAN-1.1.jpeg",1024,768,false]},"categories_names":{"22":{"name":"Congreso","link":"https:\/\/diariolanoticia.com.mx\/?cat=22"}},"tags_names":[],"comments_number":"0","wpmagazine_modules_lite_featured_media_urls":{"thumbnail":["https:\/\/diariolanoticia.com.mx\/wp-content\/uploads\/2023\/01\/DIP.-RUBEN-TERAN-1.1-216x160.jpeg",216,160,true],"cvmm-medium":["https:\/\/diariolanoticia.com.mx\/wp-content\/uploads\/2023\/01\/DIP.-RUBEN-TERAN-1.1-300x300.jpeg",300,300,true],"cvmm-medium-plus":["https:\/\/diariolanoticia.com.mx\/wp-content\/uploads\/2023\/01\/DIP.-RUBEN-TERAN-1.1-305x207.jpeg",305,207,true],"cvmm-portrait":["https:\/\/diariolanoticia.com.mx\/wp-content\/uploads\/2023\/01\/DIP.-RUBEN-TERAN-1.1-400x600.jpeg",400,600,true],"cvmm-medium-square":["https:\/\/diariolanoticia.com.mx\/wp-content\/uploads\/2023\/01\/DIP.-RUBEN-TERAN-1.1-600x600.jpeg",600,600,true],"cvmm-large":["https:\/\/diariolanoticia.com.mx\/wp-content\/uploads\/2023\/01\/DIP.-RUBEN-TERAN-1.1.jpeg",1024,768,false],"cvmm-small":["https:\/\/diariolanoticia.com.mx\/wp-content\/uploads\/2023\/01\/DIP.-RUBEN-TERAN-1.1-130x95.jpeg",130,95,true],"full":["https:\/\/diariolanoticia.com.mx\/wp-content\/uploads\/2023\/01\/DIP.-RUBEN-TERAN-1.1.jpeg",1024,768,false]},"_links":{"self":[{"href":"https:\/\/diariolanoticia.com.mx\/index.php?rest_route=\/wp\/v2\/posts\/104186","targetHints":{"allow":["GET"]}}],"collection":[{"href":"https:\/\/diariolanoticia.com.mx\/index.php?rest_route=\/wp\/v2\/posts"}],"about":[{"href":"https:\/\/diariolanoticia.com.mx\/index.php?rest_route=\/wp\/v2\/types\/post"}],"author":[{"embeddable":true,"href":"https:\/\/diariolanoticia.com.mx\/index.php?rest_route=\/wp\/v2\/users\/1"}],"replies":[{"embeddable":true,"href":"https:\/\/diariolanoticia.com.mx\/index.php?rest_route=%2Fwp%2Fv2%2Fcomments&post=104186"}],"version-history":[{"count":1,"href":"https:\/\/diariolanoticia.com.mx\/index.php?rest_route=\/wp\/v2\/posts\/104186\/revisions"}],"predecessor-version":[{"id":104188,"href":"https:\/\/diariolanoticia.com.mx\/index.php?rest_route=\/wp\/v2\/posts\/104186\/revisions\/104188"}],"wp:featuredmedia":[{"embeddable":true,"href":"https:\/\/diariolanoticia.com.mx\/index.php?rest_route=\/wp\/v2\/media\/104187"}],"wp:attachment":[{"href":"https:\/\/diariolanoticia.com.mx\/index.php?rest_route=%2Fwp%2Fv2%2Fmedia&parent=104186"}],"wp:term":[{"taxonomy":"category","embeddable":true,"href":"https:\/\/diariolanoticia.com.mx\/index.php?rest_route=%2Fwp%2Fv2%2Fcategories&post=104186"},{"taxonomy":"post_tag","embeddable":true,"href":"https:\/\/diariolanoticia.com.mx\/index.php?rest_route=%2Fwp%2Fv2%2Ftags&post=104186"}],"curies":[{"name":"wp","href":"https:\/\/api.w.org\/{rel}","templated":true}]}}