{"id":104189,"date":"2023-01-18T15:41:01","date_gmt":"2023-01-18T21:41:01","guid":{"rendered":"https:\/\/diariolanoticia.com.mx\/?p=104189"},"modified":"2023-01-18T15:41:02","modified_gmt":"2023-01-18T21:41:02","slug":"fue-sede-uatx-de-la-instalacion-de-red-local-de-acceso-a-la-informacion","status":"publish","type":"post","link":"https:\/\/diariolanoticia.com.mx\/?p=104189","title":{"rendered":"Fue sede UATx de la instalaci\u00f3n de red local de acceso a la informaci\u00f3n"},"content":{"rendered":"\n<p>La Universidad Aut\u00f3noma de Tlaxcala (UATx), en conjunto con el Instituto de Acceso a la Informaci\u00f3n P\u00fablica y Protecci\u00f3n de Datos Personales del Estado de Tlaxcala (IAIP), y el Instituto Nacional de Transparencia, Acceso a la Informaci\u00f3n P\u00fablica y Protecci\u00f3n de Datos Personales (INAI), fue sede de la instalaci\u00f3n de la Red Local de Socializaci\u00f3n del Derecho de Acceso a la Informaci\u00f3n (DAI), la cual tendr\u00e1 como tarea principal difundir los alcances de la pr\u00e1ctica de este ejercicio.&nbsp;<\/p>\n\n\n\n<p>En su intervenci\u00f3n, el Maestro Roberto Cruz Becerril, Secretario T\u00e9cnico, en representaci\u00f3n del Doctor Seraf\u00edn Ortiz Ortiz, Rector de la UATx, se\u00f1al\u00f3 que, esta acci\u00f3n, busca dotar de los conocimientos te\u00f3ricos y pr\u00e1cticos necesarios a los agentes de cambio para que se consoliden y tengan la capacidad de transmitir conocimientos a la poblaci\u00f3n, de modo que sea posible convertir a esta red en una herramienta que permita transformar realidades y mejorar la calidad de vida de las personas.<\/p>\n\n\n\n<p>Subray\u00f3 que, la Aut\u00f3noma de Tlaxcala, reitera su compromiso y obligaci\u00f3n de cumplir como \u00f3rgano garante de este derecho.<\/p>\n\n\n\n<p>En tanto, el Mtro. Jaime Abraham Cerdios Mois\u00e9s, Director General de Pol\u00edticas de Acceso del INAI, asegur\u00f3 que es muy grato estar en el recinto de la UATx gracias al compromiso por la transparencia de su Rector, con la finalidad de efectuar esta acci\u00f3n que ha permitido construir un consenso en la determinaci\u00f3n de este tema para que cada d\u00eda se tenga m\u00e1s acercamiento a la informaci\u00f3n p\u00fablica, adem\u00e1s de que Tlaxcala es un estado que ha impulsado esta tarea.<\/p>\n\n\n\n<p>En su oportunidad, la Comisionada Presidenta del IAIP, Licenciada Maribel Rodr\u00edguez Piedras, enfatiz\u00f3 que existe un reto may\u00fasculo, el cual consiste en la verdadera apropiaci\u00f3n por parte de las personas de la garant\u00eda individual del acceso a la informaci\u00f3n, por lo que, el \u00f3rgano garante en Tlaxcala, no \u00fanicamente cumple con sus facultades legales, sino que&nbsp; observa como una prioridad que cada vez m\u00e1s sectores de la sociedad adquieran una mayor cultura del acceso a la informaci\u00f3n de inter\u00e9s p\u00fablico y, con la instalaci\u00f3n de esta red, se pretende que este derecho se encuentre al alcance de toda persona, sin importar el grado de preparaci\u00f3n acad\u00e9mica, edad o g\u00e9nero.<\/p>\n\n\n\n<p>En tanto, el Maestro Jos\u00e9 David Cabrera Canales, Coordinador Institucional de Informaci\u00f3n y Transparencia (CIIT) de la m\u00e1xima Casa de Estudios, apunt\u00f3 que, la&nbsp; Aut\u00f3noma de Tlaxcala y el IAIP, han puesto en pr\u00e1ctica los acuerdos establecidos en el convenio de colaboraci\u00f3n signado entre ambas instituciones, hecho que ha conducido a la realizaci\u00f3n de una alianza estrat\u00e9gica para promover el fortalecimiento de la transparencia, el derecho de acceso a la informaci\u00f3n p\u00fablica y la protecci\u00f3n de datos personales, a trav\u00e9s de la suma esfuerzos para obtener buenos resultados.<\/p>\n\n\n\n<p>En este acto, se firm\u00f3 la carta de implementaci\u00f3n para las acciones que promover\u00e1 esta red, y se realiz\u00f3 la toma de protesta de quienes integran este grupo de trabajo, que est\u00e1 conformado por la UATx, IAIP, INAI, COPARMEX delegaci\u00f3n Tlaxcala, preparatoria UPAEP campus Huamantla, Instituto Estatal de la Mujer (IEM), y los ayuntamientos de Benito Ju\u00e1rez, Calpulalpan, Texoloc y Tetlanohcan.<\/p>\n","protected":false},"excerpt":{"rendered":"<p>La Universidad Aut\u00f3noma de Tlaxcala (UATx), en conjunto con el Instituto de Acceso a la Informaci\u00f3n P\u00fablica y Protecci\u00f3n de Datos Personales del Estado de Tlaxcala (IAIP), y el Instituto Nacional de Transparencia, Acceso a la Informaci\u00f3n P\u00fablica y Protecci\u00f3n de Datos Personales (INAI), fue sede de la instalaci\u00f3n de la Red Local de Socializaci\u00f3n [&hellip;]<\/p>\n","protected":false},"author":1,"featured_media":104190,"comment_status":"open","ping_status":"open","sticky":false,"template":"","format":"standard","meta":{"footnotes":""},"categories":[10],"tags":[],"class_list":["post-104189","post","type-post","status-publish","format-standard","has-post-thumbnail","hentry","category-educacion"],"blog_post_layout_featured_media_urls":{"thumbnail":["https:\/\/diariolanoticia.com.mx\/wp-content\/uploads\/2023\/01\/18-Fue-sede-UATx-de-la-instalacion-de-red-local-de-acceso-a-la-informacion-216x160.jpg",216,160,true],"full":["https:\/\/diariolanoticia.com.mx\/wp-content\/uploads\/2023\/01\/18-Fue-sede-UATx-de-la-instalacion-de-red-local-de-acceso-a-la-informacion.jpg",2300,1525,false]},"categories_names":{"10":{"name":"Educaci\u00f3n","link":"https:\/\/diariolanoticia.com.mx\/?cat=10"}},"tags_names":[],"comments_number":"0","wpmagazine_modules_lite_featured_media_urls":{"thumbnail":["https:\/\/diariolanoticia.com.mx\/wp-content\/uploads\/2023\/01\/18-Fue-sede-UATx-de-la-instalacion-de-red-local-de-acceso-a-la-informacion-216x160.jpg",216,160,true],"cvmm-medium":["https:\/\/diariolanoticia.com.mx\/wp-content\/uploads\/2023\/01\/18-Fue-sede-UATx-de-la-instalacion-de-red-local-de-acceso-a-la-informacion-300x300.jpg",300,300,true],"cvmm-medium-plus":["https:\/\/diariolanoticia.com.mx\/wp-content\/uploads\/2023\/01\/18-Fue-sede-UATx-de-la-instalacion-de-red-local-de-acceso-a-la-informacion-305x207.jpg",305,207,true],"cvmm-portrait":["https:\/\/diariolanoticia.com.mx\/wp-content\/uploads\/2023\/01\/18-Fue-sede-UATx-de-la-instalacion-de-red-local-de-acceso-a-la-informacion-400x600.jpg",400,600,true],"cvmm-medium-square":["https:\/\/diariolanoticia.com.mx\/wp-content\/uploads\/2023\/01\/18-Fue-sede-UATx-de-la-instalacion-de-red-local-de-acceso-a-la-informacion-600x600.jpg",600,600,true],"cvmm-large":["https:\/\/diariolanoticia.com.mx\/wp-content\/uploads\/2023\/01\/18-Fue-sede-UATx-de-la-instalacion-de-red-local-de-acceso-a-la-informacion-1024x1024.jpg",1024,1024,true],"cvmm-small":["https:\/\/diariolanoticia.com.mx\/wp-content\/uploads\/2023\/01\/18-Fue-sede-UATx-de-la-instalacion-de-red-local-de-acceso-a-la-informacion-130x95.jpg",130,95,true],"full":["https:\/\/diariolanoticia.com.mx\/wp-content\/uploads\/2023\/01\/18-Fue-sede-UATx-de-la-instalacion-de-red-local-de-acceso-a-la-informacion.jpg",2300,1525,false]},"_links":{"self":[{"href":"https:\/\/diariolanoticia.com.mx\/index.php?rest_route=\/wp\/v2\/posts\/104189","targetHints":{"allow":["GET"]}}],"collection":[{"href":"https:\/\/diariolanoticia.com.mx\/index.php?rest_route=\/wp\/v2\/posts"}],"about":[{"href":"https:\/\/diariolanoticia.com.mx\/index.php?rest_route=\/wp\/v2\/types\/post"}],"author":[{"embeddable":true,"href":"https:\/\/diariolanoticia.com.mx\/index.php?rest_route=\/wp\/v2\/users\/1"}],"replies":[{"embeddable":true,"href":"https:\/\/diariolanoticia.com.mx\/index.php?rest_route=%2Fwp%2Fv2%2Fcomments&post=104189"}],"version-history":[{"count":1,"href":"https:\/\/diariolanoticia.com.mx\/index.php?rest_route=\/wp\/v2\/posts\/104189\/revisions"}],"predecessor-version":[{"id":104191,"href":"https:\/\/diariolanoticia.com.mx\/index.php?rest_route=\/wp\/v2\/posts\/104189\/revisions\/104191"}],"wp:featuredmedia":[{"embeddable":true,"href":"https:\/\/diariolanoticia.com.mx\/index.php?rest_route=\/wp\/v2\/media\/104190"}],"wp:attachment":[{"href":"https:\/\/diariolanoticia.com.mx\/index.php?rest_route=%2Fwp%2Fv2%2Fmedia&parent=104189"}],"wp:term":[{"taxonomy":"category","embeddable":true,"href":"https:\/\/diariolanoticia.com.mx\/index.php?rest_route=%2Fwp%2Fv2%2Fcategories&post=104189"},{"taxonomy":"post_tag","embeddable":true,"href":"https:\/\/diariolanoticia.com.mx\/index.php?rest_route=%2Fwp%2Fv2%2Ftags&post=104189"}],"curies":[{"name":"wp","href":"https:\/\/api.w.org\/{rel}","templated":true}]}}