{"id":104192,"date":"2023-01-18T17:23:28","date_gmt":"2023-01-18T23:23:28","guid":{"rendered":"https:\/\/diariolanoticia.com.mx\/?p=104192"},"modified":"2023-01-18T17:23:31","modified_gmt":"2023-01-18T23:23:31","slug":"cruz-roja-zacatlan-al-redondeo-de-oxxo","status":"publish","type":"post","link":"https:\/\/diariolanoticia.com.mx\/?p=104192","title":{"rendered":"Cruz Roja Zacatl\u00e1n al redondeo de OXXO"},"content":{"rendered":"\n<p>Zacatl\u00e1n.- La delegaci\u00f3n en Zacatl\u00e1n de la Cruz Roja Mexicana participa en el redondeo de tiendas de conveniencia OXXO, programa que beneficiar\u00e1 la rehabilitaci\u00f3n y puesta en marcha de un par de quir\u00f3fanos en el edificio ubicado en el libramiento del Pueblo M\u00e1gico de las Manzanas.<\/p>\n\n\n\n<p>As\u00ed lo inform\u00f3 el titular de esta delegaci\u00f3n, Eybar M\u00e1rquez Manzano quien abund\u00f3 que, por gesti\u00f3n de su administraci\u00f3n ante la empresa regiomontana, fue que se logr\u00f3 ser incluidos al redondeo en m\u00e1s de 200 tiendas OXXO ubicadas mayormente en el Estado de Tlaxcala, as\u00ed como un n\u00famero importante en municipios del Norte de Puebla.<\/p>\n\n\n\n<p>El presidente de la Cruz Roja, explic\u00f3 que su delegaci\u00f3n logr\u00f3 comprobar fehacientemente la futura aplicaci\u00f3n de los recursos econ\u00f3micos, as\u00ed como el beneficio a favor de la ciudadan\u00eda de Zacatl\u00e1n y la regi\u00f3n, por lo que el redondeo sumar\u00e1 durante los meses de enero, febrero y marzo del a\u00f1o en curso, a favor del proyecto de rehabilitaci\u00f3n de quir\u00f3fanos.<\/p>\n\n\n\n<p>Sobre la rehabilitaci\u00f3n, inform\u00f3 que se trata de una obra civil de ampliaci\u00f3n, restauraci\u00f3n y equipamiento de las salas, espacios que deber\u00e1n cumplir con requerimientos federales y estatales para la pr\u00e1ctica y utilizaci\u00f3n en materia de salud.<\/p>\n\n\n\n<p>Finalmente M\u00e1rquez Manzano, exhort\u00f3 a la poblaci\u00f3n a sumarse a la iniciativa del redondeo de OXXO y de esta manera alcanzar el objetivo, agreg\u00f3 que la instituci\u00f3n trabaja de manera humanitaria y altruista con apoyo mayormente de la ciudadan\u00eda.&nbsp;<\/p>\n","protected":false},"excerpt":{"rendered":"<p>Zacatl\u00e1n.- La delegaci\u00f3n en Zacatl\u00e1n de la Cruz Roja Mexicana participa en el redondeo de tiendas de conveniencia OXXO, programa que beneficiar\u00e1 la rehabilitaci\u00f3n y puesta en marcha de un par de quir\u00f3fanos en el edificio ubicado en el libramiento del Pueblo M\u00e1gico de las Manzanas. As\u00ed lo inform\u00f3 el titular de esta delegaci\u00f3n, Eybar [&hellip;]<\/p>\n","protected":false},"author":1,"featured_media":104193,"comment_status":"open","ping_status":"open","sticky":false,"template":"","format":"standard","meta":{"footnotes":""},"categories":[20],"tags":[],"class_list":["post-104192","post","type-post","status-publish","format-standard","has-post-thumbnail","hentry","category-norte-de-puebla"],"blog_post_layout_featured_media_urls":{"thumbnail":["https:\/\/diariolanoticia.com.mx\/wp-content\/uploads\/2023\/01\/WhatsApp-Image-2023-01-18-at-17.17.50-216x160.jpeg",216,160,true],"full":["https:\/\/diariolanoticia.com.mx\/wp-content\/uploads\/2023\/01\/WhatsApp-Image-2023-01-18-at-17.17.50.jpeg",820,498,false]},"categories_names":{"20":{"name":"Norte de Puebla","link":"https:\/\/diariolanoticia.com.mx\/?cat=20"}},"tags_names":[],"comments_number":"0","wpmagazine_modules_lite_featured_media_urls":{"thumbnail":["https:\/\/diariolanoticia.com.mx\/wp-content\/uploads\/2023\/01\/WhatsApp-Image-2023-01-18-at-17.17.50-216x160.jpeg",216,160,true],"cvmm-medium":["https:\/\/diariolanoticia.com.mx\/wp-content\/uploads\/2023\/01\/WhatsApp-Image-2023-01-18-at-17.17.50-300x300.jpeg",300,300,true],"cvmm-medium-plus":["https:\/\/diariolanoticia.com.mx\/wp-content\/uploads\/2023\/01\/WhatsApp-Image-2023-01-18-at-17.17.50-305x207.jpeg",305,207,true],"cvmm-portrait":["https:\/\/diariolanoticia.com.mx\/wp-content\/uploads\/2023\/01\/WhatsApp-Image-2023-01-18-at-17.17.50-400x498.jpeg",400,498,true],"cvmm-medium-square":["https:\/\/diariolanoticia.com.mx\/wp-content\/uploads\/2023\/01\/WhatsApp-Image-2023-01-18-at-17.17.50-600x498.jpeg",600,498,true],"cvmm-large":["https:\/\/diariolanoticia.com.mx\/wp-content\/uploads\/2023\/01\/WhatsApp-Image-2023-01-18-at-17.17.50.jpeg",820,498,false],"cvmm-small":["https:\/\/diariolanoticia.com.mx\/wp-content\/uploads\/2023\/01\/WhatsApp-Image-2023-01-18-at-17.17.50-130x95.jpeg",130,95,true],"full":["https:\/\/diariolanoticia.com.mx\/wp-content\/uploads\/2023\/01\/WhatsApp-Image-2023-01-18-at-17.17.50.jpeg",820,498,false]},"_links":{"self":[{"href":"https:\/\/diariolanoticia.com.mx\/index.php?rest_route=\/wp\/v2\/posts\/104192","targetHints":{"allow":["GET"]}}],"collection":[{"href":"https:\/\/diariolanoticia.com.mx\/index.php?rest_route=\/wp\/v2\/posts"}],"about":[{"href":"https:\/\/diariolanoticia.com.mx\/index.php?rest_route=\/wp\/v2\/types\/post"}],"author":[{"embeddable":true,"href":"https:\/\/diariolanoticia.com.mx\/index.php?rest_route=\/wp\/v2\/users\/1"}],"replies":[{"embeddable":true,"href":"https:\/\/diariolanoticia.com.mx\/index.php?rest_route=%2Fwp%2Fv2%2Fcomments&post=104192"}],"version-history":[{"count":1,"href":"https:\/\/diariolanoticia.com.mx\/index.php?rest_route=\/wp\/v2\/posts\/104192\/revisions"}],"predecessor-version":[{"id":104194,"href":"https:\/\/diariolanoticia.com.mx\/index.php?rest_route=\/wp\/v2\/posts\/104192\/revisions\/104194"}],"wp:featuredmedia":[{"embeddable":true,"href":"https:\/\/diariolanoticia.com.mx\/index.php?rest_route=\/wp\/v2\/media\/104193"}],"wp:attachment":[{"href":"https:\/\/diariolanoticia.com.mx\/index.php?rest_route=%2Fwp%2Fv2%2Fmedia&parent=104192"}],"wp:term":[{"taxonomy":"category","embeddable":true,"href":"https:\/\/diariolanoticia.com.mx\/index.php?rest_route=%2Fwp%2Fv2%2Fcategories&post=104192"},{"taxonomy":"post_tag","embeddable":true,"href":"https:\/\/diariolanoticia.com.mx\/index.php?rest_route=%2Fwp%2Fv2%2Ftags&post=104192"}],"curies":[{"name":"wp","href":"https:\/\/api.w.org\/{rel}","templated":true}]}}