{"id":104617,"date":"2023-02-02T09:44:15","date_gmt":"2023-02-02T15:44:15","guid":{"rendered":"https:\/\/diariolanoticia.com.mx\/?p=104617"},"modified":"2023-02-02T09:44:17","modified_gmt":"2023-02-02T15:44:17","slug":"realiza-el-ayuntamiento-de-tlaxcala-registro-de-jovenes-para-tramite-de-cartilla-miltar","status":"publish","type":"post","link":"https:\/\/diariolanoticia.com.mx\/?p=104617","title":{"rendered":"Realiza el Ayuntamiento de Tlaxcala registro de j\u00f3venes para tramite de cartilla miltar"},"content":{"rendered":"\n<p><em>\u2022 Los d\u00edas martes y jueves se recibe documentaci\u00f3n en la Junta Municipal de Reclutamiento.<\/em><\/p>\n\n\n\n<p>El Ayuntamiento de Tlaxcala, a trav\u00e9s de la Junta Municipal de Reclutamiento, realiza el registro de j\u00f3venes para tramitar la cartilla del Servicio Militar Nacional (SMN) clase 2005 y remisos, el cual se lleva a cabo en las instalaciones de la Presidencia Municipal, los d\u00edas martes y jueves de 9:00 a 13:00 horas.<\/p>\n\n\n\n<p>Los requisitos para el tr\u00e1mite de la cartilla son, en original y copia: acta de nacimiento actualizada (2020-2023), certificado de ultimo grado de estudios concluidos, comprobante de domicilio no mayor a 2 meses, credencial de elector (INE) propia o del tutor, en caso de ser menor de edad.<\/p>\n\n\n\n<p>Asimismo, se debe presentar Clave \u00danica de Registro de Poblaci\u00f3n (CURP) actualizada y cuatro fotograf\u00edas para cartilla militar, recientes, no adheribles, blanco y negro (papel mate), no digitalizadas, de una medida de 35 mm por 45 mm.<\/p>\n\n\n\n<p>La fotograf\u00eda debe ser sin retoque, fondo blanco, corte de cabello tipo militar o casquete corto (sin copete), sin bigote y barba, camisa blanca sin adornos, sin aretes y piercing.<\/p>\n\n\n\n<p>La Junta Municipal de Reclutamiento, informa adem\u00e1s que, entre los requisitos, s\u00f3lo para ellos que fueron registrados en un municipio diferente a Tlaxcala, se deber\u00e1 presentar una constancia de no registro o tramite emitida por otra junta y en la cual se especifique que no se le ha expedido al interesado, la cartilla del Servicio Militar Nacional.<\/p>\n\n\n\n<p>Cabe destacar que, de acuerdo a la Junta Municipal de Reclutamiento, el periodo de registro que inicio el mes pasado se mantiene hasta octubre pr\u00f3ximo, para posteriormente a trav\u00e9s de la XXIII Zona Militar, proceder a realizar el sorteo correspondiente.<\/p>\n","protected":false},"excerpt":{"rendered":"<p>\u2022 Los d\u00edas martes y jueves se recibe documentaci\u00f3n en la Junta Municipal de Reclutamiento. El Ayuntamiento de Tlaxcala, a trav\u00e9s de la Junta Municipal de Reclutamiento, realiza el registro de j\u00f3venes para tramitar la cartilla del Servicio Militar Nacional (SMN) clase 2005 y remisos, el cual se lleva a cabo en las instalaciones de [&hellip;]<\/p>\n","protected":false},"author":1,"featured_media":104618,"comment_status":"open","ping_status":"open","sticky":false,"template":"","format":"standard","meta":{"footnotes":""},"categories":[17],"tags":[],"class_list":["post-104617","post","type-post","status-publish","format-standard","has-post-thumbnail","hentry","category-tlaxcala"],"blog_post_layout_featured_media_urls":{"thumbnail":["https:\/\/diariolanoticia.com.mx\/wp-content\/uploads\/2023\/02\/WhatsApp-Image-2023-02-02-at-09.38.36-216x160.jpeg",216,160,true],"full":["https:\/\/diariolanoticia.com.mx\/wp-content\/uploads\/2023\/02\/WhatsApp-Image-2023-02-02-at-09.38.36.jpeg",1600,1068,false]},"categories_names":{"17":{"name":"Tlaxcala","link":"https:\/\/diariolanoticia.com.mx\/?cat=17"}},"tags_names":[],"comments_number":"0","wpmagazine_modules_lite_featured_media_urls":{"thumbnail":["https:\/\/diariolanoticia.com.mx\/wp-content\/uploads\/2023\/02\/WhatsApp-Image-2023-02-02-at-09.38.36-216x160.jpeg",216,160,true],"cvmm-medium":["https:\/\/diariolanoticia.com.mx\/wp-content\/uploads\/2023\/02\/WhatsApp-Image-2023-02-02-at-09.38.36-300x300.jpeg",300,300,true],"cvmm-medium-plus":["https:\/\/diariolanoticia.com.mx\/wp-content\/uploads\/2023\/02\/WhatsApp-Image-2023-02-02-at-09.38.36-305x207.jpeg",305,207,true],"cvmm-portrait":["https:\/\/diariolanoticia.com.mx\/wp-content\/uploads\/2023\/02\/WhatsApp-Image-2023-02-02-at-09.38.36-400x600.jpeg",400,600,true],"cvmm-medium-square":["https:\/\/diariolanoticia.com.mx\/wp-content\/uploads\/2023\/02\/WhatsApp-Image-2023-02-02-at-09.38.36-600x600.jpeg",600,600,true],"cvmm-large":["https:\/\/diariolanoticia.com.mx\/wp-content\/uploads\/2023\/02\/WhatsApp-Image-2023-02-02-at-09.38.36-1024x1024.jpeg",1024,1024,true],"cvmm-small":["https:\/\/diariolanoticia.com.mx\/wp-content\/uploads\/2023\/02\/WhatsApp-Image-2023-02-02-at-09.38.36-130x95.jpeg",130,95,true],"full":["https:\/\/diariolanoticia.com.mx\/wp-content\/uploads\/2023\/02\/WhatsApp-Image-2023-02-02-at-09.38.36.jpeg",1600,1068,false]},"_links":{"self":[{"href":"https:\/\/diariolanoticia.com.mx\/index.php?rest_route=\/wp\/v2\/posts\/104617","targetHints":{"allow":["GET"]}}],"collection":[{"href":"https:\/\/diariolanoticia.com.mx\/index.php?rest_route=\/wp\/v2\/posts"}],"about":[{"href":"https:\/\/diariolanoticia.com.mx\/index.php?rest_route=\/wp\/v2\/types\/post"}],"author":[{"embeddable":true,"href":"https:\/\/diariolanoticia.com.mx\/index.php?rest_route=\/wp\/v2\/users\/1"}],"replies":[{"embeddable":true,"href":"https:\/\/diariolanoticia.com.mx\/index.php?rest_route=%2Fwp%2Fv2%2Fcomments&post=104617"}],"version-history":[{"count":1,"href":"https:\/\/diariolanoticia.com.mx\/index.php?rest_route=\/wp\/v2\/posts\/104617\/revisions"}],"predecessor-version":[{"id":104619,"href":"https:\/\/diariolanoticia.com.mx\/index.php?rest_route=\/wp\/v2\/posts\/104617\/revisions\/104619"}],"wp:featuredmedia":[{"embeddable":true,"href":"https:\/\/diariolanoticia.com.mx\/index.php?rest_route=\/wp\/v2\/media\/104618"}],"wp:attachment":[{"href":"https:\/\/diariolanoticia.com.mx\/index.php?rest_route=%2Fwp%2Fv2%2Fmedia&parent=104617"}],"wp:term":[{"taxonomy":"category","embeddable":true,"href":"https:\/\/diariolanoticia.com.mx\/index.php?rest_route=%2Fwp%2Fv2%2Fcategories&post=104617"},{"taxonomy":"post_tag","embeddable":true,"href":"https:\/\/diariolanoticia.com.mx\/index.php?rest_route=%2Fwp%2Fv2%2Ftags&post=104617"}],"curies":[{"name":"wp","href":"https:\/\/api.w.org\/{rel}","templated":true}]}}