{"id":104956,"date":"2023-02-09T18:39:08","date_gmt":"2023-02-10T00:39:08","guid":{"rendered":"https:\/\/diariolanoticia.com.mx\/?p=104956"},"modified":"2023-02-09T18:39:09","modified_gmt":"2023-02-10T00:39:09","slug":"fortalece-gobierno-de-puebla-estrategias-en-seguridad-con-hidalgo-y-tlaxcala","status":"publish","type":"post","link":"https:\/\/diariolanoticia.com.mx\/?p=104956","title":{"rendered":"Fortalece gobierno de Puebla estrategias en seguridad con Hidalgo y Tlaxcala"},"content":{"rendered":"\n<ul class=\"wp-block-list\">\n<li>El titular de la SEGOB, Julio Huerta G\u00f3mez particip\u00f3 en la Reuni\u00f3n de Coordinaci\u00f3n Interregional para la Construcci\u00f3n de Paz y Seguridad<\/li>\n<\/ul>\n\n\n\n<p>ACAXOCHITL\u00c1N, Hgo.- Con el objetivo de fortalecer la organizaci\u00f3n y estrategias a implementar entre los estados de Hidalgo, Puebla y Tlaxcala en materia de prevenci\u00f3n y defensa, el secretario de Gobernaci\u00f3n (SEGOB), Julio Huerta G\u00f3mez particip\u00f3 en la Reuni\u00f3n de Coordinaci\u00f3n Interregional para la Construcci\u00f3n de Paz y Seguridad, que realiz\u00f3 la Secretar\u00eda de Seguridad y Protecci\u00f3n Ciudadana federal.<\/p>\n\n\n\n<p>Durante su participaci\u00f3n, el titular de la SEGOB destac\u00f3 que el gobierno de Puebla, que encabeza Sergio Salom\u00f3n C\u00e9spedes Peregrina, ha constituido en la seguridad p\u00fablica el eje m\u00e1s importante de las acciones, por lo que es de vital importancia vincular los trabajos entre los tres \u00f3rdenes de gobierno para dar los mejores resultados posibles a la poblaci\u00f3n.<\/p>\n\n\n\n<p>Se\u00f1al\u00f3 que recientemente el mandatario concluy\u00f3 un recorrido por el estado, para coincidir con las y los ediles de los 217 municipios y sentar las bases de coordinaci\u00f3n para atacar de frente la inseguridad en todo el territorio poblano. Apunt\u00f3 que, por parte del gobierno estatal, existe total disposici\u00f3n para implementar acciones necesarias con metas espec\u00edficas, objetivos claros y precisos en bienestar de la poblaci\u00f3n.<\/p>\n\n\n\n<p>Huerta G\u00f3mez invit\u00f3 a firmar un convenio de colaboraci\u00f3n entre las tres entidades y la federaci\u00f3n, para garantizar el compromiso de coordinaci\u00f3n en materia de seguridad, y trabajar as\u00ed en el combate de delitos como la tala clandestina, robo y trasiego de hidrocarburos, narcomenudeo y robo a transportista.<\/p>\n","protected":false},"excerpt":{"rendered":"<p>ACAXOCHITL\u00c1N, Hgo.- Con el objetivo de fortalecer la organizaci\u00f3n y estrategias a implementar entre los estados de Hidalgo, Puebla y Tlaxcala en materia de prevenci\u00f3n y defensa, el secretario de Gobernaci\u00f3n (SEGOB), Julio Huerta G\u00f3mez particip\u00f3 en la Reuni\u00f3n de Coordinaci\u00f3n Interregional para la Construcci\u00f3n de Paz y Seguridad, que realiz\u00f3 la Secretar\u00eda de Seguridad [&hellip;]<\/p>\n","protected":false},"author":1,"featured_media":104955,"comment_status":"open","ping_status":"open","sticky":false,"template":"","format":"standard","meta":{"footnotes":""},"categories":[20],"tags":[52],"class_list":["post-104956","post","type-post","status-publish","format-standard","has-post-thumbnail","hentry","category-norte-de-puebla","tag-puebla"],"blog_post_layout_featured_media_urls":{"thumbnail":["https:\/\/diariolanoticia.com.mx\/wp-content\/uploads\/2023\/02\/img_5076-216x160.jpg",216,160,true],"full":["https:\/\/diariolanoticia.com.mx\/wp-content\/uploads\/2023\/02\/img_5076.jpg",1280,878,false]},"categories_names":{"20":{"name":"Norte de Puebla","link":"https:\/\/diariolanoticia.com.mx\/?cat=20"}},"tags_names":{"52":{"name":"Puebla","link":"https:\/\/diariolanoticia.com.mx\/?tag=puebla"}},"comments_number":"0","wpmagazine_modules_lite_featured_media_urls":{"thumbnail":["https:\/\/diariolanoticia.com.mx\/wp-content\/uploads\/2023\/02\/img_5076-216x160.jpg",216,160,true],"cvmm-medium":["https:\/\/diariolanoticia.com.mx\/wp-content\/uploads\/2023\/02\/img_5076-300x300.jpg",300,300,true],"cvmm-medium-plus":["https:\/\/diariolanoticia.com.mx\/wp-content\/uploads\/2023\/02\/img_5076-305x207.jpg",305,207,true],"cvmm-portrait":["https:\/\/diariolanoticia.com.mx\/wp-content\/uploads\/2023\/02\/img_5076-400x600.jpg",400,600,true],"cvmm-medium-square":["https:\/\/diariolanoticia.com.mx\/wp-content\/uploads\/2023\/02\/img_5076-600x600.jpg",600,600,true],"cvmm-large":["https:\/\/diariolanoticia.com.mx\/wp-content\/uploads\/2023\/02\/img_5076-1024x878.jpg",1024,878,true],"cvmm-small":["https:\/\/diariolanoticia.com.mx\/wp-content\/uploads\/2023\/02\/img_5076-130x95.jpg",130,95,true],"full":["https:\/\/diariolanoticia.com.mx\/wp-content\/uploads\/2023\/02\/img_5076.jpg",1280,878,false]},"_links":{"self":[{"href":"https:\/\/diariolanoticia.com.mx\/index.php?rest_route=\/wp\/v2\/posts\/104956","targetHints":{"allow":["GET"]}}],"collection":[{"href":"https:\/\/diariolanoticia.com.mx\/index.php?rest_route=\/wp\/v2\/posts"}],"about":[{"href":"https:\/\/diariolanoticia.com.mx\/index.php?rest_route=\/wp\/v2\/types\/post"}],"author":[{"embeddable":true,"href":"https:\/\/diariolanoticia.com.mx\/index.php?rest_route=\/wp\/v2\/users\/1"}],"replies":[{"embeddable":true,"href":"https:\/\/diariolanoticia.com.mx\/index.php?rest_route=%2Fwp%2Fv2%2Fcomments&post=104956"}],"version-history":[{"count":1,"href":"https:\/\/diariolanoticia.com.mx\/index.php?rest_route=\/wp\/v2\/posts\/104956\/revisions"}],"predecessor-version":[{"id":104957,"href":"https:\/\/diariolanoticia.com.mx\/index.php?rest_route=\/wp\/v2\/posts\/104956\/revisions\/104957"}],"wp:featuredmedia":[{"embeddable":true,"href":"https:\/\/diariolanoticia.com.mx\/index.php?rest_route=\/wp\/v2\/media\/104955"}],"wp:attachment":[{"href":"https:\/\/diariolanoticia.com.mx\/index.php?rest_route=%2Fwp%2Fv2%2Fmedia&parent=104956"}],"wp:term":[{"taxonomy":"category","embeddable":true,"href":"https:\/\/diariolanoticia.com.mx\/index.php?rest_route=%2Fwp%2Fv2%2Fcategories&post=104956"},{"taxonomy":"post_tag","embeddable":true,"href":"https:\/\/diariolanoticia.com.mx\/index.php?rest_route=%2Fwp%2Fv2%2Ftags&post=104956"}],"curies":[{"name":"wp","href":"https:\/\/api.w.org\/{rel}","templated":true}]}}