{"id":105024,"date":"2023-02-13T11:12:35","date_gmt":"2023-02-13T17:12:35","guid":{"rendered":"https:\/\/diariolanoticia.com.mx\/?p=105024"},"modified":"2023-02-13T11:12:36","modified_gmt":"2023-02-13T17:12:36","slug":"academia-municipal-de-policia-de-puebla-fue-sede-de-la-sesion-del-carc","status":"publish","type":"post","link":"https:\/\/diariolanoticia.com.mx\/?p=105024","title":{"rendered":"ACADEMIA MUNICIPAL DE POLICIA DE PUEBLA FUE SEDE DE LA SESI\u00d3N DEL CARC"},"content":{"rendered":"\n<ul class=\"wp-block-list\"><li>Representantes de nueve institutos y academias se reunieron en esta Primera Sesi\u00f3n Ordinaria para actualizar el Programa Rector de Profesionalizaci\u00f3n y el esquema de trabajo del Consejo Acad\u00e9mico.<\/li><\/ul>\n\n\n\n<p>Puebla Capital fue sede de la Primera Sesi\u00f3n Ordinaria 2023 del Consejo Acad\u00e9mico Regi\u00f3n Centro (CARC), en la que nueve academias e institutos de Formaci\u00f3n Policial intercambiaron experiencias, conocimientos y herramientas en materia de seguridad.<\/p>\n\n\n\n<p>En representaci\u00f3n de Eduardo Rivera P\u00e9rez, Presidente Municipal de Puebla, Mar\u00eda del Consuelo Cruz Galindo, Secretaria de Seguridad Ciudadana, dio la bienvenida a los directivos de academias policiales del Estado de M\u00e9xico, Guerrero, Hidalgo, Morelos, Tlaxcala y CDMX, adem\u00e1s del municipio anfitri\u00f3n.<\/p>\n\n\n\n<p>En el encuentro se abordaron propuestas para la actualizaci\u00f3n del \u201cPrograma Rector de Profesionalizaci\u00f3n\u201d por parte de los nueve institutos y academias participantes en el CARC, los cuales est\u00e1n debidamente acreditadas como instancias capacitadoras ante el Secretariado Ejecutivo del Sistema Nacional de Seguridad P\u00fablica (SESNSP).<\/p>\n","protected":false},"excerpt":{"rendered":"<p>Representantes de nueve institutos y academias se reunieron en esta Primera Sesi\u00f3n Ordinaria para actualizar el Programa Rector de Profesionalizaci\u00f3n y el esquema de trabajo del Consejo Acad\u00e9mico. Puebla Capital fue sede de la Primera Sesi\u00f3n Ordinaria 2023 del Consejo Acad\u00e9mico Regi\u00f3n Centro (CARC), en la que nueve academias e institutos de Formaci\u00f3n Policial intercambiaron [&hellip;]<\/p>\n","protected":false},"author":1,"featured_media":105025,"comment_status":"open","ping_status":"open","sticky":false,"template":"","format":"standard","meta":{"footnotes":""},"categories":[11],"tags":[],"class_list":["post-105024","post","type-post","status-publish","format-standard","has-post-thumbnail","hentry","category-policia"],"blog_post_layout_featured_media_urls":{"thumbnail":["https:\/\/diariolanoticia.com.mx\/wp-content\/uploads\/2023\/02\/WhatsApp-Image-2023-02-13-at-11.07.16-4-216x160.jpeg",216,160,true],"full":["https:\/\/diariolanoticia.com.mx\/wp-content\/uploads\/2023\/02\/WhatsApp-Image-2023-02-13-at-11.07.16-4.jpeg",1563,954,false]},"categories_names":{"11":{"name":"Polic\u00eda","link":"https:\/\/diariolanoticia.com.mx\/?cat=11"}},"tags_names":[],"comments_number":"0","wpmagazine_modules_lite_featured_media_urls":{"thumbnail":["https:\/\/diariolanoticia.com.mx\/wp-content\/uploads\/2023\/02\/WhatsApp-Image-2023-02-13-at-11.07.16-4-216x160.jpeg",216,160,true],"cvmm-medium":["https:\/\/diariolanoticia.com.mx\/wp-content\/uploads\/2023\/02\/WhatsApp-Image-2023-02-13-at-11.07.16-4-300x300.jpeg",300,300,true],"cvmm-medium-plus":["https:\/\/diariolanoticia.com.mx\/wp-content\/uploads\/2023\/02\/WhatsApp-Image-2023-02-13-at-11.07.16-4-305x207.jpeg",305,207,true],"cvmm-portrait":["https:\/\/diariolanoticia.com.mx\/wp-content\/uploads\/2023\/02\/WhatsApp-Image-2023-02-13-at-11.07.16-4-400x600.jpeg",400,600,true],"cvmm-medium-square":["https:\/\/diariolanoticia.com.mx\/wp-content\/uploads\/2023\/02\/WhatsApp-Image-2023-02-13-at-11.07.16-4-600x600.jpeg",600,600,true],"cvmm-large":["https:\/\/diariolanoticia.com.mx\/wp-content\/uploads\/2023\/02\/WhatsApp-Image-2023-02-13-at-11.07.16-4-1024x954.jpeg",1024,954,true],"cvmm-small":["https:\/\/diariolanoticia.com.mx\/wp-content\/uploads\/2023\/02\/WhatsApp-Image-2023-02-13-at-11.07.16-4-130x95.jpeg",130,95,true],"full":["https:\/\/diariolanoticia.com.mx\/wp-content\/uploads\/2023\/02\/WhatsApp-Image-2023-02-13-at-11.07.16-4.jpeg",1563,954,false]},"_links":{"self":[{"href":"https:\/\/diariolanoticia.com.mx\/index.php?rest_route=\/wp\/v2\/posts\/105024","targetHints":{"allow":["GET"]}}],"collection":[{"href":"https:\/\/diariolanoticia.com.mx\/index.php?rest_route=\/wp\/v2\/posts"}],"about":[{"href":"https:\/\/diariolanoticia.com.mx\/index.php?rest_route=\/wp\/v2\/types\/post"}],"author":[{"embeddable":true,"href":"https:\/\/diariolanoticia.com.mx\/index.php?rest_route=\/wp\/v2\/users\/1"}],"replies":[{"embeddable":true,"href":"https:\/\/diariolanoticia.com.mx\/index.php?rest_route=%2Fwp%2Fv2%2Fcomments&post=105024"}],"version-history":[{"count":1,"href":"https:\/\/diariolanoticia.com.mx\/index.php?rest_route=\/wp\/v2\/posts\/105024\/revisions"}],"predecessor-version":[{"id":105026,"href":"https:\/\/diariolanoticia.com.mx\/index.php?rest_route=\/wp\/v2\/posts\/105024\/revisions\/105026"}],"wp:featuredmedia":[{"embeddable":true,"href":"https:\/\/diariolanoticia.com.mx\/index.php?rest_route=\/wp\/v2\/media\/105025"}],"wp:attachment":[{"href":"https:\/\/diariolanoticia.com.mx\/index.php?rest_route=%2Fwp%2Fv2%2Fmedia&parent=105024"}],"wp:term":[{"taxonomy":"category","embeddable":true,"href":"https:\/\/diariolanoticia.com.mx\/index.php?rest_route=%2Fwp%2Fv2%2Fcategories&post=105024"},{"taxonomy":"post_tag","embeddable":true,"href":"https:\/\/diariolanoticia.com.mx\/index.php?rest_route=%2Fwp%2Fv2%2Ftags&post=105024"}],"curies":[{"name":"wp","href":"https:\/\/api.w.org\/{rel}","templated":true}]}}