{"id":105029,"date":"2023-02-13T11:16:43","date_gmt":"2023-02-13T17:16:43","guid":{"rendered":"https:\/\/diariolanoticia.com.mx\/?p=105029"},"modified":"2023-02-13T11:16:44","modified_gmt":"2023-02-13T17:16:44","slug":"rinden-protesta-mil-300-promotores-a-favor-de-marcelo-ebrard-de-21-municipios-del-distrito-1-en-zacatelco","status":"publish","type":"post","link":"https:\/\/diariolanoticia.com.mx\/?p=105029","title":{"rendered":"Rinden protesta mil 300 promotores a favor de Marcelo Ebrard de 21 municipios del Distrito 1 en Zacatelco"},"content":{"rendered":"\n<p><em>15 expresiones del estado de Tlaxcala se unen para lograr que el canciller sea el Coordinador de los Comit\u00e9s de Defensa de la Cuarta Transformaci\u00f3n.<\/em><\/p>\n\n\n\n<p>El Diputado Federal, Carol Antonio Altamirano, enlace de Marcelo Ebrard en el estado de Tlaxcala, tom\u00f3 protesta a m\u00e1s de mil 300 promotores del Distrito I con cabecera en Zacatelco, como parte de la estructura de apoyo para que sea el Coordinador de los Comit\u00e9s de Defensa de la Cuarta Transformaci\u00f3n.<\/p>\n\n\n\n<p>Rumbo a la encuesta abierta que realizar\u00e1 el partido del Movimiento Regeneraci\u00f3n Nacional (Morena), los promotores pidieron \u00b4piso parejo\u00b4con reglas claras y resultados certeros para la elecci\u00f3n del candidato que dar\u00e1 continuidad al proyecto de naci\u00f3n que encabeza el presidente Andr\u00e9s Manuel L\u00f3pez Obrador.<\/p>\n\n\n\n<p>\u00abSe trata de un movimiento que nace desde abajo, con Marcelo hay un proyecto de continuidad con cambio porque es un proyecto dem\u00f3crata donde todas las expresiones son bienvenidas. \u00a1En la encuesta, Marcelo es la respuesta!\u00bb, expres\u00f3 el Diputado Federal, Carol Antonio Altamirano.<\/p>\n\n\n\n<p>En un verdadero ambiente de fiesta, las y los l\u00edderes representantes de decenas de expresiones sociales, manifestaron que el canciller es la mejor opci\u00f3n para ser el Coordinador Nacional de los Comit\u00e9s de Defensa de Morena rumbo al 2024.<\/p>\n\n\n\n<p>Las y los dirigentes de las organizaciones hicieron uso de la voz y la gente muy animada permaneci\u00f3 y escuch\u00f3 a todos los oradores.<\/p>\n\n\n\n<p>Su liderazgo y capacidad est\u00e1 demostrado, tan es as\u00ed, que M\u00e9xico est\u00e1 en la agenda global como un pa\u00eds hermano en Latinoam\u00e9rica, ha hecho acuerdos que benefician no solo a las y los mexicanos, sino tambi\u00e9n a los latinos.<\/p>\n\n\n\n<p>Por ello, los m\u00e1s de mil promotores de manera voluntaria y libre, se comprometieron a tocar puertas y casa por casa para concretar 10 mil promotores en el Distrito I con cabecera en Zacatelco hasta llegar a los 30 mil promotores en los tres distritos que lleven a Marcelo Ebrard encabezar la encuesta pr\u00f3xima a realizarse.<\/p>\n\n\n\n<p>Entre las organizaciones estatales participantes se cont\u00f3 con la presencia de: Ju\u00e1rez siglo XXI, Red por Marcelo y una Agenda Feminista, Di\u00e1logos Progresistas, Fuerza Izquierda Progresista, Federaci\u00f3n Nacional de la Abogac\u00eda Liberal (Fenal), Fuerza Marcelo, Red Violeta, Avanzada Nacional, Movimiento Progresista y Coraz\u00f3n Abierto, Morena Progresista y Cuarta Rep\u00fablica.<\/p>\n\n\n\n<p>As\u00ed como Mujeres Empoderadas con Causa, Coordinadora Nacional de la Sociedad Civil (CONASO), , Movimiento Progresista- MEC, Mujeres del Tercer Milenio y Transformaci\u00f3n por Tlaxcala.<\/p>\n","protected":false},"excerpt":{"rendered":"<p>15 expresiones del estado de Tlaxcala se unen para lograr que el canciller sea el Coordinador de los Comit\u00e9s de Defensa de la Cuarta Transformaci\u00f3n. El Diputado Federal, Carol Antonio Altamirano, enlace de Marcelo Ebrard en el estado de Tlaxcala, tom\u00f3 protesta a m\u00e1s de mil 300 promotores del Distrito I con cabecera en Zacatelco, [&hellip;]<\/p>\n","protected":false},"author":1,"featured_media":105030,"comment_status":"open","ping_status":"open","sticky":false,"template":"","format":"standard","meta":{"footnotes":""},"categories":[38],"tags":[],"class_list":["post-105029","post","type-post","status-publish","format-standard","has-post-thumbnail","hentry","category-politica"],"blog_post_layout_featured_media_urls":{"thumbnail":["https:\/\/diariolanoticia.com.mx\/wp-content\/uploads\/2023\/02\/ZACATELCO-TOMA-P02-216x160.jpeg",216,160,true],"full":["https:\/\/diariolanoticia.com.mx\/wp-content\/uploads\/2023\/02\/ZACATELCO-TOMA-P02.jpeg",1280,853,false]},"categories_names":{"38":{"name":"Pol\u00edtica","link":"https:\/\/diariolanoticia.com.mx\/?cat=38"}},"tags_names":[],"comments_number":"0","wpmagazine_modules_lite_featured_media_urls":{"thumbnail":["https:\/\/diariolanoticia.com.mx\/wp-content\/uploads\/2023\/02\/ZACATELCO-TOMA-P02-216x160.jpeg",216,160,true],"cvmm-medium":["https:\/\/diariolanoticia.com.mx\/wp-content\/uploads\/2023\/02\/ZACATELCO-TOMA-P02-300x300.jpeg",300,300,true],"cvmm-medium-plus":["https:\/\/diariolanoticia.com.mx\/wp-content\/uploads\/2023\/02\/ZACATELCO-TOMA-P02-305x207.jpeg",305,207,true],"cvmm-portrait":["https:\/\/diariolanoticia.com.mx\/wp-content\/uploads\/2023\/02\/ZACATELCO-TOMA-P02-400x600.jpeg",400,600,true],"cvmm-medium-square":["https:\/\/diariolanoticia.com.mx\/wp-content\/uploads\/2023\/02\/ZACATELCO-TOMA-P02-600x600.jpeg",600,600,true],"cvmm-large":["https:\/\/diariolanoticia.com.mx\/wp-content\/uploads\/2023\/02\/ZACATELCO-TOMA-P02-1024x853.jpeg",1024,853,true],"cvmm-small":["https:\/\/diariolanoticia.com.mx\/wp-content\/uploads\/2023\/02\/ZACATELCO-TOMA-P02-130x95.jpeg",130,95,true],"full":["https:\/\/diariolanoticia.com.mx\/wp-content\/uploads\/2023\/02\/ZACATELCO-TOMA-P02.jpeg",1280,853,false]},"_links":{"self":[{"href":"https:\/\/diariolanoticia.com.mx\/index.php?rest_route=\/wp\/v2\/posts\/105029","targetHints":{"allow":["GET"]}}],"collection":[{"href":"https:\/\/diariolanoticia.com.mx\/index.php?rest_route=\/wp\/v2\/posts"}],"about":[{"href":"https:\/\/diariolanoticia.com.mx\/index.php?rest_route=\/wp\/v2\/types\/post"}],"author":[{"embeddable":true,"href":"https:\/\/diariolanoticia.com.mx\/index.php?rest_route=\/wp\/v2\/users\/1"}],"replies":[{"embeddable":true,"href":"https:\/\/diariolanoticia.com.mx\/index.php?rest_route=%2Fwp%2Fv2%2Fcomments&post=105029"}],"version-history":[{"count":1,"href":"https:\/\/diariolanoticia.com.mx\/index.php?rest_route=\/wp\/v2\/posts\/105029\/revisions"}],"predecessor-version":[{"id":105031,"href":"https:\/\/diariolanoticia.com.mx\/index.php?rest_route=\/wp\/v2\/posts\/105029\/revisions\/105031"}],"wp:featuredmedia":[{"embeddable":true,"href":"https:\/\/diariolanoticia.com.mx\/index.php?rest_route=\/wp\/v2\/media\/105030"}],"wp:attachment":[{"href":"https:\/\/diariolanoticia.com.mx\/index.php?rest_route=%2Fwp%2Fv2%2Fmedia&parent=105029"}],"wp:term":[{"taxonomy":"category","embeddable":true,"href":"https:\/\/diariolanoticia.com.mx\/index.php?rest_route=%2Fwp%2Fv2%2Fcategories&post=105029"},{"taxonomy":"post_tag","embeddable":true,"href":"https:\/\/diariolanoticia.com.mx\/index.php?rest_route=%2Fwp%2Fv2%2Ftags&post=105029"}],"curies":[{"name":"wp","href":"https:\/\/api.w.org\/{rel}","templated":true}]}}