{"id":105427,"date":"2023-01-31T10:57:32","date_gmt":"2023-01-31T16:57:32","guid":{"rendered":"https:\/\/diariolanoticia.com.mx\/?p=105427"},"modified":"2023-02-20T10:57:48","modified_gmt":"2023-02-20T16:57:48","slug":"destina-gobierno-de-mexico-59-8-mdp-para-segunda-etapa-de-la-universidad-intercultural-en-ixtenco","status":"publish","type":"post","link":"https:\/\/diariolanoticia.com.mx\/?p=105427","title":{"rendered":"DESTINA GOBIERNO DE M\u00c9XICO 59.8 MDP PARA SEGUNDA ETAPA DE LA UNIVERSIDAD INTERCULTURAL EN IXTENCO"},"content":{"rendered":"\n<p>*La obra registra avance del 97 por ciento y se han aplicado m\u00e1s de 21 mdp en la primera etapa; en agosto iniciar\u00e1 clases presencialesLa administraci\u00f3n estatal que encabeza Lorena Cu\u00e9llar Cisneros recibir\u00e1 del Gobierno de M\u00e9xico, a trav\u00e9s de la Secretar\u00eda de Educaci\u00f3n P\u00fablica (SEP) federal, un recurso econ\u00f3mico de 59 millones 893 mil 208 pesos correspondientes al Fondo de Aportaciones M\u00faltiples (FAM), en sus componentes de Infraestructura Educativa B\u00e1sica, Media Superior y Superior, para la segunda etapa de construcci\u00f3n de la Universidad Intercultural de Tlaxcala, ubicada en el municipio de Ixtenco.Los proyectos estrat\u00e9gicos ya fueron publicados en el Diario Oficial de la Federaci\u00f3n (DOF), derivado de la gesti\u00f3n y confianza que tiene la SEP en el gobierno estatal, mediante el cual se dio a conocer a las entidades federativas la distribuci\u00f3n y calendarizaci\u00f3n para la ministraci\u00f3n durante el ejercicio fiscal de 2023, y en la que Tlaxcala se ver\u00e1 favorecida. Cabe destacar que este martes, la titular del Ejecutivo local supervis\u00f3 los trabajos de construcci\u00f3n de la Universidad Intercultural, donde realiz\u00f3 un recorrido por las instalaciones que registran un avance del 97 por ciento, con una inversi\u00f3n de m\u00e1s de 21 millones de pesos en la primera etapa; adem\u00e1s de que se contempla que inicie funciones en el ciclo escolar 2023\u20132024.Acompa\u00f1ada del titular de la Secretar\u00eda de Educaci\u00f3n P\u00fablica del Estado y director general de la Unidad de Servicios Educativos del Estado de Tlaxcala (SEPE\u2013USET), Homero Meneses Hern\u00e1ndez, la mandataria estatal resalt\u00f3 que desde el inicio de su administraci\u00f3n se han consolidado cinco universidades m\u00e1s en el estado para beneficio de las y los estudiantes tlaxcaltecas.Se\u00f1al\u00f3 que estas acciones forman parte de la nueva historia que se construye en la entidad, ya que \u201clo importante para este gobierno es servir y dejar huella, construir m\u00e1s aulas, m\u00e1s escuelas, ese es el camino que quiere nuestro presidente Andr\u00e9s Manuel L\u00f3pez Obrador\u201d. A su vez, Meneses Hern\u00e1ndez resalt\u00f3 que desde que se coloc\u00f3 la primera piedra el 21 de septiembre de 2022, la universidad est\u00e1 al 97 por ciento de avance, con la posibilidad de inaugurar el inmueble antes de concluir febrero y comenzar clases presenciales con al menos 100 estudiantes el pr\u00f3ximo mes de agosto.Subray\u00f3 que los planes y programas de estudio se encuentran en dise\u00f1o y se realizan con la participaci\u00f3n del comit\u00e9 promotor ampliado, del cual el pasado mes de diciembre se eligieron a seis de sus representantes y el pr\u00f3ximo 9 de febrero se elegir\u00e1 la terna para la Coordinaci\u00f3n General.Mientras, el director general del Instituto Tlaxcalteca de Infraestructura F\u00edsica Educativa (Itife), Miguel Piedras D\u00edaz inform\u00f3 que para esta primera etapa fueron invertidos m\u00e1s de 21 millones de pesos en tres aulas, sal\u00f3n de usos m\u00faltiples, canchas, cisternas de captaci\u00f3n pluvial y de agua potable, adem\u00e1s de canchas, mismas que se lograron edificar con una ampliaci\u00f3n que no estaba contemplada en esta etapa, sino hasta la siguiente. A este evento acudieron el presidente municipal de Ixtenco, Renato S\u00e1nchez Rojas; los directores de Planeaci\u00f3n Educativa y de Educaci\u00f3n Media Superior y Superior de la SEPE\u2013USET, Omar Cuatianquiz \u00c1vila y Sandra Corona Padilla, respectivamente; adem\u00e1s de integrantes del Comit\u00e9 Promotor Ampliado, entre otros invitados.<\/p>\n","protected":false},"excerpt":{"rendered":"<p>*La obra registra avance del 97 por ciento y se han aplicado m\u00e1s de 21 mdp en la primera etapa; en agosto iniciar\u00e1 clases presencialesLa administraci\u00f3n estatal que encabeza Lorena Cu\u00e9llar Cisneros recibir\u00e1 del Gobierno de M\u00e9xico, a trav\u00e9s de la Secretar\u00eda de Educaci\u00f3n P\u00fablica (SEP) federal, un recurso econ\u00f3mico de 59 millones 893 mil [&hellip;]<\/p>\n","protected":false},"author":1,"featured_media":105428,"comment_status":"open","ping_status":"open","sticky":false,"template":"","format":"standard","meta":{"footnotes":""},"categories":[21],"tags":[],"class_list":["post-105427","post","type-post","status-publish","format-standard","has-post-thumbnail","hentry","category-estatal"],"blog_post_layout_featured_media_urls":{"thumbnail":["https:\/\/diariolanoticia.com.mx\/wp-content\/uploads\/2023\/02\/328155812_1208349783399238_2877097363180951464_n-216x160.jpg",216,160,true],"full":["https:\/\/diariolanoticia.com.mx\/wp-content\/uploads\/2023\/02\/328155812_1208349783399238_2877097363180951464_n.jpg",592,395,false]},"categories_names":{"21":{"name":"Estatal","link":"https:\/\/diariolanoticia.com.mx\/?cat=21"}},"tags_names":[],"comments_number":"0","wpmagazine_modules_lite_featured_media_urls":{"thumbnail":["https:\/\/diariolanoticia.com.mx\/wp-content\/uploads\/2023\/02\/328155812_1208349783399238_2877097363180951464_n-216x160.jpg",216,160,true],"cvmm-medium":["https:\/\/diariolanoticia.com.mx\/wp-content\/uploads\/2023\/02\/328155812_1208349783399238_2877097363180951464_n-300x300.jpg",300,300,true],"cvmm-medium-plus":["https:\/\/diariolanoticia.com.mx\/wp-content\/uploads\/2023\/02\/328155812_1208349783399238_2877097363180951464_n-305x207.jpg",305,207,true],"cvmm-portrait":["https:\/\/diariolanoticia.com.mx\/wp-content\/uploads\/2023\/02\/328155812_1208349783399238_2877097363180951464_n-400x395.jpg",400,395,true],"cvmm-medium-square":["https:\/\/diariolanoticia.com.mx\/wp-content\/uploads\/2023\/02\/328155812_1208349783399238_2877097363180951464_n.jpg",592,395,false],"cvmm-large":["https:\/\/diariolanoticia.com.mx\/wp-content\/uploads\/2023\/02\/328155812_1208349783399238_2877097363180951464_n.jpg",592,395,false],"cvmm-small":["https:\/\/diariolanoticia.com.mx\/wp-content\/uploads\/2023\/02\/328155812_1208349783399238_2877097363180951464_n-130x95.jpg",130,95,true],"full":["https:\/\/diariolanoticia.com.mx\/wp-content\/uploads\/2023\/02\/328155812_1208349783399238_2877097363180951464_n.jpg",592,395,false]},"_links":{"self":[{"href":"https:\/\/diariolanoticia.com.mx\/index.php?rest_route=\/wp\/v2\/posts\/105427","targetHints":{"allow":["GET"]}}],"collection":[{"href":"https:\/\/diariolanoticia.com.mx\/index.php?rest_route=\/wp\/v2\/posts"}],"about":[{"href":"https:\/\/diariolanoticia.com.mx\/index.php?rest_route=\/wp\/v2\/types\/post"}],"author":[{"embeddable":true,"href":"https:\/\/diariolanoticia.com.mx\/index.php?rest_route=\/wp\/v2\/users\/1"}],"replies":[{"embeddable":true,"href":"https:\/\/diariolanoticia.com.mx\/index.php?rest_route=%2Fwp%2Fv2%2Fcomments&post=105427"}],"version-history":[{"count":1,"href":"https:\/\/diariolanoticia.com.mx\/index.php?rest_route=\/wp\/v2\/posts\/105427\/revisions"}],"predecessor-version":[{"id":105429,"href":"https:\/\/diariolanoticia.com.mx\/index.php?rest_route=\/wp\/v2\/posts\/105427\/revisions\/105429"}],"wp:featuredmedia":[{"embeddable":true,"href":"https:\/\/diariolanoticia.com.mx\/index.php?rest_route=\/wp\/v2\/media\/105428"}],"wp:attachment":[{"href":"https:\/\/diariolanoticia.com.mx\/index.php?rest_route=%2Fwp%2Fv2%2Fmedia&parent=105427"}],"wp:term":[{"taxonomy":"category","embeddable":true,"href":"https:\/\/diariolanoticia.com.mx\/index.php?rest_route=%2Fwp%2Fv2%2Fcategories&post=105427"},{"taxonomy":"post_tag","embeddable":true,"href":"https:\/\/diariolanoticia.com.mx\/index.php?rest_route=%2Fwp%2Fv2%2Ftags&post=105427"}],"curies":[{"name":"wp","href":"https:\/\/api.w.org\/{rel}","templated":true}]}}