{"id":105611,"date":"2023-02-21T10:51:10","date_gmt":"2023-02-21T16:51:10","guid":{"rendered":"https:\/\/diariolanoticia.com.mx\/?p=105611"},"modified":"2023-02-21T10:51:11","modified_gmt":"2023-02-21T16:51:11","slug":"ordonez-brasdefer-la-cedh-motiva-progresividad-de-derechos-y-evita-retrocesos","status":"publish","type":"post","link":"https:\/\/diariolanoticia.com.mx\/?p=105611","title":{"rendered":"Ordo\u00f1ez Brasdefer: la CEDH motiva progresividad de derechos y evita retrocesos"},"content":{"rendered":"\n<p><strong><em>* El organismo aut\u00f3nomo realiz\u00f3 el Encuentro de Defensoras y Defensores de derechos humanos para construir cultura de paz<\/em><\/strong><\/p>\n\n\n\n<p>La ombudsperson Jakqueline Ordo\u00f1ez Brasdefer afirm\u00f3 que la Comisi\u00f3n Estatal de Derechos Humanos (CEDH) est\u00e1 para evitar retrocesos en la calidad de ejercicio de los derechos humanos, y trabaja para motivar su progresividad y lanzar lejos el trazo hacia el efectivo acceso a la justicia para las personas y para las comunidades.<\/p>\n\n\n\n<p>Al inaugurar los trabajos del Encuentro de Defensoras y Defensores de Derechos Humanos para la Construcci\u00f3n de una Cultura de Paz, Ordo\u00f1ez Brasdefer subray\u00f3 que como organismo constitucional aut\u00f3nomo, la CEDH reconoce que si bien los \u00f3rganos y los Poderes trabajan sobre ritmos y din\u00e1micas diferentes, ello no impide buscar coincidencias que beneficien los derechos humanos de todas las personas por igual.<\/p>\n\n\n\n<p>\u00abLos conflictos sociales, econ\u00f3micos y pol\u00edticos son tan inmensos que requieren una estrategia contextual para su atenci\u00f3n, no basta con dar una atenci\u00f3n directa a las necesidades de cada problema en particular. El compromiso y la obligaci\u00f3n de esta Comisi\u00f3n tambi\u00e9n es identificar aquellos factores estructurales y culturales que han contribuido a la violaci\u00f3n sistem\u00e1tica de los derechos humanos\u00bb, apunt\u00f3.<\/p>\n\n\n\n<p>En tal sentido, se\u00f1al\u00f3 que el Encuentro entre defensoras y defensores de derechos humanos fue pensado como un espacio de di\u00e1logo para compartir conocimientos y buenas pr\u00e1cticas respecto de la labor de las organizaciones de la sociedad civil, colectivos, activistas, academia y personas defensoras de derechos humanos, mismo que se realiza en dos d\u00edas a trav\u00e9s de cinco paneles en los que se espera conocer experiencias, buenas pr\u00e1cticas y desaf\u00edos de las organizaciones para la reconstrucci\u00f3n del tejido social, y el rol de la sociedad civil en la promoci\u00f3n de la participaci\u00f3n ciudadana para la cultura de paz.<\/p>\n\n\n\n<p>Cabe destacar que en el primer d\u00eda de trabajos de este Encuentro hubo un total de 21 participaciones provenientes de la academia y representaciones de colectivos, organizaciones y defensor\u00edas, con temas relacionados al derecho de participaci\u00f3n ciudadana y democracia, derecho a la educaci\u00f3n, derechos y libertades de la diversidad sexual, derecho de acceso a la identidad, derecho de las v\u00edctimas, derecho de personas en movilidad, derecho de acceso a la informaci\u00f3n e igualdad sustantiva.<\/p>\n\n\n\n<p>Lo anterior, en relaci\u00f3n a la atenci\u00f3n en grupos de atenci\u00f3n prioritaria, como ni\u00f1as, ni\u00f1os, adolescentes, mujeres, personas en movilidad, personas con discapacidad y personas de la diversidad sexual.<\/p>\n\n\n\n<p>Las personas participantes en el primer d\u00eda de los trabajos fueron Ang\u00e9lica Pozos Ortiz, Mar\u00eda Elena Teloxa D\u00edaz, Felipe Hern\u00e1ndez Hern\u00e1ndez, Adriana Carro Olvera, Mar\u00eda Elza Eugenia Carrasco Lozano, Tom\u00e1s Atonal Guti\u00e9rrez, Laura Guevara Gonz\u00e1lez, Melissa Padilla Pluma, Isidro S\u00e1nchez Piedra, Lucreacia Ortega S\u00e1nchez, y Eva P\u00e9rez Garc\u00eda.<\/p>\n\n\n\n<p>Asimismo, Israel Lara Garc\u00eda, Juan Carlos Jim\u00e9nez Vicente\u00f1o, Berenice S\u00e1nchez Ordo\u00f1ez, Pedro Emmanuel Ortega Espinosa, Paola Jim\u00e9nez Aguirre, Evelyn Corte Espinosa, Mar\u00eda del Rosario Texis Z\u00fa\u00f1iga, Itzel Polo Mendieta, Tania Libertad Cuatepotzo Mazola y Efr\u00e9n L\u00f3pez Hern\u00e1ndez.<\/p>\n","protected":false},"excerpt":{"rendered":"<p>* El organismo aut\u00f3nomo realiz\u00f3 el Encuentro de Defensoras y Defensores de derechos humanos para construir cultura de paz La ombudsperson Jakqueline Ordo\u00f1ez Brasdefer afirm\u00f3 que la Comisi\u00f3n Estatal de Derechos Humanos (CEDH) est\u00e1 para evitar retrocesos en la calidad de ejercicio de los derechos humanos, y trabaja para motivar su progresividad y lanzar lejos [&hellip;]<\/p>\n","protected":false},"author":1,"featured_media":105612,"comment_status":"open","ping_status":"open","sticky":false,"template":"","format":"standard","meta":{"footnotes":""},"categories":[21],"tags":[],"class_list":["post-105611","post","type-post","status-publish","format-standard","has-post-thumbnail","hentry","category-estatal"],"blog_post_layout_featured_media_urls":{"thumbnail":["https:\/\/diariolanoticia.com.mx\/wp-content\/uploads\/2023\/02\/Boletin-Defandoras-y-defensores-01-216x160.jpg",216,160,true],"full":["https:\/\/diariolanoticia.com.mx\/wp-content\/uploads\/2023\/02\/Boletin-Defandoras-y-defensores-01-scaled.jpg",2560,1707,false]},"categories_names":{"21":{"name":"Estatal","link":"https:\/\/diariolanoticia.com.mx\/?cat=21"}},"tags_names":[],"comments_number":"0","wpmagazine_modules_lite_featured_media_urls":{"thumbnail":["https:\/\/diariolanoticia.com.mx\/wp-content\/uploads\/2023\/02\/Boletin-Defandoras-y-defensores-01-216x160.jpg",216,160,true],"cvmm-medium":["https:\/\/diariolanoticia.com.mx\/wp-content\/uploads\/2023\/02\/Boletin-Defandoras-y-defensores-01-300x300.jpg",300,300,true],"cvmm-medium-plus":["https:\/\/diariolanoticia.com.mx\/wp-content\/uploads\/2023\/02\/Boletin-Defandoras-y-defensores-01-305x207.jpg",305,207,true],"cvmm-portrait":["https:\/\/diariolanoticia.com.mx\/wp-content\/uploads\/2023\/02\/Boletin-Defandoras-y-defensores-01-400x600.jpg",400,600,true],"cvmm-medium-square":["https:\/\/diariolanoticia.com.mx\/wp-content\/uploads\/2023\/02\/Boletin-Defandoras-y-defensores-01-600x600.jpg",600,600,true],"cvmm-large":["https:\/\/diariolanoticia.com.mx\/wp-content\/uploads\/2023\/02\/Boletin-Defandoras-y-defensores-01-1024x1024.jpg",1024,1024,true],"cvmm-small":["https:\/\/diariolanoticia.com.mx\/wp-content\/uploads\/2023\/02\/Boletin-Defandoras-y-defensores-01-130x95.jpg",130,95,true],"full":["https:\/\/diariolanoticia.com.mx\/wp-content\/uploads\/2023\/02\/Boletin-Defandoras-y-defensores-01-scaled.jpg",2560,1707,false]},"_links":{"self":[{"href":"https:\/\/diariolanoticia.com.mx\/index.php?rest_route=\/wp\/v2\/posts\/105611","targetHints":{"allow":["GET"]}}],"collection":[{"href":"https:\/\/diariolanoticia.com.mx\/index.php?rest_route=\/wp\/v2\/posts"}],"about":[{"href":"https:\/\/diariolanoticia.com.mx\/index.php?rest_route=\/wp\/v2\/types\/post"}],"author":[{"embeddable":true,"href":"https:\/\/diariolanoticia.com.mx\/index.php?rest_route=\/wp\/v2\/users\/1"}],"replies":[{"embeddable":true,"href":"https:\/\/diariolanoticia.com.mx\/index.php?rest_route=%2Fwp%2Fv2%2Fcomments&post=105611"}],"version-history":[{"count":1,"href":"https:\/\/diariolanoticia.com.mx\/index.php?rest_route=\/wp\/v2\/posts\/105611\/revisions"}],"predecessor-version":[{"id":105613,"href":"https:\/\/diariolanoticia.com.mx\/index.php?rest_route=\/wp\/v2\/posts\/105611\/revisions\/105613"}],"wp:featuredmedia":[{"embeddable":true,"href":"https:\/\/diariolanoticia.com.mx\/index.php?rest_route=\/wp\/v2\/media\/105612"}],"wp:attachment":[{"href":"https:\/\/diariolanoticia.com.mx\/index.php?rest_route=%2Fwp%2Fv2%2Fmedia&parent=105611"}],"wp:term":[{"taxonomy":"category","embeddable":true,"href":"https:\/\/diariolanoticia.com.mx\/index.php?rest_route=%2Fwp%2Fv2%2Fcategories&post=105611"},{"taxonomy":"post_tag","embeddable":true,"href":"https:\/\/diariolanoticia.com.mx\/index.php?rest_route=%2Fwp%2Fv2%2Ftags&post=105611"}],"curies":[{"name":"wp","href":"https:\/\/api.w.org\/{rel}","templated":true}]}}