{"id":105635,"date":"2023-02-21T13:15:34","date_gmt":"2023-02-21T19:15:34","guid":{"rendered":"https:\/\/diariolanoticia.com.mx\/?p=105635"},"modified":"2023-02-21T13:15:35","modified_gmt":"2023-02-21T19:15:35","slug":"aprueba-lxiv-legislatura-emision-de-la-convocatoria-para-reconocer-la-labor-docente-al-frente-de-grupo-por-mas-de-50-anos","status":"publish","type":"post","link":"https:\/\/diariolanoticia.com.mx\/?p=105635","title":{"rendered":"Aprueba LXIV Legislatura emisi\u00f3n de la Convocatoria para reconocer la labor docente al frente de grupo por m\u00e1s de 50 a\u00f1os"},"content":{"rendered":"\n<p>&nbsp;\u2022 Se<em>&nbsp;entregar\u00e1 reconocimiento, est\u00edmulo y presea \u00ab50 a\u00f1os por la educaci\u00f3n al servicio del pueblo\u00bb 2023<\/em><\/p>\n\n\n\n<p>Tlaxcala, Tlax., a 21 de febrero de 2023<\/p>\n\n\n\n<p>Las y los diputados locales integrantes aprobaron durante la d\u00e9cima primera sesi\u00f3n ordinaria la iniciativa con car\u00e1cter de dictamen con proyecto de acuerdo por el que se emite la convocatoria dirigida a las y los maestros con 50 o m\u00e1s a\u00f1os de servicio activo que se consideren merecedores a obtener el reconocimiento, est\u00edmulo econ\u00f3mico y presea \u00ab50 a\u00f1os por la educaci\u00f3n al servicio del pueblo\u00bb.<\/p>\n\n\n\n<p>Del dictamen presentado por la Comisi\u00f3n de Educaci\u00f3n, Cultura, Ciencia y Tecnolog\u00eda, que preside la diputada Laura Alejandra Ram\u00edrez Ortiz, se aprobaron las bases que deber\u00e1n cubrir las y los interesados a ser acreedores de este galard\u00f3n, presentando su solicitud de manera expresa ante dicha comisi\u00f3n, original y copia de su primer nombramiento de ingreso, a fin de corroborar que cumpla con 50 o m\u00e1s a\u00f1os de servicio y quienes deber\u00e1n inscribirse antes del d\u00eda 28 de abril de 2023.<\/p>\n\n\n\n<p>Cabe recalcar que los a\u00f1os de servicio docente, deber\u00e1n ser de tiempo efectivo, descontando los per\u00edodos de licencia sin goce de sueldo, as\u00ed como los per\u00edodos laborando en funciones administrativas a fin de garantizar que la o el acreedor de dicha presea haya dedicado su vida a la labor educativa frente a grupo<\/p>\n\n\n\n<p>Las inscripciones estar\u00e1n abiertas desde la publicaci\u00f3n oficial de esta convocatoria y hasta el d\u00eda 28 de abril de 2023, para que esta presea y reconocimiento sean entregados el d\u00eda 12 de mayo de 2023 durante una sesi\u00f3n extraordinaria, p\u00fablica y solemne, como reconocimiento a la trayectoria y vocaci\u00f3n de servicio de los educadores de varias generaciones en el estado de Tlaxcala.<\/p>\n","protected":false},"excerpt":{"rendered":"<p>&nbsp;\u2022 Se&nbsp;entregar\u00e1 reconocimiento, est\u00edmulo y presea \u00ab50 a\u00f1os por la educaci\u00f3n al servicio del pueblo\u00bb 2023 Tlaxcala, Tlax., a 21 de febrero de 2023 Las y los diputados locales integrantes aprobaron durante la d\u00e9cima primera sesi\u00f3n ordinaria la iniciativa con car\u00e1cter de dictamen con proyecto de acuerdo por el que se emite la convocatoria dirigida [&hellip;]<\/p>\n","protected":false},"author":1,"featured_media":105636,"comment_status":"open","ping_status":"open","sticky":false,"template":"","format":"standard","meta":{"footnotes":""},"categories":[22],"tags":[],"class_list":["post-105635","post","type-post","status-publish","format-standard","has-post-thumbnail","hentry","category-congreso"],"blog_post_layout_featured_media_urls":{"thumbnail":["https:\/\/diariolanoticia.com.mx\/wp-content\/uploads\/2023\/02\/6b9e00a5-80f4-4df5-b988-0b70d7e2ce94-216x160.jpg",216,160,true],"full":["https:\/\/diariolanoticia.com.mx\/wp-content\/uploads\/2023\/02\/6b9e00a5-80f4-4df5-b988-0b70d7e2ce94.jpg",1024,685,false]},"categories_names":{"22":{"name":"Congreso","link":"https:\/\/diariolanoticia.com.mx\/?cat=22"}},"tags_names":[],"comments_number":"0","wpmagazine_modules_lite_featured_media_urls":{"thumbnail":["https:\/\/diariolanoticia.com.mx\/wp-content\/uploads\/2023\/02\/6b9e00a5-80f4-4df5-b988-0b70d7e2ce94-216x160.jpg",216,160,true],"cvmm-medium":["https:\/\/diariolanoticia.com.mx\/wp-content\/uploads\/2023\/02\/6b9e00a5-80f4-4df5-b988-0b70d7e2ce94-300x300.jpg",300,300,true],"cvmm-medium-plus":["https:\/\/diariolanoticia.com.mx\/wp-content\/uploads\/2023\/02\/6b9e00a5-80f4-4df5-b988-0b70d7e2ce94-305x207.jpg",305,207,true],"cvmm-portrait":["https:\/\/diariolanoticia.com.mx\/wp-content\/uploads\/2023\/02\/6b9e00a5-80f4-4df5-b988-0b70d7e2ce94-400x600.jpg",400,600,true],"cvmm-medium-square":["https:\/\/diariolanoticia.com.mx\/wp-content\/uploads\/2023\/02\/6b9e00a5-80f4-4df5-b988-0b70d7e2ce94-600x600.jpg",600,600,true],"cvmm-large":["https:\/\/diariolanoticia.com.mx\/wp-content\/uploads\/2023\/02\/6b9e00a5-80f4-4df5-b988-0b70d7e2ce94.jpg",1024,685,false],"cvmm-small":["https:\/\/diariolanoticia.com.mx\/wp-content\/uploads\/2023\/02\/6b9e00a5-80f4-4df5-b988-0b70d7e2ce94-130x95.jpg",130,95,true],"full":["https:\/\/diariolanoticia.com.mx\/wp-content\/uploads\/2023\/02\/6b9e00a5-80f4-4df5-b988-0b70d7e2ce94.jpg",1024,685,false]},"_links":{"self":[{"href":"https:\/\/diariolanoticia.com.mx\/index.php?rest_route=\/wp\/v2\/posts\/105635","targetHints":{"allow":["GET"]}}],"collection":[{"href":"https:\/\/diariolanoticia.com.mx\/index.php?rest_route=\/wp\/v2\/posts"}],"about":[{"href":"https:\/\/diariolanoticia.com.mx\/index.php?rest_route=\/wp\/v2\/types\/post"}],"author":[{"embeddable":true,"href":"https:\/\/diariolanoticia.com.mx\/index.php?rest_route=\/wp\/v2\/users\/1"}],"replies":[{"embeddable":true,"href":"https:\/\/diariolanoticia.com.mx\/index.php?rest_route=%2Fwp%2Fv2%2Fcomments&post=105635"}],"version-history":[{"count":1,"href":"https:\/\/diariolanoticia.com.mx\/index.php?rest_route=\/wp\/v2\/posts\/105635\/revisions"}],"predecessor-version":[{"id":105637,"href":"https:\/\/diariolanoticia.com.mx\/index.php?rest_route=\/wp\/v2\/posts\/105635\/revisions\/105637"}],"wp:featuredmedia":[{"embeddable":true,"href":"https:\/\/diariolanoticia.com.mx\/index.php?rest_route=\/wp\/v2\/media\/105636"}],"wp:attachment":[{"href":"https:\/\/diariolanoticia.com.mx\/index.php?rest_route=%2Fwp%2Fv2%2Fmedia&parent=105635"}],"wp:term":[{"taxonomy":"category","embeddable":true,"href":"https:\/\/diariolanoticia.com.mx\/index.php?rest_route=%2Fwp%2Fv2%2Fcategories&post=105635"},{"taxonomy":"post_tag","embeddable":true,"href":"https:\/\/diariolanoticia.com.mx\/index.php?rest_route=%2Fwp%2Fv2%2Ftags&post=105635"}],"curies":[{"name":"wp","href":"https:\/\/api.w.org\/{rel}","templated":true}]}}