{"id":106039,"date":"2023-03-03T12:37:32","date_gmt":"2023-03-03T18:37:32","guid":{"rendered":"https:\/\/diariolanoticia.com.mx\/?p=106039"},"modified":"2023-03-03T12:37:33","modified_gmt":"2023-03-03T18:37:33","slug":"abordan-en-uatx-los-niveles-epistemologicos-de-la-ciencia-juridica","status":"publish","type":"post","link":"https:\/\/diariolanoticia.com.mx\/?p=106039","title":{"rendered":"Abordan en UATx los niveles epistemol\u00f3gicos de la ciencia jur\u00eddica"},"content":{"rendered":"\n<p><\/p>\n\n\n\n<p>La Universidad Aut\u00f3noma de Tlaxcala (UATx), a trav\u00e9s del Centro de Investigaciones Jur\u00eddico-Pol\u00edticas (CIJUREP), llev\u00f3 a cabo la presentaci\u00f3n del libro intitulado: \u00abAn\u00e1lisis de la ciencia del derecho y sus niveles epistemol\u00f3gicos desde su perspectiva tridimensional\u00bb, de la autor\u00eda del Doctor Carlos Alberto Macedonio Hern\u00e1ndez, Director de la Facultad de Derecho de la Universidad Aut\u00f3noma de Yucat\u00e1n (UADY), realizado en el auditorio interactivo Manuel de Lardiz\u00e1bal y Uribe.<\/p>\n\n\n\n<p>Al respecto, el Doctor Fernando Tenorio Tagle, Coordinador General del CIJUREP, hizo una reflexi\u00f3n acerca de c\u00f3mo en el pa\u00eds, los encargados de dise\u00f1ar y construir las normas y reglas, llevan a la pr\u00e1ctica la ciencia del derecho para la creaci\u00f3n de pol\u00edticas p\u00fablicas que determinan la convivencia de los ciudadanos.<\/p>\n\n\n\n<p>En tanto, el Doctor Adri\u00e1n Renter\u00eda D\u00edaz, Profesor de la Universidad de Calabria, Italia, dijo que, el mejor instrumento de crecimiento en el estudio del derecho, es la cr\u00edtica constructiva, lanzando preguntas que apoyen y generen el desarrollo de la investigaci\u00f3n escrita y as\u00ed acrecentar la cultura jur\u00eddica.<\/p>\n\n\n\n<p>Mencion\u00f3 que, el libro de Macedonio Hern\u00e1ndez, es un tanto ambicioso, porque parte de una desconfianza de lo que conocemos del t\u00e9rmino Derecho, y esto es lo m\u00e1s importante en los textos, que generen un pensamiento cr\u00edtico, argument\u00f3.<\/p>\n\n\n\n<p>En su momento, el Doctor Carlos Alberto Macedonio Hern\u00e1ndez, indic\u00f3 que, de acuerdo a su experiencia profesional, el derecho tiene que verse desde un contexto hist\u00f3rico, porque cada sociedad es distinta y los valores difieren de una naci\u00f3n a otra, por ello, este libro, aborda la perspectiva de los primeros autores del positivismo y el realismo jur\u00eddico, entre otros temas.<\/p>\n\n\n\n<p>En este acto, se dieron cita, el Doctor Emmanuel Rodr\u00edguez Baca, Secretario Acad\u00e9mico del CIJUREP como moderador del evento y el Maestro Rafael Yubid Rodr\u00edguez Ram\u00edrez, exalumno y comentarista de la obra.<\/p>\n","protected":false},"excerpt":{"rendered":"<p>La Universidad Aut\u00f3noma de Tlaxcala (UATx), a trav\u00e9s del Centro de Investigaciones Jur\u00eddico-Pol\u00edticas (CIJUREP), llev\u00f3 a cabo la presentaci\u00f3n del libro intitulado: \u00abAn\u00e1lisis de la ciencia del derecho y sus niveles epistemol\u00f3gicos desde su perspectiva tridimensional\u00bb, de la autor\u00eda del Doctor Carlos Alberto Macedonio Hern\u00e1ndez, Director de la Facultad de Derecho de la Universidad Aut\u00f3noma [&hellip;]<\/p>\n","protected":false},"author":1,"featured_media":106040,"comment_status":"open","ping_status":"open","sticky":false,"template":"","format":"standard","meta":{"footnotes":""},"categories":[10],"tags":[],"class_list":["post-106039","post","type-post","status-publish","format-standard","has-post-thumbnail","hentry","category-educacion"],"blog_post_layout_featured_media_urls":{"thumbnail":["https:\/\/diariolanoticia.com.mx\/wp-content\/uploads\/2023\/03\/02-Abordan-en-UATx-los-niveles-epistemologicos-de-la-ciencia-juridica-216x160.jpg",216,160,true],"full":["https:\/\/diariolanoticia.com.mx\/wp-content\/uploads\/2023\/03\/02-Abordan-en-UATx-los-niveles-epistemologicos-de-la-ciencia-juridica.jpg",1400,930,false]},"categories_names":{"10":{"name":"Educaci\u00f3n","link":"https:\/\/diariolanoticia.com.mx\/?cat=10"}},"tags_names":[],"comments_number":"0","wpmagazine_modules_lite_featured_media_urls":{"thumbnail":["https:\/\/diariolanoticia.com.mx\/wp-content\/uploads\/2023\/03\/02-Abordan-en-UATx-los-niveles-epistemologicos-de-la-ciencia-juridica-216x160.jpg",216,160,true],"cvmm-medium":["https:\/\/diariolanoticia.com.mx\/wp-content\/uploads\/2023\/03\/02-Abordan-en-UATx-los-niveles-epistemologicos-de-la-ciencia-juridica-300x300.jpg",300,300,true],"cvmm-medium-plus":["https:\/\/diariolanoticia.com.mx\/wp-content\/uploads\/2023\/03\/02-Abordan-en-UATx-los-niveles-epistemologicos-de-la-ciencia-juridica-305x207.jpg",305,207,true],"cvmm-portrait":["https:\/\/diariolanoticia.com.mx\/wp-content\/uploads\/2023\/03\/02-Abordan-en-UATx-los-niveles-epistemologicos-de-la-ciencia-juridica-400x600.jpg",400,600,true],"cvmm-medium-square":["https:\/\/diariolanoticia.com.mx\/wp-content\/uploads\/2023\/03\/02-Abordan-en-UATx-los-niveles-epistemologicos-de-la-ciencia-juridica-600x600.jpg",600,600,true],"cvmm-large":["https:\/\/diariolanoticia.com.mx\/wp-content\/uploads\/2023\/03\/02-Abordan-en-UATx-los-niveles-epistemologicos-de-la-ciencia-juridica-1024x930.jpg",1024,930,true],"cvmm-small":["https:\/\/diariolanoticia.com.mx\/wp-content\/uploads\/2023\/03\/02-Abordan-en-UATx-los-niveles-epistemologicos-de-la-ciencia-juridica-130x95.jpg",130,95,true],"full":["https:\/\/diariolanoticia.com.mx\/wp-content\/uploads\/2023\/03\/02-Abordan-en-UATx-los-niveles-epistemologicos-de-la-ciencia-juridica.jpg",1400,930,false]},"_links":{"self":[{"href":"https:\/\/diariolanoticia.com.mx\/index.php?rest_route=\/wp\/v2\/posts\/106039","targetHints":{"allow":["GET"]}}],"collection":[{"href":"https:\/\/diariolanoticia.com.mx\/index.php?rest_route=\/wp\/v2\/posts"}],"about":[{"href":"https:\/\/diariolanoticia.com.mx\/index.php?rest_route=\/wp\/v2\/types\/post"}],"author":[{"embeddable":true,"href":"https:\/\/diariolanoticia.com.mx\/index.php?rest_route=\/wp\/v2\/users\/1"}],"replies":[{"embeddable":true,"href":"https:\/\/diariolanoticia.com.mx\/index.php?rest_route=%2Fwp%2Fv2%2Fcomments&post=106039"}],"version-history":[{"count":1,"href":"https:\/\/diariolanoticia.com.mx\/index.php?rest_route=\/wp\/v2\/posts\/106039\/revisions"}],"predecessor-version":[{"id":106041,"href":"https:\/\/diariolanoticia.com.mx\/index.php?rest_route=\/wp\/v2\/posts\/106039\/revisions\/106041"}],"wp:featuredmedia":[{"embeddable":true,"href":"https:\/\/diariolanoticia.com.mx\/index.php?rest_route=\/wp\/v2\/media\/106040"}],"wp:attachment":[{"href":"https:\/\/diariolanoticia.com.mx\/index.php?rest_route=%2Fwp%2Fv2%2Fmedia&parent=106039"}],"wp:term":[{"taxonomy":"category","embeddable":true,"href":"https:\/\/diariolanoticia.com.mx\/index.php?rest_route=%2Fwp%2Fv2%2Fcategories&post=106039"},{"taxonomy":"post_tag","embeddable":true,"href":"https:\/\/diariolanoticia.com.mx\/index.php?rest_route=%2Fwp%2Fv2%2Ftags&post=106039"}],"curies":[{"name":"wp","href":"https:\/\/api.w.org\/{rel}","templated":true}]}}