{"id":106646,"date":"2023-03-22T12:35:53","date_gmt":"2023-03-22T18:35:53","guid":{"rendered":"https:\/\/diariolanoticia.com.mx\/?p=106646"},"modified":"2023-03-22T12:35:55","modified_gmt":"2023-03-22T18:35:55","slug":"fundacion-femsa-lanza-llamado-urgente-para-comprometerse-por-el-futuro-de-la-seguridad-hidrica-para-2030","status":"publish","type":"post","link":"https:\/\/diariolanoticia.com.mx\/?p=106646","title":{"rendered":"Fundaci\u00f3n FEMSA lanza llamado urgente para comprometerse por el futuro de la Seguridad H\u00eddrica para 2030"},"content":{"rendered":"\n<p> Invertir\u00e1 22 millones de d\u00f3lares para esta causa en el 2030; hace un llamado a otras industrias a sumarse y para multiplicar esa inversi\u00f3n.En el marco de la Conferencia de Agua de las Naciones Unidas, Fundaci\u00f3n FEMSA inaugura la primera edici\u00f3n de Waves of Change, un espacio para visibilizar y escuchar lo que Am\u00e9rica Latina tiene que aportar a la conversaci\u00f3n internacional y los compromisos que transformar\u00e1n el futuro de la regi\u00f3n.En\u00a0<em>Waves of Change<\/em>\u00a0se abren tres conversaciones y se impulsan compromisos de socios como el Banco Interamericano de Desarrollo, One Drop Foundation, Wavin, Heineken y Coca-Cola FEMSA, entre otros.Monterrey, Nuevo Le\u00f3n, M\u00e9xico. 21 de marzo de 2023.-\u00a0El 30% del agua apta para consumo humano del mundo se encuentra en Am\u00e9rica Latina, sin embargo 160 millones de personas no tienen acceso a agua en la regi\u00f3n. Esto evidencia que el problema no solo es de acceso, pues la falta de eficiencia, gobernanza y adaptaci\u00f3n al cambio juegan un papel determinante.Para cambiar esta realidad necesitamos de la colaboraci\u00f3n de actores p\u00fablicos, privados y de la sociedad civil, pues Am\u00e9rica Latina alberga oportunidades y necesidades que pueden cambiar el presente y futuro no solo de la regi\u00f3n, sino del mundo entero.<br>Es por eso que Fundaci\u00f3n FEMSA inaugura\u00a0<a rel=\"noreferrer noopener\" href=\"https:\/\/u18102796.ct.sendgrid.net\/ls\/click?upn=0tnQDll50hE4Il2OqJ0v-2FTgSTMQTq4vWKi7KY7r8xcWgZHRP6hWyUVZqCb0EuUzzEjZMJ3V0AnxhJP-2B-2BYBcYAQ-3D-3DujtE_hphxrqG2c-2B-2B3Xjkcro0SCB1HLAe9psSG8tWJAIxFF9VSqtAygiIUbr0RKcmHncEAbEgLCc1gM1HbXU397P8I7sFzRMu75fn-2BUMaszV65HwosSco4AMeFJbCp-2FUAMiqCo3C8rrOe1jqTDGrD8ErUg6iKbY1PIWIA7n77CN0li9yyvVblxk5lN2ARxEZJEtTyEJFSxEvP6g4h8h3jdTAPQRDc-2BiPgBCAZIQue1AEOcvjg-3D\" target=\"_blank\"><em>Waves of Change<\/em><\/a>, la primera edici\u00f3n de una serie de espacios de encuentro que, en el marco de la Conferencia de Agua de las Naciones Unidas (del 22 al 24 de marzo), impulsan que la comunidad de Am\u00e9rica Latina sea escuchada, visibilizada e incluida en la\u00a0<a rel=\"noreferrer noopener\" href=\"https:\/\/u18102796.ct.sendgrid.net\/ls\/click?upn=0tnQDll50hE4Il2OqJ0v-2FSFTt6tjLxw8GEM1YKL-2FXDwparPdsvtlRCBQtPUuw6fb-2F-2F7aG2USWnMcj-2BpJsig9f-2F4RmPFAZN4jkYExQ4T7Ha8-3DBl2U_hphxrqG2c-2B-2B3Xjkcro0SCB1HLAe9psSG8tWJAIxFF9VSqtAygiIUbr0RKcmHncEAbEgLCc1gM1HbXU397P8I7khEYgnuFEVYDMDkXhhZwPk7BH2yPtw9pqfvNqhix-2B1teleJib9hTHciiA-2Ft1lwnT7zFguGV5b0Sq822LjI9f9vYVc4h6hrKlBmu-2FPbEAjGYipf2-2FVYPp6rjYlJ2g8Xxbn2e8ayaJHtrSyDraRXls-2BA-3D\" target=\"_blank\">agenda de acci\u00f3n del agua<\/a>.En estos foros podremos conocer los dilemas, la voz y compromisos que tiene Am\u00e9rica Latina para aportar a las conversaciones que determinan la visi\u00f3n y prioridad de la Seguridad H\u00eddrica a nivel internacional y los compromisos que se requieren para transformar el futuro de la regi\u00f3n.<br>\u201cEs urgente cambiar la direcci\u00f3n en la que vamos en Am\u00e9rica Latina, y en el marco de esta conferencia hacemos un llamado a reconocer que nuestra regi\u00f3n nos necesita; hoy es una obligaci\u00f3n invertir en innovaciones, colaborar con confianza y dise\u00f1ar con visi\u00f3n de futuro\u201d, mencion\u00f3 Lorena Guill\u00e9-Laris, directora de Fundaci\u00f3n FEMSA.\u201cReconocemos que solos no podremos lograrlo, por eso invitamos a Am\u00e9rica Latina y al mundo a unirse a nuestro compromiso de multiplicar la inversi\u00f3n de 22 millones de d\u00f3lares que estaremos haciendo para 2030 y ayudarnos a lograr que por cada d\u00f3lar invertido existan otros 5 d\u00f3lares de otros socios que se atrevan a compartir la visi\u00f3n y la acci\u00f3n por la Seguridad H\u00eddrica de Am\u00e9rica Latina\u201d, anunci\u00f3 Guill\u00e9-Laris.En esta edici\u00f3n de\u00a0<em>Waves of Change,<\/em>\u00a0Fundaci\u00f3n FEMSA convoca a la comunidad de Am\u00e9rica Latina a reunirse presencial y virtualmente a trav\u00e9s de tres diferentes conversaciones:<br><br><strong>S\u00e9 la gota que le da forma a la ola<\/strong><br>Jueves 23 de marzo, 18:00 a 20:00 h (ET)\u00bfEs posible cambiar la historia a trav\u00e9s del poder del arte y el agua? Para responder a esta pregunta, trabajamos durante dos meses, utilizando la metodolog\u00eda ABC para la Sostenibilidad de Fundaci\u00f3n One Drop, que desde hace 6 a\u00f1os hemos aplicado en nuestro proyecto Lazos de Agua; codise\u00f1amos, a trav\u00e9s de la participaci\u00f3n comunitaria y el acompa\u00f1amiento de artistas, una obra de arte que representa los pensamientos, sue\u00f1os y esperanzas en torno al agua de m\u00e1s de 100 personas de Am\u00e9rica Latina y Nueva York que participan de este proceso. Contamos con la participaci\u00f3n especial de Inma Barrero, una artista espa\u00f1ola que vive en Nueva York y tiene el coraz\u00f3n puesto en la conservaci\u00f3n del agua.<strong>Hablando de lo que nunca se habla LATAM Edition.<\/strong><br>Viernes 24 de marzo, 15:00 a 17:30 h (ET)\u00bfPodemos atrevernos a hablar de lo que nunca hablamos? A trav\u00e9s de una serie de charlas inspiradoras y conversaciones desafiantes, queremos encontrar juntos al elefante en la habitaci\u00f3n en los siguientes dilemas: \u00bfC\u00f3mo pueden las ciudades adaptarse de manera r\u00e1pida y equitativa cuando la crisis ya comenz\u00f3? \u00bfC\u00f3mo podemos colaborar realmente para impulsar el cambio sist\u00e9mico que necesitamos? y \u00bfqu\u00e9 soluciones deber\u00edamos impulsar y c\u00f3mo las financiamos?<br><strong>Celebrando la fuente de innovaci\u00f3n<\/strong><br>Viernes 24 de marzo, de 18:00 a 20:00 h (ET)\u00bfEs posible innovar y prosperar en un entorno como el de Am\u00e9rica Latina? Hablaremos de la parte dif\u00edcil, repasando los desaf\u00edos que enfrentan los emprendedores e instituciones y definiendo estrategias para implementar y escalar innovaciones que resuelvan los problemas del agua.<br>Adem\u00e1s, en este espacio se pronunciar\u00e1n compromisos relevantes para Am\u00e9rica Latina como el realizado entre Fundaci\u00f3n FEMSA, One Drop y el Banco Interamericano de Desarrollo de alcanzar para 2030 un mill\u00f3n de personas con acceso a agua segura en Am\u00e9rica Latina; a firma de acuerdos de cooperaci\u00f3n entre los Bancos de Desarrollo de \u00c1frica, Am\u00e9rica Latina y Asia y la firma entre el Banco Interamericano de Desarrollo y el World Meteorological Organization para promover programas y proyectos que impulsan la cooperaci\u00f3n.<br>Para sumarte a estas sesiones de manera presencial te invitamos a registrarte en nuestra p\u00e1gina\u00a0<a rel=\"noreferrer noopener\" href=\"https:\/\/u18102796.ct.sendgrid.net\/ls\/click?upn=0tnQDll50hE4Il2OqJ0v-2FTgSTMQTq4vWKi7KY7r8xcUSjB9iHYUFumc8X5driWxivlb3_hphxrqG2c-2B-2B3Xjkcro0SCB1HLAe9psSG8tWJAIxFF9VSqtAygiIUbr0RKcmHncEAbEgLCc1gM1HbXU397P8I7tp9-2FrCTJ7aafR1uFqJ2cInO03seLv0fosf6-2FFyLNYP6zNeDaGo8brWZQauieRWIMd9yHm-2B3pzwBwxRUozVt-2FNtVVI1oKI-2FnL9TFL0c8LNSFarINV4FJl4BKimpWOf20y3mqBxkPDP-2FAKGfqcfFJuGc-3D\" target=\"_blank\">https:\/\/wavesofchangelatam.com\/<\/a>\u00a0y de manera virtual podr\u00e1s hacerlo llenando\u00a0<a rel=\"noreferrer noopener\" href=\"https:\/\/u18102796.ct.sendgrid.net\/ls\/click?upn=0tnQDll50hE4Il2OqJ0v-2FUMlq7luWvgaeIZ05apkKZlVBfG3-2BWGkC4yj1wSNcvB4SYub-2Blec9Tru4H9o2VY7rF95JHwUOiTYk1rV3WVnqpq6Rde3TbG9J7b3CXwxHANtbPfJx1ad3lPo3zMCmUKEXQ-3D-3D0uQ8_hphxrqG2c-2B-2B3Xjkcro0SCB1HLAe9psSG8tWJAIxFF9VSqtAygiIUbr0RKcmHncEAbEgLCc1gM1HbXU397P8I7rY4mCYB-2B4AffhHWpMghX9NwRtYg-2BGURs289GEL3oQHBg7KyaCNwEGjdwb56EB6dPk9so2QOgnjmXuIwJWgFj1rwYSNCk5SI9Hs9bdvdM86mrgqJdhvTYgGLM8Bsp3oBcvNbqWnYmFl4Z2KBGpqLbiE-3D\" target=\"_blank\">este registro<\/a>\u00a0o siguiendo la transmisi\u00f3n en la cuenta de LinkedIn de Fundaci\u00f3n FEMSA. <\/p>\n","protected":false},"excerpt":{"rendered":"<p>Invertir\u00e1 22 millones de d\u00f3lares para esta causa en el 2030; hace un llamado a otras industrias a sumarse y para multiplicar esa inversi\u00f3n.En el marco de la Conferencia de Agua de las Naciones Unidas, Fundaci\u00f3n FEMSA inaugura la primera edici\u00f3n de Waves of Change, un espacio para visibilizar y escuchar lo que Am\u00e9rica Latina [&hellip;]<\/p>\n","protected":false},"author":1,"featured_media":106647,"comment_status":"open","ping_status":"open","sticky":false,"template":"","format":"standard","meta":{"footnotes":""},"categories":[40],"tags":[],"class_list":["post-106646","post","type-post","status-publish","format-standard","has-post-thumbnail","hentry","category-fed"],"blog_post_layout_featured_media_urls":{"thumbnail":["https:\/\/diariolanoticia.com.mx\/wp-content\/uploads\/2023\/03\/femsa-216x158.png",216,158,true],"full":["https:\/\/diariolanoticia.com.mx\/wp-content\/uploads\/2023\/03\/femsa.png",500,158,false]},"categories_names":{"40":{"name":"Federal","link":"https:\/\/diariolanoticia.com.mx\/?cat=40"}},"tags_names":[],"comments_number":"0","wpmagazine_modules_lite_featured_media_urls":{"thumbnail":["https:\/\/diariolanoticia.com.mx\/wp-content\/uploads\/2023\/03\/femsa-216x158.png",216,158,true],"cvmm-medium":["https:\/\/diariolanoticia.com.mx\/wp-content\/uploads\/2023\/03\/femsa-300x158.png",300,158,true],"cvmm-medium-plus":["https:\/\/diariolanoticia.com.mx\/wp-content\/uploads\/2023\/03\/femsa-305x158.png",305,158,true],"cvmm-portrait":["https:\/\/diariolanoticia.com.mx\/wp-content\/uploads\/2023\/03\/femsa-400x158.png",400,158,true],"cvmm-medium-square":["https:\/\/diariolanoticia.com.mx\/wp-content\/uploads\/2023\/03\/femsa.png",500,158,false],"cvmm-large":["https:\/\/diariolanoticia.com.mx\/wp-content\/uploads\/2023\/03\/femsa.png",500,158,false],"cvmm-small":["https:\/\/diariolanoticia.com.mx\/wp-content\/uploads\/2023\/03\/femsa-130x95.png",130,95,true],"full":["https:\/\/diariolanoticia.com.mx\/wp-content\/uploads\/2023\/03\/femsa.png",500,158,false]},"_links":{"self":[{"href":"https:\/\/diariolanoticia.com.mx\/index.php?rest_route=\/wp\/v2\/posts\/106646","targetHints":{"allow":["GET"]}}],"collection":[{"href":"https:\/\/diariolanoticia.com.mx\/index.php?rest_route=\/wp\/v2\/posts"}],"about":[{"href":"https:\/\/diariolanoticia.com.mx\/index.php?rest_route=\/wp\/v2\/types\/post"}],"author":[{"embeddable":true,"href":"https:\/\/diariolanoticia.com.mx\/index.php?rest_route=\/wp\/v2\/users\/1"}],"replies":[{"embeddable":true,"href":"https:\/\/diariolanoticia.com.mx\/index.php?rest_route=%2Fwp%2Fv2%2Fcomments&post=106646"}],"version-history":[{"count":1,"href":"https:\/\/diariolanoticia.com.mx\/index.php?rest_route=\/wp\/v2\/posts\/106646\/revisions"}],"predecessor-version":[{"id":106648,"href":"https:\/\/diariolanoticia.com.mx\/index.php?rest_route=\/wp\/v2\/posts\/106646\/revisions\/106648"}],"wp:featuredmedia":[{"embeddable":true,"href":"https:\/\/diariolanoticia.com.mx\/index.php?rest_route=\/wp\/v2\/media\/106647"}],"wp:attachment":[{"href":"https:\/\/diariolanoticia.com.mx\/index.php?rest_route=%2Fwp%2Fv2%2Fmedia&parent=106646"}],"wp:term":[{"taxonomy":"category","embeddable":true,"href":"https:\/\/diariolanoticia.com.mx\/index.php?rest_route=%2Fwp%2Fv2%2Fcategories&post=106646"},{"taxonomy":"post_tag","embeddable":true,"href":"https:\/\/diariolanoticia.com.mx\/index.php?rest_route=%2Fwp%2Fv2%2Ftags&post=106646"}],"curies":[{"name":"wp","href":"https:\/\/api.w.org\/{rel}","templated":true}]}}