{"id":106759,"date":"2023-03-26T18:24:55","date_gmt":"2023-03-27T00:24:55","guid":{"rendered":"https:\/\/diariolanoticia.com.mx\/?p=106759"},"modified":"2023-03-26T18:24:57","modified_gmt":"2023-03-27T00:24:57","slug":"maestras-de-zacatlan-apoyan-a-alfredo-gomez-candidato-de-la-seccion-51-snte","status":"publish","type":"post","link":"https:\/\/diariolanoticia.com.mx\/?p=106759","title":{"rendered":"Maestras de Zacatl\u00e1n apoyan a Alfredo G\u00f3mez, candidato de la Secci\u00f3n 51-SNTE"},"content":{"rendered":"\n<p>Por_ Emmanuel George \/ La Noticia&nbsp;<\/p>\n\n\n\n<p>Puebla.- Maestras del municipio de Zacatl\u00e1n encabezadas por Araceli M\u00e1rquez Manzano, se sumaron al proyecto del profesor Alfredo G\u00f3mez Palacios, candidato de la Planilla Naranja \u201cQue al SNTE le vaya bien\u201d a la presidencia de la Secci\u00f3n 51 del Sindicato Nacional de Trabajadores de la Educaci\u00f3n (SNTE).<\/p>\n\n\n\n<p>Durante un encuentro con profesionistas del magisterio y en el marco del D\u00eda Naranja, las docentes del Pueblo M\u00e1gico de las Manzanas cerraron filas en torno al maestro candidato, a quien le ofrecieron un cierre proselitista a su favor, de cara a la elecci\u00f3n el pr\u00f3ximo 28 de marzo.<\/p>\n\n\n\n<p>En este sentido, Araceli M\u00e1rquez maestra del nivel superior, destac\u00f3 que la propuesta de su homologo G\u00f3mez Palacios es un proyecto inclusivo, serio y progresivo, en el que se le ha dado cabida a todas las ideolog\u00edas e intereses de las y los maestros.<\/p>\n\n\n\n<p>Alfredo G\u00f3mez Palacios lidera las preferencias en la competencia por la Secretar\u00eda General de la secci\u00f3n 51&nbsp;del Sindicato Nacional de Trabajadores de la Educaci\u00f3n (<a href=\"https:\/\/www.elsoldepuebla.com.mx\/local\/elecciones-snte-2023-avanza-la-carrera-por-la-renovacion-sindical-del-magisterio-poblano-9787594.html\" target=\"_blank\" rel=\"noreferrer noopener\">SNTE<\/a>), informaci\u00f3n publicada por la empresa&nbsp;MC Consultancy quien lo coloc\u00f3 en primer lugar con el 35 por ciento de preferencias, en comparaci\u00f3n con su m\u00e1s cercanos rivales que \u00fanicamente alcanza el 20 y 15 porciento, respectivamente.<\/p>\n\n\n\n<p>Por_ Emmanuel George \/ La Noticia&nbsp;<\/p>\n\n\n\n<p>Puebla.- Maestras del municipio de Zacatl\u00e1n encabezadas por Araceli M\u00e1rquez Manzano, se sumaron al proyecto del profesor Alfredo G\u00f3mez Palacios, candidato de la Planilla Naranja \u201cQue al SNTE le vaya bien\u201d a la presidencia de la Secci\u00f3n 51 del Sindicato Nacional de Trabajadores de la Educaci\u00f3n (SNTE).<\/p>\n\n\n\n<p>Durante un encuentro con profesionistas del magisterio y en el marco del D\u00eda Naranja, las docentes del Pueblo M\u00e1gico de las Manzanas cerraron filas en torno al maestro candidato, a quien le ofrecieron un cierre proselitista a su favor, de cara a la elecci\u00f3n el pr\u00f3ximo 28 de marzo.<\/p>\n\n\n\n<p>En este sentido, Araceli M\u00e1rquez maestra del nivel superior, destac\u00f3 que la propuesta de su homologo G\u00f3mez Palacios es un proyecto inclusivo, serio y progresivo, en el que se le ha dado cabida a todas las ideolog\u00edas e intereses de las y los maestros.<\/p>\n\n\n\n<p>Alfredo G\u00f3mez Palacios lidera las preferencias en la competencia por la Secretar\u00eda General de la secci\u00f3n 51&nbsp;del Sindicato Nacional de Trabajadores de la Educaci\u00f3n (<a href=\"https:\/\/www.elsoldepuebla.com.mx\/local\/elecciones-snte-2023-avanza-la-carrera-por-la-renovacion-sindical-del-magisterio-poblano-9787594.html\" target=\"_blank\" rel=\"noreferrer noopener\">SNTE<\/a>), informaci\u00f3n publicada por la empresa&nbsp;MC Consultancy quien lo coloc\u00f3 en primer lugar con el 35 por ciento de preferencias, en comparaci\u00f3n con su m\u00e1s cercanos rivales que \u00fanicamente alcanza el 20 y 15 porciento, respectivamente.<\/p>\n","protected":false},"excerpt":{"rendered":"<p>Por_ Emmanuel George \/ La Noticia&nbsp; Puebla.- Maestras del municipio de Zacatl\u00e1n encabezadas por Araceli M\u00e1rquez Manzano, se sumaron al proyecto del profesor Alfredo G\u00f3mez Palacios, candidato de la Planilla Naranja \u201cQue al SNTE le vaya bien\u201d a la presidencia de la Secci\u00f3n 51 del Sindicato Nacional de Trabajadores de la Educaci\u00f3n (SNTE). Durante un [&hellip;]<\/p>\n","protected":false},"author":1,"featured_media":106760,"comment_status":"open","ping_status":"open","sticky":false,"template":"","format":"standard","meta":{"footnotes":""},"categories":[20],"tags":[],"class_list":["post-106759","post","type-post","status-publish","format-standard","has-post-thumbnail","hentry","category-norte-de-puebla"],"blog_post_layout_featured_media_urls":{"thumbnail":["https:\/\/diariolanoticia.com.mx\/wp-content\/uploads\/2023\/03\/cuotas-216x160.jpg",216,160,true],"full":["https:\/\/diariolanoticia.com.mx\/wp-content\/uploads\/2023\/03\/cuotas.jpg",800,630,false]},"categories_names":{"20":{"name":"Norte de Puebla","link":"https:\/\/diariolanoticia.com.mx\/?cat=20"}},"tags_names":[],"comments_number":"0","wpmagazine_modules_lite_featured_media_urls":{"thumbnail":["https:\/\/diariolanoticia.com.mx\/wp-content\/uploads\/2023\/03\/cuotas-216x160.jpg",216,160,true],"cvmm-medium":["https:\/\/diariolanoticia.com.mx\/wp-content\/uploads\/2023\/03\/cuotas-300x300.jpg",300,300,true],"cvmm-medium-plus":["https:\/\/diariolanoticia.com.mx\/wp-content\/uploads\/2023\/03\/cuotas-305x207.jpg",305,207,true],"cvmm-portrait":["https:\/\/diariolanoticia.com.mx\/wp-content\/uploads\/2023\/03\/cuotas-400x600.jpg",400,600,true],"cvmm-medium-square":["https:\/\/diariolanoticia.com.mx\/wp-content\/uploads\/2023\/03\/cuotas-600x600.jpg",600,600,true],"cvmm-large":["https:\/\/diariolanoticia.com.mx\/wp-content\/uploads\/2023\/03\/cuotas.jpg",800,630,false],"cvmm-small":["https:\/\/diariolanoticia.com.mx\/wp-content\/uploads\/2023\/03\/cuotas-130x95.jpg",130,95,true],"full":["https:\/\/diariolanoticia.com.mx\/wp-content\/uploads\/2023\/03\/cuotas.jpg",800,630,false]},"_links":{"self":[{"href":"https:\/\/diariolanoticia.com.mx\/index.php?rest_route=\/wp\/v2\/posts\/106759","targetHints":{"allow":["GET"]}}],"collection":[{"href":"https:\/\/diariolanoticia.com.mx\/index.php?rest_route=\/wp\/v2\/posts"}],"about":[{"href":"https:\/\/diariolanoticia.com.mx\/index.php?rest_route=\/wp\/v2\/types\/post"}],"author":[{"embeddable":true,"href":"https:\/\/diariolanoticia.com.mx\/index.php?rest_route=\/wp\/v2\/users\/1"}],"replies":[{"embeddable":true,"href":"https:\/\/diariolanoticia.com.mx\/index.php?rest_route=%2Fwp%2Fv2%2Fcomments&post=106759"}],"version-history":[{"count":1,"href":"https:\/\/diariolanoticia.com.mx\/index.php?rest_route=\/wp\/v2\/posts\/106759\/revisions"}],"predecessor-version":[{"id":106761,"href":"https:\/\/diariolanoticia.com.mx\/index.php?rest_route=\/wp\/v2\/posts\/106759\/revisions\/106761"}],"wp:featuredmedia":[{"embeddable":true,"href":"https:\/\/diariolanoticia.com.mx\/index.php?rest_route=\/wp\/v2\/media\/106760"}],"wp:attachment":[{"href":"https:\/\/diariolanoticia.com.mx\/index.php?rest_route=%2Fwp%2Fv2%2Fmedia&parent=106759"}],"wp:term":[{"taxonomy":"category","embeddable":true,"href":"https:\/\/diariolanoticia.com.mx\/index.php?rest_route=%2Fwp%2Fv2%2Fcategories&post=106759"},{"taxonomy":"post_tag","embeddable":true,"href":"https:\/\/diariolanoticia.com.mx\/index.php?rest_route=%2Fwp%2Fv2%2Ftags&post=106759"}],"curies":[{"name":"wp","href":"https:\/\/api.w.org\/{rel}","templated":true}]}}