{"id":106878,"date":"2023-03-28T15:36:47","date_gmt":"2023-03-28T21:36:47","guid":{"rendered":"https:\/\/diariolanoticia.com.mx\/?p=106878"},"modified":"2023-03-28T15:39:20","modified_gmt":"2023-03-28T21:39:20","slug":"efectuo-uatx-dialogos-acerca-de-organizacion-electoral","status":"publish","type":"post","link":"https:\/\/diariolanoticia.com.mx\/?p=106878","title":{"rendered":"Efectu\u00f3 UATx di\u00e1logos acerca de organizaci\u00f3n electoral"},"content":{"rendered":"\n<p>La Universidad Aut\u00f3noma de Tlaxcala (UATx), a trav\u00e9s de la Licenciatura en Ciencias Pol\u00edticas y Administraci\u00f3n P\u00fablica que se imparte en la Facultad de Derecho, Ciencias Pol\u00edticas y Criminolog\u00eda, llev\u00f3 a cabo la conferencia denominada: \u00abPl\u00e1ticas de socializaci\u00f3n de las actividades institucionales en materia de organizaci\u00f3n electoral primavera 2023\u00bb, impartida por la Maestra Brenda Fernanda Barr\u00f3n Rugerio, encargada del despacho de la Coordinaci\u00f3n de Organizaci\u00f3n Electoral del Servicio Profesional del Instituto Tlaxcalteca de Elecciones (ITE), la cual cont\u00f3 con la presencia de estudiantes y de la estructura directiva de esta \u00e1rea universitaria.<\/p>\n","protected":false},"excerpt":{"rendered":"<p>La Universidad Aut\u00f3noma de Tlaxcala (UATx), a trav\u00e9s de la Licenciatura en Ciencias Pol\u00edticas y Administraci\u00f3n P\u00fablica que se imparte en la Facultad de Derecho, Ciencias Pol\u00edticas y Criminolog\u00eda, llev\u00f3 a cabo la conferencia denominada: \u00abPl\u00e1ticas de socializaci\u00f3n de las actividades institucionales en materia de organizaci\u00f3n electoral primavera 2023\u00bb, impartida por la Maestra Brenda Fernanda [&hellip;]<\/p>\n","protected":false},"author":1,"featured_media":106879,"comment_status":"open","ping_status":"open","sticky":false,"template":"","format":"standard","meta":{"footnotes":""},"categories":[10],"tags":[],"class_list":["post-106878","post","type-post","status-publish","format-standard","has-post-thumbnail","hentry","category-educacion"],"blog_post_layout_featured_media_urls":{"thumbnail":["https:\/\/diariolanoticia.com.mx\/wp-content\/uploads\/2023\/03\/28-Efectuo-UATx-dialogos-acerca-de-organizacion-electoral-216x160.jpg",216,160,true],"full":["https:\/\/diariolanoticia.com.mx\/wp-content\/uploads\/2023\/03\/28-Efectuo-UATx-dialogos-acerca-de-organizacion-electoral-scaled.jpg",2560,1406,false]},"categories_names":{"10":{"name":"Educaci\u00f3n","link":"https:\/\/diariolanoticia.com.mx\/?cat=10"}},"tags_names":[],"comments_number":"0","wpmagazine_modules_lite_featured_media_urls":{"thumbnail":["https:\/\/diariolanoticia.com.mx\/wp-content\/uploads\/2023\/03\/28-Efectuo-UATx-dialogos-acerca-de-organizacion-electoral-216x160.jpg",216,160,true],"cvmm-medium":["https:\/\/diariolanoticia.com.mx\/wp-content\/uploads\/2023\/03\/28-Efectuo-UATx-dialogos-acerca-de-organizacion-electoral-300x300.jpg",300,300,true],"cvmm-medium-plus":["https:\/\/diariolanoticia.com.mx\/wp-content\/uploads\/2023\/03\/28-Efectuo-UATx-dialogos-acerca-de-organizacion-electoral-305x207.jpg",305,207,true],"cvmm-portrait":["https:\/\/diariolanoticia.com.mx\/wp-content\/uploads\/2023\/03\/28-Efectuo-UATx-dialogos-acerca-de-organizacion-electoral-400x600.jpg",400,600,true],"cvmm-medium-square":["https:\/\/diariolanoticia.com.mx\/wp-content\/uploads\/2023\/03\/28-Efectuo-UATx-dialogos-acerca-de-organizacion-electoral-600x600.jpg",600,600,true],"cvmm-large":["https:\/\/diariolanoticia.com.mx\/wp-content\/uploads\/2023\/03\/28-Efectuo-UATx-dialogos-acerca-de-organizacion-electoral-1024x1024.jpg",1024,1024,true],"cvmm-small":["https:\/\/diariolanoticia.com.mx\/wp-content\/uploads\/2023\/03\/28-Efectuo-UATx-dialogos-acerca-de-organizacion-electoral-130x95.jpg",130,95,true],"full":["https:\/\/diariolanoticia.com.mx\/wp-content\/uploads\/2023\/03\/28-Efectuo-UATx-dialogos-acerca-de-organizacion-electoral-scaled.jpg",2560,1406,false]},"_links":{"self":[{"href":"https:\/\/diariolanoticia.com.mx\/index.php?rest_route=\/wp\/v2\/posts\/106878","targetHints":{"allow":["GET"]}}],"collection":[{"href":"https:\/\/diariolanoticia.com.mx\/index.php?rest_route=\/wp\/v2\/posts"}],"about":[{"href":"https:\/\/diariolanoticia.com.mx\/index.php?rest_route=\/wp\/v2\/types\/post"}],"author":[{"embeddable":true,"href":"https:\/\/diariolanoticia.com.mx\/index.php?rest_route=\/wp\/v2\/users\/1"}],"replies":[{"embeddable":true,"href":"https:\/\/diariolanoticia.com.mx\/index.php?rest_route=%2Fwp%2Fv2%2Fcomments&post=106878"}],"version-history":[{"count":2,"href":"https:\/\/diariolanoticia.com.mx\/index.php?rest_route=\/wp\/v2\/posts\/106878\/revisions"}],"predecessor-version":[{"id":106881,"href":"https:\/\/diariolanoticia.com.mx\/index.php?rest_route=\/wp\/v2\/posts\/106878\/revisions\/106881"}],"wp:featuredmedia":[{"embeddable":true,"href":"https:\/\/diariolanoticia.com.mx\/index.php?rest_route=\/wp\/v2\/media\/106879"}],"wp:attachment":[{"href":"https:\/\/diariolanoticia.com.mx\/index.php?rest_route=%2Fwp%2Fv2%2Fmedia&parent=106878"}],"wp:term":[{"taxonomy":"category","embeddable":true,"href":"https:\/\/diariolanoticia.com.mx\/index.php?rest_route=%2Fwp%2Fv2%2Fcategories&post=106878"},{"taxonomy":"post_tag","embeddable":true,"href":"https:\/\/diariolanoticia.com.mx\/index.php?rest_route=%2Fwp%2Fv2%2Ftags&post=106878"}],"curies":[{"name":"wp","href":"https:\/\/api.w.org\/{rel}","templated":true}]}}