{"id":106888,"date":"2023-03-29T08:58:31","date_gmt":"2023-03-29T14:58:31","guid":{"rendered":"https:\/\/diariolanoticia.com.mx\/?p=106888"},"modified":"2023-03-29T08:58:32","modified_gmt":"2023-03-29T14:58:32","slug":"necesitamos-dar-a-conocer-los-productos-de-nuestra-gente-diputada-brenda-cecilia-villantes","status":"publish","type":"post","link":"https:\/\/diariolanoticia.com.mx\/?p=106888","title":{"rendered":"\u00abNecesitamos dar a conocer los productos de nuestra gente\u00bb: diputada Brenda Cecilia Villantes"},"content":{"rendered":"\n<p>\u00b7\u00a0\u00a0\u00a0\u00a0\u00a0\u00a0<em>Se llev\u00f3 a cabo la Feria Artesanal \u00abLa belleza de Teolocholco\u00bb del taller a tu casa en las instalaciones del Congreso del Estado.<\/em><\/p>\n\n\n\n<p>En el Patio Vitral del Congreso del Estado, la diputada Brenda Cecilia Villantes Rodr\u00edguez, integrante del grupo parlamentario de Movimiento de Regeneraci\u00f3n Nacional y presidenta de la Comisi\u00f3n de Fomento Agropecuario y Desarrollo Rural, reconoci\u00f3 el trabajo de las y los artesanos del municipio de Teolocholco durante la Feria Artesanal \u00abLa belleza del Teolocholco\u00bb del taller a tu casa.<\/p>\n\n\n\n<p>En su intervenci\u00f3n, la legisladora resalt\u00f3 la importancia de dar difusi\u00f3n a los productos que se venden y comercializan en cada una de las regiones, por lo que asegur\u00f3 que \u00ab<em>el d\u00eda de hoy presentamos una muestra m\u00ednima de lo que se quiere hacer, queremos que sea la primera piedra de la nueva estrategia de difusi\u00f3n de la belleza de Tlaxcala en cualquier latitud\u00bb.<\/em><\/p>\n\n\n\n<p>En ese tenor, Villantes Rodr\u00edguez, hizo un llamado a la sociedad con el objetivo de generar mayores niveles de venta en San Luis Teolocholco y en el Estado, para que \u00e9stas sean directas entre productor y cliente final y as\u00ed incrementar el flujo de recursos a los habitantes del municipio por la v\u00eda de un empleo bien remunerado, asegurando la manutenci\u00f3n de sus familias de forma digna y decorosa.&nbsp;<\/p>\n\n\n\n<p><br>Durante el evento, se presentaron bailarines de la preparatoria \u00abInstituto Reforma de Teolocholco\u00bb y una cuadrilla del municipio de Totolac, as\u00ed como el grupo prehisp\u00e1nico \u00abCulturas del pasado, voces del presente\u00bb. Entregaron reconocimientos a las y los artesanos que expusieron sus productos en esta feria, en la que las autoridades hicieron un recorrido para conocer y admirarlos.&nbsp;&nbsp;<\/p>\n\n\n\n<p>Al evento, asistieron las legisladoras Lupita Cuamatzi Aguayo, Mar\u00eda Guillermina Loaiza Cortero, Reyna Flor Ba\u00e9z Lozano, Lorena Ru\u00edz Garc\u00eda, Laura Alejandra Ram\u00edrez Ortiz, Maribel Le\u00f3n Cruz, Gabriela Esperanza Brito Jim\u00e9nez y los diputados, Bladimir Zainos Flores, presidente de la Mesa Directiva de este Congreso, Vicente Morales P\u00e9rez, Ever Alejandro Campech Avelar y Jaciel Gonz\u00e1lez Herrera.&nbsp;<\/p>\n\n\n\n<p>Tambi\u00e9n estuvieron Antonio Mart\u00ednez Velazquez, Secretario de Cultura del Estado, Sa\u00fal P\u00e9rez Bravo, director de Casa de Artesan\u00edas, Catalina Flores Hern\u00e1ndez, representante de la Organizaci\u00f3n Mujeres del Tercer Milenio, Minerva Hern\u00e1ndez Mel\u00e9ndez, Presidenta Honor\u00edfica del DIF de Teolocholco, Emilio Mendieta \u00c1guila, presidente de comunidad secci\u00f3n primera y Felipe Guti\u00e9rrez Texis, presidente de comunidad de la secci\u00f3n tercera de Teolocholco.&nbsp;<\/p>\n","protected":false},"excerpt":{"rendered":"<p>\u00b7\u00a0\u00a0\u00a0\u00a0\u00a0\u00a0Se llev\u00f3 a cabo la Feria Artesanal \u00abLa belleza de Teolocholco\u00bb del taller a tu casa en las instalaciones del Congreso del Estado. En el Patio Vitral del Congreso del Estado, la diputada Brenda Cecilia Villantes Rodr\u00edguez, integrante del grupo parlamentario de Movimiento de Regeneraci\u00f3n Nacional y presidenta de la Comisi\u00f3n de Fomento Agropecuario y [&hellip;]<\/p>\n","protected":false},"author":1,"featured_media":106889,"comment_status":"open","ping_status":"open","sticky":false,"template":"","format":"standard","meta":{"footnotes":""},"categories":[22],"tags":[],"class_list":["post-106888","post","type-post","status-publish","format-standard","has-post-thumbnail","hentry","category-congreso"],"blog_post_layout_featured_media_urls":{"thumbnail":["https:\/\/diariolanoticia.com.mx\/wp-content\/uploads\/2023\/03\/Copia-de-WhatsApp-Image-2023-03-28-at-15.17.05-216x160.jpeg",216,160,true],"full":["https:\/\/diariolanoticia.com.mx\/wp-content\/uploads\/2023\/03\/Copia-de-WhatsApp-Image-2023-03-28-at-15.17.05.jpeg",1024,684,false]},"categories_names":{"22":{"name":"Congreso","link":"https:\/\/diariolanoticia.com.mx\/?cat=22"}},"tags_names":[],"comments_number":"0","wpmagazine_modules_lite_featured_media_urls":{"thumbnail":["https:\/\/diariolanoticia.com.mx\/wp-content\/uploads\/2023\/03\/Copia-de-WhatsApp-Image-2023-03-28-at-15.17.05-216x160.jpeg",216,160,true],"cvmm-medium":["https:\/\/diariolanoticia.com.mx\/wp-content\/uploads\/2023\/03\/Copia-de-WhatsApp-Image-2023-03-28-at-15.17.05-300x300.jpeg",300,300,true],"cvmm-medium-plus":["https:\/\/diariolanoticia.com.mx\/wp-content\/uploads\/2023\/03\/Copia-de-WhatsApp-Image-2023-03-28-at-15.17.05-305x207.jpeg",305,207,true],"cvmm-portrait":["https:\/\/diariolanoticia.com.mx\/wp-content\/uploads\/2023\/03\/Copia-de-WhatsApp-Image-2023-03-28-at-15.17.05-400x600.jpeg",400,600,true],"cvmm-medium-square":["https:\/\/diariolanoticia.com.mx\/wp-content\/uploads\/2023\/03\/Copia-de-WhatsApp-Image-2023-03-28-at-15.17.05-600x600.jpeg",600,600,true],"cvmm-large":["https:\/\/diariolanoticia.com.mx\/wp-content\/uploads\/2023\/03\/Copia-de-WhatsApp-Image-2023-03-28-at-15.17.05.jpeg",1024,684,false],"cvmm-small":["https:\/\/diariolanoticia.com.mx\/wp-content\/uploads\/2023\/03\/Copia-de-WhatsApp-Image-2023-03-28-at-15.17.05-130x95.jpeg",130,95,true],"full":["https:\/\/diariolanoticia.com.mx\/wp-content\/uploads\/2023\/03\/Copia-de-WhatsApp-Image-2023-03-28-at-15.17.05.jpeg",1024,684,false]},"_links":{"self":[{"href":"https:\/\/diariolanoticia.com.mx\/index.php?rest_route=\/wp\/v2\/posts\/106888","targetHints":{"allow":["GET"]}}],"collection":[{"href":"https:\/\/diariolanoticia.com.mx\/index.php?rest_route=\/wp\/v2\/posts"}],"about":[{"href":"https:\/\/diariolanoticia.com.mx\/index.php?rest_route=\/wp\/v2\/types\/post"}],"author":[{"embeddable":true,"href":"https:\/\/diariolanoticia.com.mx\/index.php?rest_route=\/wp\/v2\/users\/1"}],"replies":[{"embeddable":true,"href":"https:\/\/diariolanoticia.com.mx\/index.php?rest_route=%2Fwp%2Fv2%2Fcomments&post=106888"}],"version-history":[{"count":1,"href":"https:\/\/diariolanoticia.com.mx\/index.php?rest_route=\/wp\/v2\/posts\/106888\/revisions"}],"predecessor-version":[{"id":106890,"href":"https:\/\/diariolanoticia.com.mx\/index.php?rest_route=\/wp\/v2\/posts\/106888\/revisions\/106890"}],"wp:featuredmedia":[{"embeddable":true,"href":"https:\/\/diariolanoticia.com.mx\/index.php?rest_route=\/wp\/v2\/media\/106889"}],"wp:attachment":[{"href":"https:\/\/diariolanoticia.com.mx\/index.php?rest_route=%2Fwp%2Fv2%2Fmedia&parent=106888"}],"wp:term":[{"taxonomy":"category","embeddable":true,"href":"https:\/\/diariolanoticia.com.mx\/index.php?rest_route=%2Fwp%2Fv2%2Fcategories&post=106888"},{"taxonomy":"post_tag","embeddable":true,"href":"https:\/\/diariolanoticia.com.mx\/index.php?rest_route=%2Fwp%2Fv2%2Ftags&post=106888"}],"curies":[{"name":"wp","href":"https:\/\/api.w.org\/{rel}","templated":true}]}}