{"id":107180,"date":"2023-04-03T16:05:29","date_gmt":"2023-04-03T22:05:29","guid":{"rendered":"https:\/\/diariolanoticia.com.mx\/?p=107180"},"modified":"2023-04-03T16:05:30","modified_gmt":"2023-04-03T22:05:30","slug":"aprueban-cambio-en-la-denominacion-de-la-comision-de-desarrollo-humano-y-social","status":"publish","type":"post","link":"https:\/\/diariolanoticia.com.mx\/?p=107180","title":{"rendered":"Aprueban cambio en la denominaci\u00f3n de la Comisi\u00f3n de Desarrollo Humano y Social\u00a0"},"content":{"rendered":"\n<p><em>\u2022El Pleno de la LXIV Legislatura del Congreso del Estado aprob\u00f3 reformar diversas disposiciones de la Ley Org\u00e1nica del Poder Legislativo del Estado de Tlaxcala y el Reglamento Interior.<\/em><\/p>\n\n\n\n<p>Tlaxcala, Tlax.,a 03 de abril de 2023<\/p>\n\n\n\n<p>En Sesi\u00f3n Extraordinaria, las y los diputados de la LXIV Legislatura aprobaron el Dictamen con Proyecto de Decreto por el que se reforman diversas disposiciones de la Ley Org\u00e1nica del Poder Legislativo del Estado de Tlaxcala y el Reglamento Interior, presentado por la Comisi\u00f3n de Puntos Constitucionales, Gobernaci\u00f3n y Justicia y Asuntos Pol\u00edticos que preside el diputado Ever Alejandro Campech Avelar.<\/p>\n\n\n\n<p>Con esta reforma se cambia la denominaci\u00f3n de la Comisi\u00f3n de Desarrollo Humano y Social para llamarse Comisi\u00f3n del Bienestar y Desarrollo Social, y de esta manera se armoniza el trabajo legislativo de dicha comisi\u00f3n ordinaria conforme a lo establecido tanto a nivel federal como estatal, en materia de bienestar. En consecuencia, toda referencia anterior a la Comisi\u00f3n de Desarrollo Humano y Social, para lo sucesivo, se entender\u00e1 como Comisi\u00f3n de Bienestar y Desarrollo Social.<\/p>\n\n\n\n<p>Cabe se\u00f1alar, que la iniciativa fue presentada en la m\u00e1xima tribuna el 23 de febrero del a\u00f1o en curso por la diputada Mar\u00eda Guillermina Loaiza Cortero, integrante del grupo parlamentario de Movimiento de Regeneraci\u00f3n Nacional (MORENA), en donde mencion\u00f3 que esta modificaci\u00f3n acompa\u00f1a a las reformas recientes a la Ley de la Administraci\u00f3n P\u00fablica del Estado de Tlaxcala, en las que se efect\u00faa el cambio de denominaci\u00f3n de la Secretar\u00eda de Desarrollo Social a Secretar\u00eda del Bienestar, adem\u00e1s garantiza el reconocimiento de los derechos civiles, sociales y pol\u00edticos de todas las personas.<\/p>\n\n\n\n<p>Dicho Decreto entr\u00f3 en vigor al momento de su aprobaci\u00f3n por el Pleno del Congreso del Estado, y deber\u00e1 publicarse en el Peri\u00f3dico Oficial del Gobierno del Estado de Tlaxcala.<\/p>\n","protected":false},"excerpt":{"rendered":"<p>\u2022El Pleno de la LXIV Legislatura del Congreso del Estado aprob\u00f3 reformar diversas disposiciones de la Ley Org\u00e1nica del Poder Legislativo del Estado de Tlaxcala y el Reglamento Interior. Tlaxcala, Tlax.,a 03 de abril de 2023 En Sesi\u00f3n Extraordinaria, las y los diputados de la LXIV Legislatura aprobaron el Dictamen con Proyecto de Decreto por [&hellip;]<\/p>\n","protected":false},"author":1,"featured_media":107181,"comment_status":"open","ping_status":"open","sticky":false,"template":"","format":"standard","meta":{"footnotes":""},"categories":[22],"tags":[],"class_list":["post-107180","post","type-post","status-publish","format-standard","has-post-thumbnail","hentry","category-congreso"],"blog_post_layout_featured_media_urls":{"thumbnail":["https:\/\/diariolanoticia.com.mx\/wp-content\/uploads\/2023\/04\/6b7f9963-b085-4b6d-beb2-78ea41614ac8-216x160.jpg",216,160,true],"full":["https:\/\/diariolanoticia.com.mx\/wp-content\/uploads\/2023\/04\/6b7f9963-b085-4b6d-beb2-78ea41614ac8.jpg",1600,1070,false]},"categories_names":{"22":{"name":"Congreso","link":"https:\/\/diariolanoticia.com.mx\/?cat=22"}},"tags_names":[],"comments_number":"0","wpmagazine_modules_lite_featured_media_urls":{"thumbnail":["https:\/\/diariolanoticia.com.mx\/wp-content\/uploads\/2023\/04\/6b7f9963-b085-4b6d-beb2-78ea41614ac8-216x160.jpg",216,160,true],"cvmm-medium":["https:\/\/diariolanoticia.com.mx\/wp-content\/uploads\/2023\/04\/6b7f9963-b085-4b6d-beb2-78ea41614ac8-300x300.jpg",300,300,true],"cvmm-medium-plus":["https:\/\/diariolanoticia.com.mx\/wp-content\/uploads\/2023\/04\/6b7f9963-b085-4b6d-beb2-78ea41614ac8-305x207.jpg",305,207,true],"cvmm-portrait":["https:\/\/diariolanoticia.com.mx\/wp-content\/uploads\/2023\/04\/6b7f9963-b085-4b6d-beb2-78ea41614ac8-400x600.jpg",400,600,true],"cvmm-medium-square":["https:\/\/diariolanoticia.com.mx\/wp-content\/uploads\/2023\/04\/6b7f9963-b085-4b6d-beb2-78ea41614ac8-600x600.jpg",600,600,true],"cvmm-large":["https:\/\/diariolanoticia.com.mx\/wp-content\/uploads\/2023\/04\/6b7f9963-b085-4b6d-beb2-78ea41614ac8-1024x1024.jpg",1024,1024,true],"cvmm-small":["https:\/\/diariolanoticia.com.mx\/wp-content\/uploads\/2023\/04\/6b7f9963-b085-4b6d-beb2-78ea41614ac8-130x95.jpg",130,95,true],"full":["https:\/\/diariolanoticia.com.mx\/wp-content\/uploads\/2023\/04\/6b7f9963-b085-4b6d-beb2-78ea41614ac8.jpg",1600,1070,false]},"_links":{"self":[{"href":"https:\/\/diariolanoticia.com.mx\/index.php?rest_route=\/wp\/v2\/posts\/107180","targetHints":{"allow":["GET"]}}],"collection":[{"href":"https:\/\/diariolanoticia.com.mx\/index.php?rest_route=\/wp\/v2\/posts"}],"about":[{"href":"https:\/\/diariolanoticia.com.mx\/index.php?rest_route=\/wp\/v2\/types\/post"}],"author":[{"embeddable":true,"href":"https:\/\/diariolanoticia.com.mx\/index.php?rest_route=\/wp\/v2\/users\/1"}],"replies":[{"embeddable":true,"href":"https:\/\/diariolanoticia.com.mx\/index.php?rest_route=%2Fwp%2Fv2%2Fcomments&post=107180"}],"version-history":[{"count":1,"href":"https:\/\/diariolanoticia.com.mx\/index.php?rest_route=\/wp\/v2\/posts\/107180\/revisions"}],"predecessor-version":[{"id":107182,"href":"https:\/\/diariolanoticia.com.mx\/index.php?rest_route=\/wp\/v2\/posts\/107180\/revisions\/107182"}],"wp:featuredmedia":[{"embeddable":true,"href":"https:\/\/diariolanoticia.com.mx\/index.php?rest_route=\/wp\/v2\/media\/107181"}],"wp:attachment":[{"href":"https:\/\/diariolanoticia.com.mx\/index.php?rest_route=%2Fwp%2Fv2%2Fmedia&parent=107180"}],"wp:term":[{"taxonomy":"category","embeddable":true,"href":"https:\/\/diariolanoticia.com.mx\/index.php?rest_route=%2Fwp%2Fv2%2Fcategories&post=107180"},{"taxonomy":"post_tag","embeddable":true,"href":"https:\/\/diariolanoticia.com.mx\/index.php?rest_route=%2Fwp%2Fv2%2Ftags&post=107180"}],"curies":[{"name":"wp","href":"https:\/\/api.w.org\/{rel}","templated":true}]}}