{"id":107199,"date":"2023-04-04T14:21:22","date_gmt":"2023-04-04T20:21:22","guid":{"rendered":"https:\/\/diariolanoticia.com.mx\/?p=107199"},"modified":"2023-04-04T14:21:23","modified_gmt":"2023-04-04T20:21:23","slug":"gobernadora-lorena-cuellar-y-director-general-del-imss-zoe-robledo-dan-seguimiento-a-avances-de-imss-bienestar","status":"publish","type":"post","link":"https:\/\/diariolanoticia.com.mx\/?p=107199","title":{"rendered":"GOBERNADORA LORENA CU\u00c9LLAR Y DIRECTOR GENERAL DEL IMSS, ZO\u00c9 ROBLEDO, DAN SEGUIMIENTO A AVANCES DE IMSS-BIENESTAR"},"content":{"rendered":"\n<p>*Encabezaron una reuni\u00f3n en la que se presentaron los progresos de la federalizaci\u00f3n de los servicios de salud, a 11 meses de su implementaci\u00f3n en la entidad<\/p>\n\n\n\n<p>La gobernadora Lorena Cu\u00e9llar y el director general del Instituto Mexicano del Seguro Social (IMSS), Zo\u00e9 Robledo Aburto sostuvieron una reuni\u00f3n para conocer los avances en el proceso de federalizaci\u00f3n de los servicios de salud en el estado.<\/p>\n\n\n\n<p>Durante la presentaci\u00f3n se destacaron importantes avances en la cobertura del personal m\u00e9dico, en las obras de infraestructura hospitalaria y equipamiento. De seguir con ese ritmo, Tlaxcala podr\u00eda convertirse en el primer estado en cumplir al 100 por ciento el Modelo de Atenci\u00f3n de la Salud IMSS-Bienestar.<\/p>\n\n\n\n<p>El Sal\u00f3n Rojo de Palacio de Gobierno fue sede del encuentro donde la mandataria estatal destac\u00f3 que una de sus prioridades es fortalecer el sistema de salud para que m\u00e1s tlaxcaltecas accedan a servicios m\u00e9dicos gratuitos y de calidad.<br>En ese sentido, resalt\u00f3 que gracias al trabajo coordinado entre los gobierno federal y estatal se ha avanzado significativamente en la implementaci\u00f3n de este modelo, que trajo beneficios tangibles a favor de los habitantes, por lo que reiter\u00f3 su respaldo al programa IMSS-Bienestar.<\/p>\n\n\n\n<p>\u201cHoy puedo decir con toda confianza, al conocer el avance que tenemos, que hicimos lo correcto. Zo\u00e9, agradezco mucho tu apoyo, tu acompa\u00f1amiento, que ha sido muy importante para dignificar la salud en Tlaxcala, tambi\u00e9n a Juan Antonio Ferrera Aguilar por todo el respaldo, sin duda, han sido los pilares para sacar adelante la salud en Tlaxcala, los compa\u00f1eros tanto a nivel federal como estatal son la m\u00e9dula espinal de todo este trabajo\u201d, afirm\u00f3.<\/p>\n\n\n\n<p>A su vez, Zo\u00e9 Robledo inform\u00f3 que han concentrado la inversi\u00f3n en la salud preventiva a trav\u00e9s del deporte y por ello en pr\u00f3ximas fechas concluir\u00e1n las obras de los Centros Deportivos de Xaloztoc y Amaxac, adem\u00e1s de la rehabilitaci\u00f3n de almacenes y la intervenci\u00f3n en 12 de las 14 Unidades de Medicina Familiar (UMF) que hay en la entidad.<\/p>\n\n\n\n<p>Adem\u00e1s, tienen contemplada la creaci\u00f3n de una guarder\u00eda para 100 infantes, la instalaci\u00f3n de una Planta de Tratamiento de Agua Residuales en el Centro Vacacional \u201cLa Trinidad\u201d, as\u00ed como la remodelaci\u00f3n de las Unidades Deportivas en Tocatl\u00e1n y Tzompantepec.<\/p>\n\n\n\n<p>En lo que respecta al personal m\u00e9dico, el titular del IMSS se\u00f1al\u00f3 que la instituci\u00f3n a su cargo forma a la mitad de m\u00e9dicos especialistas del pa\u00eds y como resultado de las intervenciones realizadas durante el gobierno del presidente de M\u00e9xico, Andr\u00e9s Manuel L\u00f3pez Obrador, en 2022 hubo un repunte de 4 mil 586 profesionales de la salud y en 2023 esta cifra incrementar\u00e1 a 4 mil 896; mientras que en 2024 egresar\u00e1n 5 mil 618 y en 2025 casi 8 mil.<\/p>\n\n\n\n<p>Zo\u00e9 Robledo mencion\u00f3 que, en diferentes momentos del a\u00f1o, llegar\u00e1n al estado 163 m\u00e9dicos residentes debido a los tiempos de rotaci\u00f3n por especialidad, mismos que constituir\u00e1n una fuerza de trabajo complementaria a lo que hacen los m\u00e9dicos ya graduados.<\/p>\n\n\n\n<p>A\u00f1adi\u00f3 que durante el draft de m\u00e9dicas y m\u00e9dicos residentes lograron contratar para Tlaxcala a 80 profesionales, de los cuales 31 fueron para el R\u00e9gimen Ordinario y 49 para el IMSS-Bienestar en especialidades de Anatom\u00eda Patol\u00f3gica, Anestesia, Cirug\u00eda, Medicina Familiar, Geriatr\u00eda, Ginecolog\u00eda, Endoscop\u00eda, Terapia Intensiva y Urgencias, entre otras.<\/p>\n\n\n\n<p>De igual forma, la directora general de los Servicios de Salud IMSS-Bienestar, Gisela Lara Salda\u00f1a comunic\u00f3 que en la entidad est\u00e1n incorporados 192 unidades de Primer Nivel y 10 hospitales, y todo el personal ya est\u00e1 capacitado en el modelo de Atenci\u00f3n a la Salud para el Bienestar.<\/p>\n\n\n\n<p>Asimismo, revel\u00f3 que del 1 de agosto al 31 de diciembre de 2022 se realizaron 16 mil 794 consultas de medicina familiar o general, 29 mil 514 consultas de especialidad, se atendieron mil 628 partos y se realizaron 4 mil 531 cirug\u00edas; mientras que, en el corte del 1 de enero al 30 de marzo de 2023, se efectuaron 12 mil 217 consultas de medicina familiar, 23 mil 846 de especialidad y mil 222 partos.<\/p>\n\n\n\n<p>Al encuentro tambi\u00e9n asistieron la directora general de los Servicios de Salud OPD-IMSS Bienestar, Gisela Lara Salda\u00f1a; el director general del Instituto de Salud para el Bienestar (Insabi), Juan Antonio Ferrer Aguilar; los secretarios de Gobierno, Sergio Gonz\u00e1lez Hern\u00e1ndez y del Sector Salud, Rigoberto Zamudio Meneses.<\/p>\n\n\n\n<p>As\u00ed como los titulares de la Unidades de Coordinaci\u00f3n Nacional de Infraestructura y Rehabilitaci\u00f3n de Establecimientos de Salud del Insabi, Carlos S\u00e1nchez Meneses; de Abastecimiento, Medicamentos y Equipamiento M\u00e9dico, Alejandro Calder\u00f3n Alipi; el coordinador estatal del IMSS Bienestar, Gabriel Guti\u00e9rrez Morales y el jefe de Oficina de la Direcci\u00f3n General del IMSS, Juan Carlos Cardona Aldave.<\/p>\n","protected":false},"excerpt":{"rendered":"<p>*Encabezaron una reuni\u00f3n en la que se presentaron los progresos de la federalizaci\u00f3n de los servicios de salud, a 11 meses de su implementaci\u00f3n en la entidad La gobernadora Lorena Cu\u00e9llar y el director general del Instituto Mexicano del Seguro Social (IMSS), Zo\u00e9 Robledo Aburto sostuvieron una reuni\u00f3n para conocer los avances en el proceso [&hellip;]<\/p>\n","protected":false},"author":1,"featured_media":107200,"comment_status":"open","ping_status":"open","sticky":false,"template":"","format":"standard","meta":{"footnotes":""},"categories":[21],"tags":[],"class_list":["post-107199","post","type-post","status-publish","format-standard","has-post-thumbnail","hentry","category-estatal"],"blog_post_layout_featured_media_urls":{"thumbnail":["https:\/\/diariolanoticia.com.mx\/wp-content\/uploads\/2023\/04\/WhatsApp-Image-2023-04-04-at-14.06.06-216x160.jpeg",216,160,true],"full":["https:\/\/diariolanoticia.com.mx\/wp-content\/uploads\/2023\/04\/WhatsApp-Image-2023-04-04-at-14.06.06.jpeg",1024,683,false]},"categories_names":{"21":{"name":"Estatal","link":"https:\/\/diariolanoticia.com.mx\/?cat=21"}},"tags_names":[],"comments_number":"0","wpmagazine_modules_lite_featured_media_urls":{"thumbnail":["https:\/\/diariolanoticia.com.mx\/wp-content\/uploads\/2023\/04\/WhatsApp-Image-2023-04-04-at-14.06.06-216x160.jpeg",216,160,true],"cvmm-medium":["https:\/\/diariolanoticia.com.mx\/wp-content\/uploads\/2023\/04\/WhatsApp-Image-2023-04-04-at-14.06.06-300x300.jpeg",300,300,true],"cvmm-medium-plus":["https:\/\/diariolanoticia.com.mx\/wp-content\/uploads\/2023\/04\/WhatsApp-Image-2023-04-04-at-14.06.06-305x207.jpeg",305,207,true],"cvmm-portrait":["https:\/\/diariolanoticia.com.mx\/wp-content\/uploads\/2023\/04\/WhatsApp-Image-2023-04-04-at-14.06.06-400x600.jpeg",400,600,true],"cvmm-medium-square":["https:\/\/diariolanoticia.com.mx\/wp-content\/uploads\/2023\/04\/WhatsApp-Image-2023-04-04-at-14.06.06-600x600.jpeg",600,600,true],"cvmm-large":["https:\/\/diariolanoticia.com.mx\/wp-content\/uploads\/2023\/04\/WhatsApp-Image-2023-04-04-at-14.06.06.jpeg",1024,683,false],"cvmm-small":["https:\/\/diariolanoticia.com.mx\/wp-content\/uploads\/2023\/04\/WhatsApp-Image-2023-04-04-at-14.06.06-130x95.jpeg",130,95,true],"full":["https:\/\/diariolanoticia.com.mx\/wp-content\/uploads\/2023\/04\/WhatsApp-Image-2023-04-04-at-14.06.06.jpeg",1024,683,false]},"_links":{"self":[{"href":"https:\/\/diariolanoticia.com.mx\/index.php?rest_route=\/wp\/v2\/posts\/107199","targetHints":{"allow":["GET"]}}],"collection":[{"href":"https:\/\/diariolanoticia.com.mx\/index.php?rest_route=\/wp\/v2\/posts"}],"about":[{"href":"https:\/\/diariolanoticia.com.mx\/index.php?rest_route=\/wp\/v2\/types\/post"}],"author":[{"embeddable":true,"href":"https:\/\/diariolanoticia.com.mx\/index.php?rest_route=\/wp\/v2\/users\/1"}],"replies":[{"embeddable":true,"href":"https:\/\/diariolanoticia.com.mx\/index.php?rest_route=%2Fwp%2Fv2%2Fcomments&post=107199"}],"version-history":[{"count":1,"href":"https:\/\/diariolanoticia.com.mx\/index.php?rest_route=\/wp\/v2\/posts\/107199\/revisions"}],"predecessor-version":[{"id":107201,"href":"https:\/\/diariolanoticia.com.mx\/index.php?rest_route=\/wp\/v2\/posts\/107199\/revisions\/107201"}],"wp:featuredmedia":[{"embeddable":true,"href":"https:\/\/diariolanoticia.com.mx\/index.php?rest_route=\/wp\/v2\/media\/107200"}],"wp:attachment":[{"href":"https:\/\/diariolanoticia.com.mx\/index.php?rest_route=%2Fwp%2Fv2%2Fmedia&parent=107199"}],"wp:term":[{"taxonomy":"category","embeddable":true,"href":"https:\/\/diariolanoticia.com.mx\/index.php?rest_route=%2Fwp%2Fv2%2Fcategories&post=107199"},{"taxonomy":"post_tag","embeddable":true,"href":"https:\/\/diariolanoticia.com.mx\/index.php?rest_route=%2Fwp%2Fv2%2Ftags&post=107199"}],"curies":[{"name":"wp","href":"https:\/\/api.w.org\/{rel}","templated":true}]}}