{"id":107205,"date":"2023-04-04T14:24:37","date_gmt":"2023-04-04T20:24:37","guid":{"rendered":"https:\/\/diariolanoticia.com.mx\/?p=107205"},"modified":"2023-04-04T14:24:38","modified_gmt":"2023-04-04T20:24:38","slug":"detienen-policias-de-huamantla-a-joven-que-agredia-y-robaba-a-su-abuelita","status":"publish","type":"post","link":"https:\/\/diariolanoticia.com.mx\/?p=107205","title":{"rendered":"DETIENEN POLIC\u00cdAS DE HUAMANTLA A JOVEN QUE AGRED\u00cdA Y ROBABA A SU ABUELITA"},"content":{"rendered":"\n<p>Elementos de la Direcci\u00f3n de Seguridad P\u00fablica de Huamantla, detuvieron la tarde de ayer a un sujeto denunciado por violencia familiar y allanamiento de morada en el fraccionamiento Arboledas del Barrio de Santa Anita, tras el se\u00f1alamiento directo de la propietaria de la vivienda.<\/p>\n\n\n\n<p>Los hechos ocurrieron cuando una mujer de la tercera edad, quien se identific\u00f3 como Lourdes N., solicit\u00f3 el acompa\u00f1amiento del Departamento Jur\u00eddico del Sistema Municipal para el Desarrollo Integral de la Familia (DIF) Huamantla, para regresar a su domicilio pues se percat\u00f3 que se encontraba abierta una ventana.<\/p>\n\n\n\n<p>La denunciante refiri\u00f3 que, solicit\u00f3 este apoyo debido a una agresi\u00f3n f\u00edsica que tuvo en el mes de marzo por parte de su nieto, de nombre Alejandro N. de 20 a\u00f1os de edad, quien ingresaba a su domicilio sin autorizaci\u00f3n para robarle, inform\u00f3 tambi\u00e9n que existe una denuncia en el Ministerio P\u00fablico por estos hechos.<\/p>\n\n\n\n<p>Derivado de lo anterior, el SMDIF Huamantla se coordina con la Direcci\u00f3n de Seguridad P\u00fablica municipal y se trasladan al domicilio antes referido para realizar una inspecci\u00f3n, y al ingresar a la vivienda encuentran a Alejandro N., a quien le informan del se\u00f1alamiento que tiene en su contra.<\/p>\n\n\n\n<p>Por este motivo, se procedi\u00f3 a su legal detenci\u00f3n al tiempo que le leyeron sus derechos; por lo que fue puesto a disposici\u00f3n de las autoridades correspondientes.<\/p>\n\n\n\n<p>Gracias a la acci\u00f3n coordinada entre autoridades municipales, se atienden los llamados de auxilio por parte de la ciudadan\u00eda que se acerca a las diferentes instancias del gobierno local; y recuerda que existen cuatro n\u00fameros de emergencia para reportes y denuncias, que son el: (246) 980-15-43,&nbsp;&nbsp;800- 953-98-85; as\u00ed como el (247) 472-20-76, (247) 472-00-47; o bien al 9-1-1, las 24 horas del d\u00eda.<\/p>\n","protected":false},"excerpt":{"rendered":"<p>Elementos de la Direcci\u00f3n de Seguridad P\u00fablica de Huamantla, detuvieron la tarde de ayer a un sujeto denunciado por violencia familiar y allanamiento de morada en el fraccionamiento Arboledas del Barrio de Santa Anita, tras el se\u00f1alamiento directo de la propietaria de la vivienda. Los hechos ocurrieron cuando una mujer de la tercera edad, quien [&hellip;]<\/p>\n","protected":false},"author":1,"featured_media":107206,"comment_status":"open","ping_status":"open","sticky":false,"template":"","format":"standard","meta":{"footnotes":""},"categories":[219],"tags":[],"class_list":["post-107205","post","type-post","status-publish","format-standard","has-post-thumbnail","hentry","category-huamantla"],"blog_post_layout_featured_media_urls":{"thumbnail":["https:\/\/diariolanoticia.com.mx\/wp-content\/uploads\/2023\/04\/040423_Seguridad-216x160.jpeg",216,160,true],"full":["https:\/\/diariolanoticia.com.mx\/wp-content\/uploads\/2023\/04\/040423_Seguridad.jpeg",787,787,false]},"categories_names":{"219":{"name":"Huamantla","link":"https:\/\/diariolanoticia.com.mx\/?cat=219"}},"tags_names":[],"comments_number":"0","wpmagazine_modules_lite_featured_media_urls":{"thumbnail":["https:\/\/diariolanoticia.com.mx\/wp-content\/uploads\/2023\/04\/040423_Seguridad-216x160.jpeg",216,160,true],"cvmm-medium":["https:\/\/diariolanoticia.com.mx\/wp-content\/uploads\/2023\/04\/040423_Seguridad-300x300.jpeg",300,300,true],"cvmm-medium-plus":["https:\/\/diariolanoticia.com.mx\/wp-content\/uploads\/2023\/04\/040423_Seguridad-305x207.jpeg",305,207,true],"cvmm-portrait":["https:\/\/diariolanoticia.com.mx\/wp-content\/uploads\/2023\/04\/040423_Seguridad-400x600.jpeg",400,600,true],"cvmm-medium-square":["https:\/\/diariolanoticia.com.mx\/wp-content\/uploads\/2023\/04\/040423_Seguridad-600x600.jpeg",600,600,true],"cvmm-large":["https:\/\/diariolanoticia.com.mx\/wp-content\/uploads\/2023\/04\/040423_Seguridad.jpeg",787,787,false],"cvmm-small":["https:\/\/diariolanoticia.com.mx\/wp-content\/uploads\/2023\/04\/040423_Seguridad-130x95.jpeg",130,95,true],"full":["https:\/\/diariolanoticia.com.mx\/wp-content\/uploads\/2023\/04\/040423_Seguridad.jpeg",787,787,false]},"_links":{"self":[{"href":"https:\/\/diariolanoticia.com.mx\/index.php?rest_route=\/wp\/v2\/posts\/107205","targetHints":{"allow":["GET"]}}],"collection":[{"href":"https:\/\/diariolanoticia.com.mx\/index.php?rest_route=\/wp\/v2\/posts"}],"about":[{"href":"https:\/\/diariolanoticia.com.mx\/index.php?rest_route=\/wp\/v2\/types\/post"}],"author":[{"embeddable":true,"href":"https:\/\/diariolanoticia.com.mx\/index.php?rest_route=\/wp\/v2\/users\/1"}],"replies":[{"embeddable":true,"href":"https:\/\/diariolanoticia.com.mx\/index.php?rest_route=%2Fwp%2Fv2%2Fcomments&post=107205"}],"version-history":[{"count":1,"href":"https:\/\/diariolanoticia.com.mx\/index.php?rest_route=\/wp\/v2\/posts\/107205\/revisions"}],"predecessor-version":[{"id":107207,"href":"https:\/\/diariolanoticia.com.mx\/index.php?rest_route=\/wp\/v2\/posts\/107205\/revisions\/107207"}],"wp:featuredmedia":[{"embeddable":true,"href":"https:\/\/diariolanoticia.com.mx\/index.php?rest_route=\/wp\/v2\/media\/107206"}],"wp:attachment":[{"href":"https:\/\/diariolanoticia.com.mx\/index.php?rest_route=%2Fwp%2Fv2%2Fmedia&parent=107205"}],"wp:term":[{"taxonomy":"category","embeddable":true,"href":"https:\/\/diariolanoticia.com.mx\/index.php?rest_route=%2Fwp%2Fv2%2Fcategories&post=107205"},{"taxonomy":"post_tag","embeddable":true,"href":"https:\/\/diariolanoticia.com.mx\/index.php?rest_route=%2Fwp%2Fv2%2Ftags&post=107205"}],"curies":[{"name":"wp","href":"https:\/\/api.w.org\/{rel}","templated":true}]}}