{"id":107266,"date":"2023-04-05T16:37:37","date_gmt":"2023-04-05T22:37:37","guid":{"rendered":"https:\/\/diariolanoticia.com.mx\/?p=107266"},"modified":"2023-04-05T16:37:38","modified_gmt":"2023-04-05T22:37:38","slug":"detuvo-policia-municipal-de-puebla-a-cuatro-hombres-por-el-robo-contra-una-sucursal-de-first-cash","status":"publish","type":"post","link":"https:\/\/diariolanoticia.com.mx\/?p=107266","title":{"rendered":"DETUVO POLIC\u00cdA MUNICIPAL DE PUEBLA A CUATRO HOMBRES POR EL ROBO CONTRA UNA SUCURSAL DE \u201cFIRST CASH\u201d"},"content":{"rendered":"\n<p>\u2022 Los ahora detenidos, formar\u00edan parte de \u201cLos Siles\u201d, grupo delictivo dedicado al robo a negocio y a transportista<\/p>\n\n\n\n<p>Como resultado de una oportuna intervenci\u00f3n, la Secretar\u00eda de Seguridad Ciudadana (SSC) del Municipio detuvo a Manuel \u201cN.\u201d, de 73 a\u00f1os de edad; Armando \u201cN.\u201d, de 46 a\u00f1os de edad; Gerardo \u201cN.\u201d, de 40 a\u00f1os de edad y a Donato \u201cN.\u201d, de 39 a\u00f1os de edad, por su presunta participaci\u00f3n en el robo contra una sucursal de la empresa \u201cFirst Cash\u201d.<\/p>\n\n\n\n<p>Polic\u00edas municipales adscritos al Grupo de Reacci\u00f3n Operativa Contra Asaltos (ROCAS) efectuaban un patrullaje focalizado en inmediaciones de la colonia Villas del M\u00e1rquez, cuando empleados del establecimiento solicitaron su apoyo para detener a quienes momentos antes, los despojaron de tel\u00e9fonos celulares y diversa joyer\u00eda para huir a bordo de una camioneta Chrysler, tipo Jeep Cherokee, color verde, por lo que se inici\u00f3 con la b\u00fasqueda de los varones.<\/p>\n\n\n\n<p>Dicha acci\u00f3n, permiti\u00f3 ubicar la unidad, en calles de la colonia Los H\u00e9roes de Puebla y los cuatro hombres fueron detenidos, logrando recuperar los objetos de valor y asegurar la unidad en la que viajaban.<\/p>\n\n\n\n<p>Con base en labores de inteligencia policial se tom\u00f3 conocimiento que, los ahora detenidos formar\u00edan parte de \u201cLos Siles\u201d, grupo delictivo dedicado al robo a negocio y a transportista.<\/p>\n\n\n\n<p>Finalmente, los indiciados quedaron a disposici\u00f3n del Ministerio P\u00fablico para dar inicio a las investigaciones a que haya lugar.<\/p>\n\n\n\n<p>La SSC de Puebla exhorta a la ciudadan\u00eda a que, en caso de reconocer a dichas personas como responsables de m\u00e1s il\u00edcitos, formalice su denuncia ante la Fiscal\u00eda General del Estado (FGE).<\/p>\n\n\n\n<p>Puebla va por buen Rumbo, \u00a1T\u00fa seguridad, compromiso de todos!<\/p>\n","protected":false},"excerpt":{"rendered":"<p>\u2022 Los ahora detenidos, formar\u00edan parte de \u201cLos Siles\u201d, grupo delictivo dedicado al robo a negocio y a transportista Como resultado de una oportuna intervenci\u00f3n, la Secretar\u00eda de Seguridad Ciudadana (SSC) del Municipio detuvo a Manuel \u201cN.\u201d, de 73 a\u00f1os de edad; Armando \u201cN.\u201d, de 46 a\u00f1os de edad; Gerardo \u201cN.\u201d, de 40 a\u00f1os de [&hellip;]<\/p>\n","protected":false},"author":1,"featured_media":107267,"comment_status":"open","ping_status":"open","sticky":false,"template":"","format":"standard","meta":{"footnotes":""},"categories":[103],"tags":[],"class_list":["post-107266","post","type-post","status-publish","format-standard","has-post-thumbnail","hentry","category-pueblacapital"],"blog_post_layout_featured_media_urls":{"thumbnail":["https:\/\/diariolanoticia.com.mx\/wp-content\/uploads\/2023\/04\/WhatsApp-Image-2023-04-05-at-16.33.38-216x160.jpeg",216,160,true],"full":["https:\/\/diariolanoticia.com.mx\/wp-content\/uploads\/2023\/04\/WhatsApp-Image-2023-04-05-at-16.33.38.jpeg",406,600,false]},"categories_names":{"103":{"name":"Puebla Capital","link":"https:\/\/diariolanoticia.com.mx\/?cat=103"}},"tags_names":[],"comments_number":"0","wpmagazine_modules_lite_featured_media_urls":{"thumbnail":["https:\/\/diariolanoticia.com.mx\/wp-content\/uploads\/2023\/04\/WhatsApp-Image-2023-04-05-at-16.33.38-216x160.jpeg",216,160,true],"cvmm-medium":["https:\/\/diariolanoticia.com.mx\/wp-content\/uploads\/2023\/04\/WhatsApp-Image-2023-04-05-at-16.33.38-300x300.jpeg",300,300,true],"cvmm-medium-plus":["https:\/\/diariolanoticia.com.mx\/wp-content\/uploads\/2023\/04\/WhatsApp-Image-2023-04-05-at-16.33.38-305x207.jpeg",305,207,true],"cvmm-portrait":["https:\/\/diariolanoticia.com.mx\/wp-content\/uploads\/2023\/04\/WhatsApp-Image-2023-04-05-at-16.33.38-400x600.jpeg",400,600,true],"cvmm-medium-square":["https:\/\/diariolanoticia.com.mx\/wp-content\/uploads\/2023\/04\/WhatsApp-Image-2023-04-05-at-16.33.38.jpeg",406,600,false],"cvmm-large":["https:\/\/diariolanoticia.com.mx\/wp-content\/uploads\/2023\/04\/WhatsApp-Image-2023-04-05-at-16.33.38.jpeg",406,600,false],"cvmm-small":["https:\/\/diariolanoticia.com.mx\/wp-content\/uploads\/2023\/04\/WhatsApp-Image-2023-04-05-at-16.33.38-130x95.jpeg",130,95,true],"full":["https:\/\/diariolanoticia.com.mx\/wp-content\/uploads\/2023\/04\/WhatsApp-Image-2023-04-05-at-16.33.38.jpeg",406,600,false]},"_links":{"self":[{"href":"https:\/\/diariolanoticia.com.mx\/index.php?rest_route=\/wp\/v2\/posts\/107266","targetHints":{"allow":["GET"]}}],"collection":[{"href":"https:\/\/diariolanoticia.com.mx\/index.php?rest_route=\/wp\/v2\/posts"}],"about":[{"href":"https:\/\/diariolanoticia.com.mx\/index.php?rest_route=\/wp\/v2\/types\/post"}],"author":[{"embeddable":true,"href":"https:\/\/diariolanoticia.com.mx\/index.php?rest_route=\/wp\/v2\/users\/1"}],"replies":[{"embeddable":true,"href":"https:\/\/diariolanoticia.com.mx\/index.php?rest_route=%2Fwp%2Fv2%2Fcomments&post=107266"}],"version-history":[{"count":1,"href":"https:\/\/diariolanoticia.com.mx\/index.php?rest_route=\/wp\/v2\/posts\/107266\/revisions"}],"predecessor-version":[{"id":107268,"href":"https:\/\/diariolanoticia.com.mx\/index.php?rest_route=\/wp\/v2\/posts\/107266\/revisions\/107268"}],"wp:featuredmedia":[{"embeddable":true,"href":"https:\/\/diariolanoticia.com.mx\/index.php?rest_route=\/wp\/v2\/media\/107267"}],"wp:attachment":[{"href":"https:\/\/diariolanoticia.com.mx\/index.php?rest_route=%2Fwp%2Fv2%2Fmedia&parent=107266"}],"wp:term":[{"taxonomy":"category","embeddable":true,"href":"https:\/\/diariolanoticia.com.mx\/index.php?rest_route=%2Fwp%2Fv2%2Fcategories&post=107266"},{"taxonomy":"post_tag","embeddable":true,"href":"https:\/\/diariolanoticia.com.mx\/index.php?rest_route=%2Fwp%2Fv2%2Ftags&post=107266"}],"curies":[{"name":"wp","href":"https:\/\/api.w.org\/{rel}","templated":true}]}}