{"id":107475,"date":"2023-04-11T15:23:49","date_gmt":"2023-04-11T21:23:49","guid":{"rendered":"https:\/\/diariolanoticia.com.mx\/?p=107475"},"modified":"2023-04-12T15:23:58","modified_gmt":"2023-04-12T21:23:58","slug":"aprueba-lxiv-legislatura-limites-territoriales-de-tetlanohcan-con-chiautempan-y-teacalco","status":"publish","type":"post","link":"https:\/\/diariolanoticia.com.mx\/?p=107475","title":{"rendered":"Aprueba LXIV Legislatura l\u00edmites territoriales de Tetlanohcan con Chiautempan y Teacalco"},"content":{"rendered":"\n<p><em>\u2022Bajo un acuerdo com\u00fan se fija la divisi\u00f3n territorial y administrativa.&nbsp;<\/em><\/p>\n\n\n\n<p>Tlaxcala, Tlax.,a 11 de abril de 2023<\/p>\n\n\n\n<p>Durante la vig\u00e9sima cuarta sesi\u00f3n ordinaria, las y los diputados de la LXIV Legislatura del Congreso del Estado de Tlaxcala aprobaron el Dictamen con Proyecto de Acuerdo que present\u00f3 ante el Pleno, la diputada M\u00f3nica S\u00e1nchez Angulo, presidenta de la Comisi\u00f3n de Asuntos Municipales, por el que se establecen los l\u00edmites territoriales de los municipios de San Francisco Tetlanohcan con Santa Ana Chiautempan y San Jos\u00e9 Teacalco.&nbsp;<\/p>\n\n\n\n<p>Despu\u00e9s de implementarse los procedimientos t\u00e9cnicos y cient\u00edficos conducentes para la delimitaci\u00f3n territorial intermunicipal y de haberse llevado a cabo las audiencias correspondientes entre las autoridades de los municipios en cuesti\u00f3n, as\u00ed como las diversas visitas espaciales entre los municipios, la Comisi\u00f3n y el INEGI-Tlaxcala celebr\u00f3 el respectivo convenio de mediaci\u00f3n para legitimar la soluci\u00f3n de la controversia.<\/p>\n\n\n\n<p>Por lo que, en cumplimiento del art\u00edculo 8\u00ba de la Constituci\u00f3n Pol\u00edtica del Estado Libre y Soberano de Tlaxcala, en donde se establece que el Congreso local es competente para resolver conflictos intermunicipales por cuestiones alusivas a sus colindancias territoriales, siempre y cuando, a instancia de parte, obre una solicitud formulada por escrito,y dando seguimiento a los expedientes parlamentarios LXIV 252\/2022 y LXIV 253\/2022<strong>,&nbsp;<\/strong>la Comisi\u00f3n de Asuntos Municipales de la LXIV Legislatura que&nbsp;preside&nbsp; la diputada M\u00f3nica S\u00e1nchez Angulo y en coordinaci\u00f3n con el Instituto Nacional de Geograf\u00eda y Estad\u00edstica&nbsp; (INEGI) Tlaxcala, se lleg\u00f3 a un acuerdo com\u00fan para la fijaci\u00f3n de la divisi\u00f3n territorial y administrativa de estos municipios.<\/p>\n\n\n\n<p>Por su parte, el diputado Rub\u00e9n Ter\u00e1n \u00c1guila hizo uso de la palabra para reconocer el trabajo que ha realizado la diputada M\u00f3nica S\u00e1nchez Angulo y la Comisi\u00f3n de Asuntos Municipales, y exhort\u00f3 a sus compa\u00f1eras y compa\u00f1eros diputados a votar a favor del dictamen presentado; \u00ab<em>quiero externar un reconocimiento a la Comisi\u00f3n que ha presentado estos proyectos y que merece un amplio reconocimiento, porque b\u00e1sicamente a la mitad de esta Legislatura, esta Comisi\u00f3n que preside mi compa\u00f1era diputada M\u00f3nica S\u00e1nchez Angulo, ha duplicado en eficacia, en asertividad legislativa, el trabajo que se hizo en toda la legislatura pasada.\u00bb&nbsp;<\/em>&nbsp;afirm\u00f3.<\/p>\n\n\n\n<p>Con estas acciones, la legisladora del Partido Encuentro Solidario (PES), reafirma su compromiso a favor de la voluntad y el debido proceso para solucionar de forma pac\u00edfica y respetuosa las diversas problem\u00e1ticas de los municipios del Estado de Tlaxcala.&nbsp;<\/p>\n","protected":false},"excerpt":{"rendered":"<p>\u2022Bajo un acuerdo com\u00fan se fija la divisi\u00f3n territorial y administrativa.&nbsp; Tlaxcala, Tlax.,a 11 de abril de 2023 Durante la vig\u00e9sima cuarta sesi\u00f3n ordinaria, las y los diputados de la LXIV Legislatura del Congreso del Estado de Tlaxcala aprobaron el Dictamen con Proyecto de Acuerdo que present\u00f3 ante el Pleno, la diputada M\u00f3nica S\u00e1nchez Angulo, [&hellip;]<\/p>\n","protected":false},"author":1,"featured_media":107476,"comment_status":"open","ping_status":"open","sticky":false,"template":"","format":"standard","meta":{"footnotes":""},"categories":[22],"tags":[],"class_list":["post-107475","post","type-post","status-publish","format-standard","has-post-thumbnail","hentry","category-congreso"],"blog_post_layout_featured_media_urls":{"thumbnail":["https:\/\/diariolanoticia.com.mx\/wp-content\/uploads\/2023\/04\/Unknown-5-216x160.jpeg",216,160,true],"full":["https:\/\/diariolanoticia.com.mx\/wp-content\/uploads\/2023\/04\/Unknown-5.jpeg",1024,684,false]},"categories_names":{"22":{"name":"Congreso","link":"https:\/\/diariolanoticia.com.mx\/?cat=22"}},"tags_names":[],"comments_number":"0","wpmagazine_modules_lite_featured_media_urls":{"thumbnail":["https:\/\/diariolanoticia.com.mx\/wp-content\/uploads\/2023\/04\/Unknown-5-216x160.jpeg",216,160,true],"cvmm-medium":["https:\/\/diariolanoticia.com.mx\/wp-content\/uploads\/2023\/04\/Unknown-5-300x300.jpeg",300,300,true],"cvmm-medium-plus":["https:\/\/diariolanoticia.com.mx\/wp-content\/uploads\/2023\/04\/Unknown-5-305x207.jpeg",305,207,true],"cvmm-portrait":["https:\/\/diariolanoticia.com.mx\/wp-content\/uploads\/2023\/04\/Unknown-5-400x600.jpeg",400,600,true],"cvmm-medium-square":["https:\/\/diariolanoticia.com.mx\/wp-content\/uploads\/2023\/04\/Unknown-5-600x600.jpeg",600,600,true],"cvmm-large":["https:\/\/diariolanoticia.com.mx\/wp-content\/uploads\/2023\/04\/Unknown-5.jpeg",1024,684,false],"cvmm-small":["https:\/\/diariolanoticia.com.mx\/wp-content\/uploads\/2023\/04\/Unknown-5-130x95.jpeg",130,95,true],"full":["https:\/\/diariolanoticia.com.mx\/wp-content\/uploads\/2023\/04\/Unknown-5.jpeg",1024,684,false]},"_links":{"self":[{"href":"https:\/\/diariolanoticia.com.mx\/index.php?rest_route=\/wp\/v2\/posts\/107475","targetHints":{"allow":["GET"]}}],"collection":[{"href":"https:\/\/diariolanoticia.com.mx\/index.php?rest_route=\/wp\/v2\/posts"}],"about":[{"href":"https:\/\/diariolanoticia.com.mx\/index.php?rest_route=\/wp\/v2\/types\/post"}],"author":[{"embeddable":true,"href":"https:\/\/diariolanoticia.com.mx\/index.php?rest_route=\/wp\/v2\/users\/1"}],"replies":[{"embeddable":true,"href":"https:\/\/diariolanoticia.com.mx\/index.php?rest_route=%2Fwp%2Fv2%2Fcomments&post=107475"}],"version-history":[{"count":1,"href":"https:\/\/diariolanoticia.com.mx\/index.php?rest_route=\/wp\/v2\/posts\/107475\/revisions"}],"predecessor-version":[{"id":107477,"href":"https:\/\/diariolanoticia.com.mx\/index.php?rest_route=\/wp\/v2\/posts\/107475\/revisions\/107477"}],"wp:featuredmedia":[{"embeddable":true,"href":"https:\/\/diariolanoticia.com.mx\/index.php?rest_route=\/wp\/v2\/media\/107476"}],"wp:attachment":[{"href":"https:\/\/diariolanoticia.com.mx\/index.php?rest_route=%2Fwp%2Fv2%2Fmedia&parent=107475"}],"wp:term":[{"taxonomy":"category","embeddable":true,"href":"https:\/\/diariolanoticia.com.mx\/index.php?rest_route=%2Fwp%2Fv2%2Fcategories&post=107475"},{"taxonomy":"post_tag","embeddable":true,"href":"https:\/\/diariolanoticia.com.mx\/index.php?rest_route=%2Fwp%2Fv2%2Ftags&post=107475"}],"curies":[{"name":"wp","href":"https:\/\/api.w.org\/{rel}","templated":true}]}}