{"id":107478,"date":"2023-04-11T15:25:22","date_gmt":"2023-04-11T21:25:22","guid":{"rendered":"https:\/\/diariolanoticia.com.mx\/?p=107478"},"modified":"2023-04-12T15:25:32","modified_gmt":"2023-04-12T21:25:32","slug":"aprueba-lxiv-legislatura-tipificar-la-violencia-digital-sexual-y-la-pornografia-infantil-en-tlaxcala","status":"publish","type":"post","link":"https:\/\/diariolanoticia.com.mx\/?p=107478","title":{"rendered":"Aprueba LXIV Legislatura tipificar la violencia digital sexual y la pornograf\u00eda infantil en Tlaxcala"},"content":{"rendered":"\n<p><em>\u2022 La iniciativa fue impulsada por la diputada Diana Torrej\u00f3n y acompa\u00f1ada por los Colectivo Cyber Pink y Mujeres Organizadas de Tlaxcala.<\/em><\/p>\n\n\n\n<p>Tlaxcala, Tlax., a 11 de abril de 2023&nbsp;<\/p>\n\n\n\n<p>Durante la Vig\u00e9sima cuarta sesi\u00f3n ordinaria las y los integrantes de la LXIV Legislatura aprobaron la iniciativa con proyecto de decreto por el que se reforman y adicionan diversas disposiciones del C\u00f3digo Penal, la Ley que Garantiza el Acceso a las Mujeres a una Vida Libre de Violencia, la Ley de Educaci\u00f3n, la Ley de Atenci\u00f3n y Protecci\u00f3n a V\u00edctimas y Ofendidos del Delito, la Ley de Justicia para Adolescentes y la Ley de los Derechos de las Ni\u00f1as, Ni\u00f1os y Adolescentes, todas para el Estado Libre y Soberano de Tlaxcala, en materia de violencia digital sexual y pornograf\u00eda infantil.&nbsp;<\/p>\n\n\n\n<p>Cabe recalcar que dicha iniciativa fue presentada por la legisladora Diana Torrej\u00f3n Rodr\u00edguez, acompa\u00f1ada por los Colectivos Cyber Pink y Mujeres Organizadas de Tlaxcala, la cual incluye en el C\u00f3digo Penal que ser\u00e1n imprescriptibles las medidas de seguridad, la potestad de ejecutar las penas y la pretensi\u00f3n punitiva, en todos aquellos delitos que impliquen cualquier tipo de violencia sexual cometidos en contra de personas en situaci\u00f3n de discapacidad, que no comprendan el significado del hecho o v\u00edctimas que al momento del delito sean ni\u00f1as, ni\u00f1os o adolescentes.&nbsp;<\/p>\n\n\n\n<p>As\u00ed mismo se contempla el aumento de las penas hasta una mitad a quien comenta el delito de violaci\u00f3n a la intimidad sexual, cuando se cometa contra una persona en situaci\u00f3n de vulnerabilidad social o de origen \u00e9tnico.&nbsp;<\/p>\n\n\n\n<p>Estas modificaciones, adicionan el capitulo I Ter, en el que se tipifica como delito la pornograf\u00eda de personas menores de 18 a\u00f1os de edad o de personas que no tienen capacidad para comprender el significado del hecho o personas que no tienen capacidad de resistirlo, considerando una pena de 7 a 12 a\u00f1os de prisi\u00f3n y multa de 800 a 3 mil veces el valor de la Unidad de Medida de Actualizaci\u00f3n (UMA) vigente.&nbsp;<\/p>\n\n\n\n<p>Sancionando a quien procure, obligue, facilite o induzca, por cualquier medio a una o varias personas a realizar actos sexuales o de exhibicionismo corporal con fines lascivos o sexuales, reales o simulados, con el objeto de videograbarlos, fotografiarlos, filmarlos o exhibirlos.<\/p>\n\n\n\n<p>Tambi\u00e9n ser\u00e1n sancionados con la misma pena a quien reproduzca, almacene, distribuya, venda, exponga, publicite, importe o exporte dicho material y tendr\u00e1n de 1 a 5 a\u00f1os de prisi\u00f3n quienes lo compren.<\/p>\n\n\n\n<p>En ese mismo sentido, se establece la tipificaci\u00f3n de la violencia sexual digital, como toda acci\u00f3n dolosa de connotaci\u00f3n sexual que atenta contra la intimidad sexual de las mujeres y ni\u00f1as, mediante el uso de espacios digitales, asi como cualquier forma an\u00e1loga que lesione o sea susceptible de da\u00f1ar la dignidad, integridad o libertad de las mujeres.&nbsp;<\/p>\n\n\n\n<p>Las y los diputados de la LXIV Legislatura tambi\u00e9n contemplaron la Creaci\u00f3n del Protocolo \u00danico para la Atenci\u00f3n Adecuada de la Violencia Digital Sexual, atendiendo profesionalmente todos los casos de violencia contra las mujeres, de manera coordinada e Inter constitucional.&nbsp;<\/p>\n\n\n\n<p>Finalmente, en rueda de prensa, la tambi\u00e9n presidenta de la Comisi\u00f3n de Derechos Humanos, Grupos Vulnerables y Derechos de las Ni\u00f1as, Ni\u00f1os y Adolescentes, Diana Torrej\u00f3n Rodr\u00edguez, junto con Diana Morales y Liz Montoya, impulsoras de esta iniciativa, se acompa\u00f1aron por diversos colectivos feministas para celebrar este logro legislativo a favor de las mujeres tlaxcaltecas.&nbsp;<\/p>\n\n\n\n<p>Asistieron las integrantes del Colectivo Cyber Pink, Mujeres Organizadas de Tlaxcala, la Red de Acompa\u00f1antes de Tlaxcala, Xicalancas, AbanDonna el Miedo A.C., Voz con Causa y Mujeres Cann\u00e1bicas de Tlaxcala&nbsp;<\/p>\n","protected":false},"excerpt":{"rendered":"<p>\u2022 La iniciativa fue impulsada por la diputada Diana Torrej\u00f3n y acompa\u00f1ada por los Colectivo Cyber Pink y Mujeres Organizadas de Tlaxcala. Tlaxcala, Tlax., a 11 de abril de 2023&nbsp; Durante la Vig\u00e9sima cuarta sesi\u00f3n ordinaria las y los integrantes de la LXIV Legislatura aprobaron la iniciativa con proyecto de decreto por el que se [&hellip;]<\/p>\n","protected":false},"author":1,"featured_media":107479,"comment_status":"open","ping_status":"open","sticky":false,"template":"","format":"standard","meta":{"footnotes":""},"categories":[22],"tags":[],"class_list":["post-107478","post","type-post","status-publish","format-standard","has-post-thumbnail","hentry","category-congreso"],"blog_post_layout_featured_media_urls":{"thumbnail":["https:\/\/diariolanoticia.com.mx\/wp-content\/uploads\/2023\/04\/Unknown-1-1-216x160.jpeg",216,160,true],"full":["https:\/\/diariolanoticia.com.mx\/wp-content\/uploads\/2023\/04\/Unknown-1-1.jpeg",1024,684,false]},"categories_names":{"22":{"name":"Congreso","link":"https:\/\/diariolanoticia.com.mx\/?cat=22"}},"tags_names":[],"comments_number":"0","wpmagazine_modules_lite_featured_media_urls":{"thumbnail":["https:\/\/diariolanoticia.com.mx\/wp-content\/uploads\/2023\/04\/Unknown-1-1-216x160.jpeg",216,160,true],"cvmm-medium":["https:\/\/diariolanoticia.com.mx\/wp-content\/uploads\/2023\/04\/Unknown-1-1-300x300.jpeg",300,300,true],"cvmm-medium-plus":["https:\/\/diariolanoticia.com.mx\/wp-content\/uploads\/2023\/04\/Unknown-1-1-305x207.jpeg",305,207,true],"cvmm-portrait":["https:\/\/diariolanoticia.com.mx\/wp-content\/uploads\/2023\/04\/Unknown-1-1-400x600.jpeg",400,600,true],"cvmm-medium-square":["https:\/\/diariolanoticia.com.mx\/wp-content\/uploads\/2023\/04\/Unknown-1-1-600x600.jpeg",600,600,true],"cvmm-large":["https:\/\/diariolanoticia.com.mx\/wp-content\/uploads\/2023\/04\/Unknown-1-1.jpeg",1024,684,false],"cvmm-small":["https:\/\/diariolanoticia.com.mx\/wp-content\/uploads\/2023\/04\/Unknown-1-1-130x95.jpeg",130,95,true],"full":["https:\/\/diariolanoticia.com.mx\/wp-content\/uploads\/2023\/04\/Unknown-1-1.jpeg",1024,684,false]},"_links":{"self":[{"href":"https:\/\/diariolanoticia.com.mx\/index.php?rest_route=\/wp\/v2\/posts\/107478","targetHints":{"allow":["GET"]}}],"collection":[{"href":"https:\/\/diariolanoticia.com.mx\/index.php?rest_route=\/wp\/v2\/posts"}],"about":[{"href":"https:\/\/diariolanoticia.com.mx\/index.php?rest_route=\/wp\/v2\/types\/post"}],"author":[{"embeddable":true,"href":"https:\/\/diariolanoticia.com.mx\/index.php?rest_route=\/wp\/v2\/users\/1"}],"replies":[{"embeddable":true,"href":"https:\/\/diariolanoticia.com.mx\/index.php?rest_route=%2Fwp%2Fv2%2Fcomments&post=107478"}],"version-history":[{"count":1,"href":"https:\/\/diariolanoticia.com.mx\/index.php?rest_route=\/wp\/v2\/posts\/107478\/revisions"}],"predecessor-version":[{"id":107480,"href":"https:\/\/diariolanoticia.com.mx\/index.php?rest_route=\/wp\/v2\/posts\/107478\/revisions\/107480"}],"wp:featuredmedia":[{"embeddable":true,"href":"https:\/\/diariolanoticia.com.mx\/index.php?rest_route=\/wp\/v2\/media\/107479"}],"wp:attachment":[{"href":"https:\/\/diariolanoticia.com.mx\/index.php?rest_route=%2Fwp%2Fv2%2Fmedia&parent=107478"}],"wp:term":[{"taxonomy":"category","embeddable":true,"href":"https:\/\/diariolanoticia.com.mx\/index.php?rest_route=%2Fwp%2Fv2%2Fcategories&post=107478"},{"taxonomy":"post_tag","embeddable":true,"href":"https:\/\/diariolanoticia.com.mx\/index.php?rest_route=%2Fwp%2Fv2%2Ftags&post=107478"}],"curies":[{"name":"wp","href":"https:\/\/api.w.org\/{rel}","templated":true}]}}