{"id":107499,"date":"2023-04-13T11:28:02","date_gmt":"2023-04-13T17:28:02","guid":{"rendered":"https:\/\/diariolanoticia.com.mx\/?p=107499"},"modified":"2023-04-13T11:28:03","modified_gmt":"2023-04-13T17:28:03","slug":"clausuran-del-taller-de-defensa-personal-para-mujeres","status":"publish","type":"post","link":"https:\/\/diariolanoticia.com.mx\/?p=107499","title":{"rendered":"Clausuran del Taller de Defensa Personal para Mujeres"},"content":{"rendered":"\n<p><img loading=\"lazy\" decoding=\"async\" height=\"16\" width=\"16\" alt=\"\ud83e\udd3c\u200d\u2640\ufe0f\" src=\"https:\/\/static.xx.fbcdn.net\/images\/emoji.php\/v9\/tf\/1\/16\/1f93c_200d_2640.png\"> Hoy tuvo lugar la clausura del Taller de Defensa Personal para Mujeres, organizado por los Institutos de la Mujer (IMM); y de Juventud y Deporte, (IMJUVE), en las instalaciones de Casa de Piedra. <img loading=\"lazy\" decoding=\"async\" height=\"16\" width=\"16\" alt=\"\u2640\ufe0f\" src=\"https:\/\/static.xx.fbcdn.net\/images\/emoji.php\/v9\/te9\/1\/16\/2640.png\">El taller fue impartido por la Coordinaci\u00f3n Estatal de la Guardia Nacional en el estado de Tlaxcala y han participado en el mismo un total de 16 mujeres. Durante 3 sesiones, de 3 horas de duraci\u00f3n, las participantes han aprendido diferentes t\u00e9cnicas para la defensa personal. Al finalizar el taller, en representaci\u00f3n de la alcaldesa C.P. Mar\u00eda Anita Chamorro Badillo, el secretario del ayuntamiento, Lic. David Vega Terrazas, reconoci\u00f3 la importancia de implementar estas capacitaciones como parte de la prevenci\u00f3n y respaldo en favor de las ciudadanas, y continuando con m\u00e1s talleres, capacitaciones y conferencias a los diferentes sectores de nuestra sociedad. En el evento estuvieron presente la Lic. Rosario S\u00e1nchez, directora del Jur\u00eddico; Lic. Teresa Ordo\u00f1ez, directora del Instituto Municipal de la Mujer; y del Lic. Vladimir V\u00e1squez, director del Instituto Municipal de la Juventud y Deporte. Gobierno de Yauhquemehcan 2021-2024 <a href=\"https:\/\/www.facebook.com\/hashtag\/bienestarquefluye?__eep__=6&amp;__cft__[0]=AZWHNytsZ0vY8-K8sBpXK6oj5fHQsb_viEvwJ-dc8zdJps35sDumWUNyAXrA3cnEsnCkhlsonadV9ZtEWGJ-hjXvgGfxyaFUvBDitZCEDzbOTP28F9mkOtqQrK8P7uKsV787KDbBmWpbmPwgW8j9KXs7CWumyXoxFr-xS9Rm_3wKygAHfRijPJVSecP_K_Zt3W4&amp;__tn__=*NK-R\">#BienestarQueFluye<\/a><\/p>\n","protected":false},"excerpt":{"rendered":"<p>Hoy tuvo lugar la clausura del Taller de Defensa Personal para Mujeres, organizado por los Institutos de la Mujer (IMM); y de Juventud y Deporte, (IMJUVE), en las instalaciones de Casa de Piedra. El taller fue impartido por la Coordinaci\u00f3n Estatal de la Guardia Nacional en el estado de Tlaxcala y han participado en el [&hellip;]<\/p>\n","protected":false},"author":1,"featured_media":107500,"comment_status":"open","ping_status":"open","sticky":false,"template":"","format":"standard","meta":{"footnotes":""},"categories":[46],"tags":[],"class_list":["post-107499","post","type-post","status-publish","format-standard","has-post-thumbnail","hentry","category-yauhquemehcan"],"blog_post_layout_featured_media_urls":{"thumbnail":["https:\/\/diariolanoticia.com.mx\/wp-content\/uploads\/2023\/04\/340929266_564044619144401_4226765251275178941_n-216x160.jpg",216,160,true],"full":["https:\/\/diariolanoticia.com.mx\/wp-content\/uploads\/2023\/04\/340929266_564044619144401_4226765251275178941_n.jpg",600,450,false]},"categories_names":{"46":{"name":"Yauhquemehcan","link":"https:\/\/diariolanoticia.com.mx\/?cat=46"}},"tags_names":[],"comments_number":"0","wpmagazine_modules_lite_featured_media_urls":{"thumbnail":["https:\/\/diariolanoticia.com.mx\/wp-content\/uploads\/2023\/04\/340929266_564044619144401_4226765251275178941_n-216x160.jpg",216,160,true],"cvmm-medium":["https:\/\/diariolanoticia.com.mx\/wp-content\/uploads\/2023\/04\/340929266_564044619144401_4226765251275178941_n-300x300.jpg",300,300,true],"cvmm-medium-plus":["https:\/\/diariolanoticia.com.mx\/wp-content\/uploads\/2023\/04\/340929266_564044619144401_4226765251275178941_n-305x207.jpg",305,207,true],"cvmm-portrait":["https:\/\/diariolanoticia.com.mx\/wp-content\/uploads\/2023\/04\/340929266_564044619144401_4226765251275178941_n-400x450.jpg",400,450,true],"cvmm-medium-square":["https:\/\/diariolanoticia.com.mx\/wp-content\/uploads\/2023\/04\/340929266_564044619144401_4226765251275178941_n.jpg",600,450,false],"cvmm-large":["https:\/\/diariolanoticia.com.mx\/wp-content\/uploads\/2023\/04\/340929266_564044619144401_4226765251275178941_n.jpg",600,450,false],"cvmm-small":["https:\/\/diariolanoticia.com.mx\/wp-content\/uploads\/2023\/04\/340929266_564044619144401_4226765251275178941_n-130x95.jpg",130,95,true],"full":["https:\/\/diariolanoticia.com.mx\/wp-content\/uploads\/2023\/04\/340929266_564044619144401_4226765251275178941_n.jpg",600,450,false]},"_links":{"self":[{"href":"https:\/\/diariolanoticia.com.mx\/index.php?rest_route=\/wp\/v2\/posts\/107499","targetHints":{"allow":["GET"]}}],"collection":[{"href":"https:\/\/diariolanoticia.com.mx\/index.php?rest_route=\/wp\/v2\/posts"}],"about":[{"href":"https:\/\/diariolanoticia.com.mx\/index.php?rest_route=\/wp\/v2\/types\/post"}],"author":[{"embeddable":true,"href":"https:\/\/diariolanoticia.com.mx\/index.php?rest_route=\/wp\/v2\/users\/1"}],"replies":[{"embeddable":true,"href":"https:\/\/diariolanoticia.com.mx\/index.php?rest_route=%2Fwp%2Fv2%2Fcomments&post=107499"}],"version-history":[{"count":1,"href":"https:\/\/diariolanoticia.com.mx\/index.php?rest_route=\/wp\/v2\/posts\/107499\/revisions"}],"predecessor-version":[{"id":107501,"href":"https:\/\/diariolanoticia.com.mx\/index.php?rest_route=\/wp\/v2\/posts\/107499\/revisions\/107501"}],"wp:featuredmedia":[{"embeddable":true,"href":"https:\/\/diariolanoticia.com.mx\/index.php?rest_route=\/wp\/v2\/media\/107500"}],"wp:attachment":[{"href":"https:\/\/diariolanoticia.com.mx\/index.php?rest_route=%2Fwp%2Fv2%2Fmedia&parent=107499"}],"wp:term":[{"taxonomy":"category","embeddable":true,"href":"https:\/\/diariolanoticia.com.mx\/index.php?rest_route=%2Fwp%2Fv2%2Fcategories&post=107499"},{"taxonomy":"post_tag","embeddable":true,"href":"https:\/\/diariolanoticia.com.mx\/index.php?rest_route=%2Fwp%2Fv2%2Ftags&post=107499"}],"curies":[{"name":"wp","href":"https:\/\/api.w.org\/{rel}","templated":true}]}}