{"id":107874,"date":"2023-04-24T18:03:42","date_gmt":"2023-04-25T00:03:42","guid":{"rendered":"https:\/\/diariolanoticia.com.mx\/?p=107874"},"modified":"2023-04-24T18:03:43","modified_gmt":"2023-04-25T00:03:43","slug":"zacatlan-sera-sede-del-primer-encuentro-de-cronica-infantil-y-juvenil","status":"publish","type":"post","link":"https:\/\/diariolanoticia.com.mx\/?p=107874","title":{"rendered":"Zacatl\u00e1n ser\u00e1 sede del primer encuentro de Cr\u00f3nica Infantil y Juvenil"},"content":{"rendered":"\n<p>Por_ Pablo Morales Ortega \/ La Noticia&nbsp;<\/p>\n\n\n\n<p>Zacatl\u00e1n.- Para impulsar la participaci\u00f3n de ni\u00f1os, ni\u00f1as y adolescentes en la cultura, as\u00ed como en la cronolog\u00eda hist\u00f3rica y de la vida cotidiana, Zacatl\u00e1n ser\u00e1 sede del primer encuentro regional de Cr\u00f3nica Infantil y Juvenil, en el que se calificar\u00e1n y premiar\u00e1n 21 trabajos realizados por infantes y j\u00f3venes de la regi\u00f3n centro pa\u00eds.<\/p>\n\n\n\n<p>As\u00ed lo inform\u00f3 Sergio Ramos Gonz\u00e1lez coordinador de la regi\u00f3n 03 del Consejo de la Cr\u00f3nica del Estado de Puebla, quien destac\u00f3 que el primer encuentro de cr\u00f3nica, que de realizar\u00e1 el s\u00e1bado 29 de abril, es parte de un proyecto nacional en el que se incentiva la participaci\u00f3n e inter\u00e9s de los infantes en la investigaci\u00f3n e historia de su entorno y localidades.<\/p>\n\n\n\n<p>Explic\u00f3 que, en Puebla, es Zacatl\u00e1n sede del primer encuentro regional, sin embargo, a nivel nacional ya ha tenido otras ciudades anfitrionas en estados como Chihuahua, Chiapas, San Luis Potos\u00ed y Monterrey.<\/p>\n\n\n\n<p>Durante el evento, coment\u00f3 el zacateco, se ofrecer\u00e1 un taller de cr\u00f3nica por parte de Sarita Mart\u00ednez coordinadora de la Comisi\u00f3n de Cr\u00f3nica Infantil y Juvenil de la Asociaci\u00f3n Nacional de Cronistas de Ciudades Mexicanas&nbsp;(ANACCCIM).<\/p>\n\n\n\n<p>Finalmente, destac\u00f3 que lo anterior se desarrollar\u00e1 como parte de la agenda de la XXV Reuni\u00f3n de Cronistas de la Regi\u00f3n 03, en la que participan historiadores de municipios de la zona Norte de Puebla<\/p>\n","protected":false},"excerpt":{"rendered":"<p>Por_ Pablo Morales Ortega \/ La Noticia&nbsp; Zacatl\u00e1n.- Para impulsar la participaci\u00f3n de ni\u00f1os, ni\u00f1as y adolescentes en la cultura, as\u00ed como en la cronolog\u00eda hist\u00f3rica y de la vida cotidiana, Zacatl\u00e1n ser\u00e1 sede del primer encuentro regional de Cr\u00f3nica Infantil y Juvenil, en el que se calificar\u00e1n y premiar\u00e1n 21 trabajos realizados por infantes [&hellip;]<\/p>\n","protected":false},"author":1,"featured_media":107875,"comment_status":"open","ping_status":"open","sticky":false,"template":"","format":"standard","meta":{"footnotes":""},"categories":[20],"tags":[],"class_list":["post-107874","post","type-post","status-publish","format-standard","has-post-thumbnail","hentry","category-norte-de-puebla"],"blog_post_layout_featured_media_urls":{"thumbnail":["https:\/\/diariolanoticia.com.mx\/wp-content\/uploads\/2023\/04\/MG_1097-216x160.jpg",216,160,true],"full":["https:\/\/diariolanoticia.com.mx\/wp-content\/uploads\/2023\/04\/MG_1097.jpg",1920,1080,false]},"categories_names":{"20":{"name":"Norte de Puebla","link":"https:\/\/diariolanoticia.com.mx\/?cat=20"}},"tags_names":[],"comments_number":"0","wpmagazine_modules_lite_featured_media_urls":{"thumbnail":["https:\/\/diariolanoticia.com.mx\/wp-content\/uploads\/2023\/04\/MG_1097-216x160.jpg",216,160,true],"cvmm-medium":["https:\/\/diariolanoticia.com.mx\/wp-content\/uploads\/2023\/04\/MG_1097-300x300.jpg",300,300,true],"cvmm-medium-plus":["https:\/\/diariolanoticia.com.mx\/wp-content\/uploads\/2023\/04\/MG_1097-305x207.jpg",305,207,true],"cvmm-portrait":["https:\/\/diariolanoticia.com.mx\/wp-content\/uploads\/2023\/04\/MG_1097-400x600.jpg",400,600,true],"cvmm-medium-square":["https:\/\/diariolanoticia.com.mx\/wp-content\/uploads\/2023\/04\/MG_1097-600x600.jpg",600,600,true],"cvmm-large":["https:\/\/diariolanoticia.com.mx\/wp-content\/uploads\/2023\/04\/MG_1097-1024x1024.jpg",1024,1024,true],"cvmm-small":["https:\/\/diariolanoticia.com.mx\/wp-content\/uploads\/2023\/04\/MG_1097-130x95.jpg",130,95,true],"full":["https:\/\/diariolanoticia.com.mx\/wp-content\/uploads\/2023\/04\/MG_1097.jpg",1920,1080,false]},"_links":{"self":[{"href":"https:\/\/diariolanoticia.com.mx\/index.php?rest_route=\/wp\/v2\/posts\/107874","targetHints":{"allow":["GET"]}}],"collection":[{"href":"https:\/\/diariolanoticia.com.mx\/index.php?rest_route=\/wp\/v2\/posts"}],"about":[{"href":"https:\/\/diariolanoticia.com.mx\/index.php?rest_route=\/wp\/v2\/types\/post"}],"author":[{"embeddable":true,"href":"https:\/\/diariolanoticia.com.mx\/index.php?rest_route=\/wp\/v2\/users\/1"}],"replies":[{"embeddable":true,"href":"https:\/\/diariolanoticia.com.mx\/index.php?rest_route=%2Fwp%2Fv2%2Fcomments&post=107874"}],"version-history":[{"count":1,"href":"https:\/\/diariolanoticia.com.mx\/index.php?rest_route=\/wp\/v2\/posts\/107874\/revisions"}],"predecessor-version":[{"id":107876,"href":"https:\/\/diariolanoticia.com.mx\/index.php?rest_route=\/wp\/v2\/posts\/107874\/revisions\/107876"}],"wp:featuredmedia":[{"embeddable":true,"href":"https:\/\/diariolanoticia.com.mx\/index.php?rest_route=\/wp\/v2\/media\/107875"}],"wp:attachment":[{"href":"https:\/\/diariolanoticia.com.mx\/index.php?rest_route=%2Fwp%2Fv2%2Fmedia&parent=107874"}],"wp:term":[{"taxonomy":"category","embeddable":true,"href":"https:\/\/diariolanoticia.com.mx\/index.php?rest_route=%2Fwp%2Fv2%2Fcategories&post=107874"},{"taxonomy":"post_tag","embeddable":true,"href":"https:\/\/diariolanoticia.com.mx\/index.php?rest_route=%2Fwp%2Fv2%2Ftags&post=107874"}],"curies":[{"name":"wp","href":"https:\/\/api.w.org\/{rel}","templated":true}]}}