{"id":108297,"date":"2023-05-04T15:31:57","date_gmt":"2023-05-04T21:31:57","guid":{"rendered":"https:\/\/diariolanoticia.com.mx\/?p=108297"},"modified":"2023-05-04T15:35:23","modified_gmt":"2023-05-04T21:35:23","slug":"iniciara-reforestacion-masiva-en-la-sierra-norte-en-junio","status":"publish","type":"post","link":"https:\/\/diariolanoticia.com.mx\/?p=108297","title":{"rendered":"Iniciar\u00e1 reforestaci\u00f3n masiva en la Sierra Norte, en junio"},"content":{"rendered":"\n<p>En los primeros d\u00edas del pr\u00f3ximo mes de junio, iniciar\u00e1 en la Sierra Norte de Puebla la Primera Jornada Masiva de Reforestaci\u00f3n que realiza el Gobierno del Estado a trav\u00e9s de la Secretar\u00eda de Medio Ambiente, Desarrollo Sustentable y Ordenamiento Territorial, inform\u00f3 la titular de la dependencia Beatriz Manrique Guevara.<\/p>\n\n\n\n<p>La estrategia de plantaci\u00f3n de nueve millones de plantas y \u00e1rboles\u00a0de diversas especies nativas del suelo poblano, forman parte de un plan de reforestaci\u00f3n anunciado el pasado mes de agosto.\u00a0<\/p>\n\n\n\n<p>En entrevista, Manrique Guevara destac\u00f3 que la reforestaci\u00f3n masiva empezar\u00e1 en la Regi\u00f3n 2,\u00a0corresponde a Huauchinango y municipios colindantes, en el marco de la semana de conmemoraci\u00f3n del D\u00eda Mundial del Medio Ambiente\u00a0(del 5 al 9 de junio).<\/p>\n","protected":false},"excerpt":{"rendered":"<p>En los primeros d\u00edas del pr\u00f3ximo mes de junio, iniciar\u00e1 en la Sierra Norte de Puebla la Primera Jornada Masiva de Reforestaci\u00f3n que realiza el Gobierno del Estado a trav\u00e9s de la Secretar\u00eda de Medio Ambiente, Desarrollo Sustentable y Ordenamiento Territorial, inform\u00f3 la titular de la dependencia Beatriz Manrique Guevara. La estrategia de plantaci\u00f3n de [&hellip;]<\/p>\n","protected":false},"author":1,"featured_media":108294,"comment_status":"open","ping_status":"open","sticky":false,"template":"","format":"standard","meta":{"footnotes":""},"categories":[20],"tags":[],"class_list":["post-108297","post","type-post","status-publish","format-standard","has-post-thumbnail","hentry","category-norte-de-puebla"],"blog_post_layout_featured_media_urls":{"thumbnail":["https:\/\/diariolanoticia.com.mx\/wp-content\/uploads\/2023\/05\/737344dd8934cc52da9f7f85f2627abb_XL-216x160.jpg",216,160,true],"full":["https:\/\/diariolanoticia.com.mx\/wp-content\/uploads\/2023\/05\/737344dd8934cc52da9f7f85f2627abb_XL.jpg",900,506,false]},"categories_names":{"20":{"name":"Norte de Puebla","link":"https:\/\/diariolanoticia.com.mx\/?cat=20"}},"tags_names":[],"comments_number":"0","wpmagazine_modules_lite_featured_media_urls":{"thumbnail":["https:\/\/diariolanoticia.com.mx\/wp-content\/uploads\/2023\/05\/737344dd8934cc52da9f7f85f2627abb_XL-216x160.jpg",216,160,true],"cvmm-medium":["https:\/\/diariolanoticia.com.mx\/wp-content\/uploads\/2023\/05\/737344dd8934cc52da9f7f85f2627abb_XL-300x300.jpg",300,300,true],"cvmm-medium-plus":["https:\/\/diariolanoticia.com.mx\/wp-content\/uploads\/2023\/05\/737344dd8934cc52da9f7f85f2627abb_XL-305x207.jpg",305,207,true],"cvmm-portrait":["https:\/\/diariolanoticia.com.mx\/wp-content\/uploads\/2023\/05\/737344dd8934cc52da9f7f85f2627abb_XL-400x506.jpg",400,506,true],"cvmm-medium-square":["https:\/\/diariolanoticia.com.mx\/wp-content\/uploads\/2023\/05\/737344dd8934cc52da9f7f85f2627abb_XL-600x506.jpg",600,506,true],"cvmm-large":["https:\/\/diariolanoticia.com.mx\/wp-content\/uploads\/2023\/05\/737344dd8934cc52da9f7f85f2627abb_XL.jpg",900,506,false],"cvmm-small":["https:\/\/diariolanoticia.com.mx\/wp-content\/uploads\/2023\/05\/737344dd8934cc52da9f7f85f2627abb_XL-130x95.jpg",130,95,true],"full":["https:\/\/diariolanoticia.com.mx\/wp-content\/uploads\/2023\/05\/737344dd8934cc52da9f7f85f2627abb_XL.jpg",900,506,false]},"_links":{"self":[{"href":"https:\/\/diariolanoticia.com.mx\/index.php?rest_route=\/wp\/v2\/posts\/108297","targetHints":{"allow":["GET"]}}],"collection":[{"href":"https:\/\/diariolanoticia.com.mx\/index.php?rest_route=\/wp\/v2\/posts"}],"about":[{"href":"https:\/\/diariolanoticia.com.mx\/index.php?rest_route=\/wp\/v2\/types\/post"}],"author":[{"embeddable":true,"href":"https:\/\/diariolanoticia.com.mx\/index.php?rest_route=\/wp\/v2\/users\/1"}],"replies":[{"embeddable":true,"href":"https:\/\/diariolanoticia.com.mx\/index.php?rest_route=%2Fwp%2Fv2%2Fcomments&post=108297"}],"version-history":[{"count":2,"href":"https:\/\/diariolanoticia.com.mx\/index.php?rest_route=\/wp\/v2\/posts\/108297\/revisions"}],"predecessor-version":[{"id":108299,"href":"https:\/\/diariolanoticia.com.mx\/index.php?rest_route=\/wp\/v2\/posts\/108297\/revisions\/108299"}],"wp:featuredmedia":[{"embeddable":true,"href":"https:\/\/diariolanoticia.com.mx\/index.php?rest_route=\/wp\/v2\/media\/108294"}],"wp:attachment":[{"href":"https:\/\/diariolanoticia.com.mx\/index.php?rest_route=%2Fwp%2Fv2%2Fmedia&parent=108297"}],"wp:term":[{"taxonomy":"category","embeddable":true,"href":"https:\/\/diariolanoticia.com.mx\/index.php?rest_route=%2Fwp%2Fv2%2Fcategories&post=108297"},{"taxonomy":"post_tag","embeddable":true,"href":"https:\/\/diariolanoticia.com.mx\/index.php?rest_route=%2Fwp%2Fv2%2Ftags&post=108297"}],"curies":[{"name":"wp","href":"https:\/\/api.w.org\/{rel}","templated":true}]}}