{"id":108320,"date":"2023-05-04T21:54:20","date_gmt":"2023-05-05T03:54:20","guid":{"rendered":"https:\/\/diariolanoticia.com.mx\/?p=108320"},"modified":"2023-05-04T21:54:20","modified_gmt":"2023-05-05T03:54:20","slug":"impulsa-gobierno-del-estado-y-federacion-acciones-en-favor-de-las-futuras-generaciones-ss","status":"publish","type":"post","link":"https:\/\/diariolanoticia.com.mx\/?p=108320","title":{"rendered":"Impulsa Gobierno del Estado y Federaci\u00f3n acciones en favor de las futuras generaciones: SS"},"content":{"rendered":"\n<figure class=\"wp-block-gallery has-nested-images columns-default is-cropped wp-block-gallery-1 is-layout-flex wp-block-gallery-is-layout-flex\">\n<figure class=\"wp-block-image\"><img loading=\"lazy\" decoding=\"async\" width=\"1024\" height=\"717\" data-id=\"108318\" src=\"https:\/\/diariolanoticia.com.mx\/wp-content\/uploads\/2023\/05\/img_8827-1024x717.jpg\" alt=\"\" class=\"wp-image-108318\" srcset=\"https:\/\/diariolanoticia.com.mx\/wp-content\/uploads\/2023\/05\/img_8827-1024x717.jpg 1024w, https:\/\/diariolanoticia.com.mx\/wp-content\/uploads\/2023\/05\/img_8827-300x210.jpg 300w, https:\/\/diariolanoticia.com.mx\/wp-content\/uploads\/2023\/05\/img_8827-768x537.jpg 768w, https:\/\/diariolanoticia.com.mx\/wp-content\/uploads\/2023\/05\/img_8827.jpg 1059w\" sizes=\"auto, (max-width: 1024px) 100vw, 1024px\" \/><\/figure>\n\n\n\n<figure class=\"wp-block-image\"><img loading=\"lazy\" decoding=\"async\" width=\"1024\" height=\"682\" data-id=\"108319\" src=\"https:\/\/diariolanoticia.com.mx\/wp-content\/uploads\/2023\/05\/img_8828-1024x682.jpg\" alt=\"\" class=\"wp-image-108319\" srcset=\"https:\/\/diariolanoticia.com.mx\/wp-content\/uploads\/2023\/05\/img_8828-1024x682.jpg 1024w, https:\/\/diariolanoticia.com.mx\/wp-content\/uploads\/2023\/05\/img_8828-300x200.jpg 300w, https:\/\/diariolanoticia.com.mx\/wp-content\/uploads\/2023\/05\/img_8828-768x512.jpg 768w, https:\/\/diariolanoticia.com.mx\/wp-content\/uploads\/2023\/05\/img_8828.jpg 1280w\" sizes=\"auto, (max-width: 1024px) 100vw, 1024px\" \/><\/figure>\n<\/figure>\n\n\n\n<p>-El gobernador y el director general del IMSS, Zo\u00e9 Robledo Aburto, clausuraron la Reuni\u00f3n Regional Centro del Instituto, desarrollada en Atlixco<\/p>\n\n\n\n<p>-El IMSS-Bienestar est\u00e1 llamado a romper la herencia del Seguro Popular, que ten\u00eda enormes carencias y corrupci\u00f3n, sostuvo Zo\u00e9 Robledo<\/p>\n\n\n\n<p>ATLIXCO, Pue.- Las acciones que impulsan los gobiernos federal y estatal tienen como prioridad favorecer a las futuras generaciones, sostuvo el gobernador Sergio Salom\u00f3n al encabezar, junto con el director general del Instituto Mexicano del Seguro Social (IMSS), Zo\u00e9 Robledo Aburto, la clausura de la Reuni\u00f3n Regional Centro del IMSS.<\/p>\n\n\n\n<p>En este acto, el mandatario estatal reconoci\u00f3 la labor del presidente de M\u00e9xico, Andr\u00e9s Manuel L\u00f3pez Obrador y del director general por fortalecer al organismo e impulsar estrategias como el IMSS-Bienestar, para garantizar el acceso a la salud.<\/p>\n\n\n\n<p>Sergio Salom\u00f3n reiter\u00f3 la disposici\u00f3n de su administraci\u00f3n para trabajar de la mano con la federaci\u00f3n en pro del bienestar de las y los poblanos.<\/p>\n\n\n\n<p>Por su parte, el director general del IMSS, Zo\u00e9 Robledo Aburto, afirm\u00f3 que con la aprobaci\u00f3n de la reforma que da rango legal al Sistema Nacional de Salud, IMSS-Bienestar est\u00e1 llamado a ser el \u00fanico prestador de servicios a poblaci\u00f3n no derechohabiente y romper la herencia del Seguro Popular que ten\u00eda enormes carencias y mucha corrupci\u00f3n.<\/p>\n\n\n\n<p>En la clausura de esta Reuni\u00f3n Regional, el titular del Seguro Social afirm\u00f3 que el \u00d3rgano P\u00fablico Descentralizado (OPD) IMSS-Bienestar cuenta con bases legales extraordinarias.<\/p>\n\n\n\n<p>Zo\u00e9 Robledo se\u00f1al\u00f3 que el reto es \u201cpoder crear al otro IMSS, al IMSS para los que no tienen IMSS, estableciendo con claridad la separaci\u00f3n entre lo que atiende la seguridad social, la derechohabiencia, y quienes ser\u00e1n atendidos en el IMSS-Bienestar a partir de la transferencia de las unidades y recursos por los gobiernos de los estados que as\u00ed lo decidan\u201d.<\/p>\n\n\n\n<p>En el Centro Vacacional Atlixco-Metepec, indic\u00f3 que tras la atenci\u00f3n a la pandemia de COVID-19, la recuperaci\u00f3n de servicios en consultas, cirug\u00edas y estudios que fueron diferidos, ahora se trabajar\u00e1 en la consolidaci\u00f3n del IMSS-Bienestar.<\/p>\n\n\n\n<p>\u201cEstoy seguro que el presidente L\u00f3pez Obrador puede plantear una sola instituci\u00f3n proveedora y prestadora de servicios de atenci\u00f3n m\u00e9dica para gente sin seguridad social, porque sabe que atr\u00e1s est\u00e1 el IMSS con toda su historia, experiencia, verticalidad y normatividad, que es lo que se necesita en un momento como el que est\u00e1 viviendo nuestro pa\u00eds\u201d, resalt\u00f3.<\/p>\n","protected":false},"excerpt":{"rendered":"<p>-El gobernador y el director general del IMSS, Zo\u00e9 Robledo Aburto, clausuraron la Reuni\u00f3n Regional Centro del Instituto, desarrollada en Atlixco -El IMSS-Bienestar est\u00e1 llamado a romper la herencia del Seguro Popular, que ten\u00eda enormes carencias y corrupci\u00f3n, sostuvo Zo\u00e9 Robledo ATLIXCO, Pue.- Las acciones que impulsan los gobiernos federal y estatal tienen como prioridad [&hellip;]<\/p>\n","protected":false},"author":1,"featured_media":108317,"comment_status":"open","ping_status":"open","sticky":false,"template":"","format":"standard","meta":{"footnotes":""},"categories":[20],"tags":[52],"class_list":["post-108320","post","type-post","status-publish","format-standard","has-post-thumbnail","hentry","category-norte-de-puebla","tag-puebla"],"blog_post_layout_featured_media_urls":{"thumbnail":["https:\/\/diariolanoticia.com.mx\/wp-content\/uploads\/2023\/05\/img_8829-216x160.jpg",216,160,true],"full":["https:\/\/diariolanoticia.com.mx\/wp-content\/uploads\/2023\/05\/img_8829.jpg",1280,811,false]},"categories_names":{"20":{"name":"Norte de Puebla","link":"https:\/\/diariolanoticia.com.mx\/?cat=20"}},"tags_names":{"52":{"name":"Puebla","link":"https:\/\/diariolanoticia.com.mx\/?tag=puebla"}},"comments_number":"0","wpmagazine_modules_lite_featured_media_urls":{"thumbnail":["https:\/\/diariolanoticia.com.mx\/wp-content\/uploads\/2023\/05\/img_8829-216x160.jpg",216,160,true],"cvmm-medium":["https:\/\/diariolanoticia.com.mx\/wp-content\/uploads\/2023\/05\/img_8829-300x300.jpg",300,300,true],"cvmm-medium-plus":["https:\/\/diariolanoticia.com.mx\/wp-content\/uploads\/2023\/05\/img_8829-305x207.jpg",305,207,true],"cvmm-portrait":["https:\/\/diariolanoticia.com.mx\/wp-content\/uploads\/2023\/05\/img_8829-400x600.jpg",400,600,true],"cvmm-medium-square":["https:\/\/diariolanoticia.com.mx\/wp-content\/uploads\/2023\/05\/img_8829-600x600.jpg",600,600,true],"cvmm-large":["https:\/\/diariolanoticia.com.mx\/wp-content\/uploads\/2023\/05\/img_8829-1024x811.jpg",1024,811,true],"cvmm-small":["https:\/\/diariolanoticia.com.mx\/wp-content\/uploads\/2023\/05\/img_8829-130x95.jpg",130,95,true],"full":["https:\/\/diariolanoticia.com.mx\/wp-content\/uploads\/2023\/05\/img_8829.jpg",1280,811,false]},"_links":{"self":[{"href":"https:\/\/diariolanoticia.com.mx\/index.php?rest_route=\/wp\/v2\/posts\/108320","targetHints":{"allow":["GET"]}}],"collection":[{"href":"https:\/\/diariolanoticia.com.mx\/index.php?rest_route=\/wp\/v2\/posts"}],"about":[{"href":"https:\/\/diariolanoticia.com.mx\/index.php?rest_route=\/wp\/v2\/types\/post"}],"author":[{"embeddable":true,"href":"https:\/\/diariolanoticia.com.mx\/index.php?rest_route=\/wp\/v2\/users\/1"}],"replies":[{"embeddable":true,"href":"https:\/\/diariolanoticia.com.mx\/index.php?rest_route=%2Fwp%2Fv2%2Fcomments&post=108320"}],"version-history":[{"count":1,"href":"https:\/\/diariolanoticia.com.mx\/index.php?rest_route=\/wp\/v2\/posts\/108320\/revisions"}],"predecessor-version":[{"id":108321,"href":"https:\/\/diariolanoticia.com.mx\/index.php?rest_route=\/wp\/v2\/posts\/108320\/revisions\/108321"}],"wp:featuredmedia":[{"embeddable":true,"href":"https:\/\/diariolanoticia.com.mx\/index.php?rest_route=\/wp\/v2\/media\/108317"}],"wp:attachment":[{"href":"https:\/\/diariolanoticia.com.mx\/index.php?rest_route=%2Fwp%2Fv2%2Fmedia&parent=108320"}],"wp:term":[{"taxonomy":"category","embeddable":true,"href":"https:\/\/diariolanoticia.com.mx\/index.php?rest_route=%2Fwp%2Fv2%2Fcategories&post=108320"},{"taxonomy":"post_tag","embeddable":true,"href":"https:\/\/diariolanoticia.com.mx\/index.php?rest_route=%2Fwp%2Fv2%2Ftags&post=108320"}],"curies":[{"name":"wp","href":"https:\/\/api.w.org\/{rel}","templated":true}]}}