{"id":108555,"date":"2023-05-12T16:27:59","date_gmt":"2023-05-12T22:27:59","guid":{"rendered":"https:\/\/diariolanoticia.com.mx\/?p=108555"},"modified":"2023-05-12T16:28:00","modified_gmt":"2023-05-12T22:28:00","slug":"velar-por-bienestar-de-las-poblanas-objetivo-del-gobierno-de-sergio-salomon","status":"publish","type":"post","link":"https:\/\/diariolanoticia.com.mx\/?p=108555","title":{"rendered":"Velar por bienestar de las poblanas, objetivo del gobierno de Sergio Salom\u00f3n"},"content":{"rendered":"\n<figure class=\"wp-block-gallery has-nested-images columns-default is-cropped wp-block-gallery-1 is-layout-flex wp-block-gallery-is-layout-flex\">\n<figure class=\"wp-block-image\"><img loading=\"lazy\" decoding=\"async\" width=\"1024\" height=\"576\" data-id=\"108553\" src=\"https:\/\/diariolanoticia.com.mx\/wp-content\/uploads\/2023\/05\/54533e3b-69d5-489d-9e61-30c9c23c1d16-1024x576.jpg\" alt=\"\" class=\"wp-image-108553\" srcset=\"https:\/\/diariolanoticia.com.mx\/wp-content\/uploads\/2023\/05\/54533e3b-69d5-489d-9e61-30c9c23c1d16-1024x576.jpg 1024w, https:\/\/diariolanoticia.com.mx\/wp-content\/uploads\/2023\/05\/54533e3b-69d5-489d-9e61-30c9c23c1d16-300x169.jpg 300w, https:\/\/diariolanoticia.com.mx\/wp-content\/uploads\/2023\/05\/54533e3b-69d5-489d-9e61-30c9c23c1d16-768x432.jpg 768w, https:\/\/diariolanoticia.com.mx\/wp-content\/uploads\/2023\/05\/54533e3b-69d5-489d-9e61-30c9c23c1d16.jpg 1280w\" sizes=\"auto, (max-width: 1024px) 100vw, 1024px\" \/><\/figure>\n\n\n\n<figure class=\"wp-block-image\"><img loading=\"lazy\" decoding=\"async\" width=\"1024\" height=\"576\" data-id=\"108554\" src=\"https:\/\/diariolanoticia.com.mx\/wp-content\/uploads\/2023\/05\/154d8a29-cb23-4ad9-8eab-d2ef3f0df254-1024x576.jpg\" alt=\"\" class=\"wp-image-108554\" srcset=\"https:\/\/diariolanoticia.com.mx\/wp-content\/uploads\/2023\/05\/154d8a29-cb23-4ad9-8eab-d2ef3f0df254-1024x576.jpg 1024w, https:\/\/diariolanoticia.com.mx\/wp-content\/uploads\/2023\/05\/154d8a29-cb23-4ad9-8eab-d2ef3f0df254-300x169.jpg 300w, https:\/\/diariolanoticia.com.mx\/wp-content\/uploads\/2023\/05\/154d8a29-cb23-4ad9-8eab-d2ef3f0df254-768x432.jpg 768w, https:\/\/diariolanoticia.com.mx\/wp-content\/uploads\/2023\/05\/154d8a29-cb23-4ad9-8eab-d2ef3f0df254.jpg 1280w\" sizes=\"auto, (max-width: 1024px) 100vw, 1024px\" \/><\/figure>\n<\/figure>\n\n\n\n<p>-Gobernaci\u00f3n, Salud y SEDIF, llevaron a cabo la jornada de \u201cViernes de las Mujeres\u201d en la junta auxiliar de San Sebasti\u00e1n de Aparicio<\/p>\n\n\n\n<p>-Fueron instalados 23 m\u00f3dulos de servicios de Salud<\/p>\n\n\n\n<p>CIUDAD DE PUEBLA, Pue. &#8211; Las ni\u00f1as, adolescentes y mujeres de la entidad, son pieza importante para el gobierno presente de Sergio Salom\u00f3n, por ello, el objetivo de la Secretar\u00eda de Gobernaci\u00f3n, de Salud y SEDIF, es acercar servicios y programas sociales que mejoren la calidad de vida de la comunidad, explic\u00f3 el titular de SEGOB, Julio Huerta G\u00f3mez.<\/p>\n\n\n\n<p>Durante la jornada de \u201cViernes de las Mujeres\u201d celebrada en la junta auxiliar de San Sebasti\u00e1n de Aparicio, el secretario de Gobernaci\u00f3n extern\u00f3 que esta administraci\u00f3n ser\u00e1 siempre aliada de las poblanas, y muestra de ello es la implementaci\u00f3n de este programa dise\u00f1ado por el mandatario estatal, que se extiende tambi\u00e9n a \u00abLunes de las Mujeres\u00bb.<\/p>\n\n\n\n<p><strong>Lleva Salud atenci\u00f3n m\u00e9dica a las juntas auxiliares de la capital<\/strong><\/p>\n\n\n\n<p>Huerta G\u00f3mez detall\u00f3 que enfermeras, m\u00e9dicos y funcionarios escucharon y atendieron las necesidades de la poblaci\u00f3n a trav\u00e9s de consultas m\u00e9dicas, asesor\u00edas jur\u00eddicas, correcciones de actas de nacimiento, prevenci\u00f3n del delito, orientaci\u00f3n a v\u00edctimas, entre otros; apunt\u00f3 que a\u00fan existe mucha necesidad en la capital poblana y en diversas regiones del estado, por lo que, resalt\u00f3, no dejar\u00e1n de desarrollar este proyecto por justicia social, en beneficio de la gente m\u00e1s vulnerable.<\/p>\n\n\n\n<p>En su oportunidad, el secretario de Salud, Jos\u00e9 Antonio Mart\u00ednez Garc\u00eda, en el marco del d\u00eda Internacional de la Enfermera y Enfermeros (12 de mayo), resalt\u00f3 el desempe\u00f1o de su labor, ya que siempre estuvieron al frente de los pacientes durante la pandemia y que hoy siguen con la convicci\u00f3n de ayudar en la enfermedad a las y los poblanos.<\/p>\n\n\n\n<p>Asimismo, se\u00f1al\u00f3 que los servicios de salud, a trav\u00e9s de 23 m\u00f3dulos, se instalaron hasta \u201clas puertas de sus casas\u201d para aminorar los padecimientos que aquejan a la poblaci\u00f3n de esta junta auxiliar.<\/p>\n\n\n\n<p>Agreg\u00f3 que en el quir\u00f3fano Itinerante -\u00fanico a nivel nacional y que se monta en tres horas- se llevar\u00e1n a cabo 10 cirug\u00edas entre Salpingoclasias, hernias, lipomas y hasta operaci\u00f3n de h\u00edgado.<\/p>\n\n\n\n<p><strong>Brinda SEDIF oportunidad de autoempleo a poblanas, a trav\u00e9s del CECADE<\/strong><\/p>\n\n\n\n<p>Durante esta jornada en favor de las mujeres, el SEDIF que encabeza la presidenta honoraria, Gaby Bonilla, acerc\u00f3 servicios a trav\u00e9s del Centro de Capacitaci\u00f3n y Desarrollo (CECADE), para brindar la oportunidad del autoempleo y de preparaci\u00f3n para el trabajo en distintos \u00e1mbitos.<\/p>\n\n\n\n<p>Fueron ofrecidos servicios de pintura en cer\u00e1mica, bisuter\u00eda, muestra gastron\u00f3mica, dise\u00f1o de modas, as\u00ed como de belleza integral en m\u00f3dulos instalados bajo la supervisi\u00f3n de la directora general del organismo, Leonor Vargas Gallegos.<\/p>\n","protected":false},"excerpt":{"rendered":"<p>-Gobernaci\u00f3n, Salud y SEDIF, llevaron a cabo la jornada de \u201cViernes de las Mujeres\u201d en la junta auxiliar de San Sebasti\u00e1n de Aparicio -Fueron instalados 23 m\u00f3dulos de servicios de Salud CIUDAD DE PUEBLA, Pue. &#8211; Las ni\u00f1as, adolescentes y mujeres de la entidad, son pieza importante para el gobierno presente de Sergio Salom\u00f3n, por [&hellip;]<\/p>\n","protected":false},"author":1,"featured_media":108552,"comment_status":"open","ping_status":"open","sticky":false,"template":"","format":"standard","meta":{"footnotes":""},"categories":[20],"tags":[52],"class_list":["post-108555","post","type-post","status-publish","format-standard","has-post-thumbnail","hentry","category-norte-de-puebla","tag-puebla"],"blog_post_layout_featured_media_urls":{"thumbnail":["https:\/\/diariolanoticia.com.mx\/wp-content\/uploads\/2023\/05\/d9f4b04d-2db4-4ed8-96b1-dbd194423a8d-216x160.jpg",216,160,true],"full":["https:\/\/diariolanoticia.com.mx\/wp-content\/uploads\/2023\/05\/d9f4b04d-2db4-4ed8-96b1-dbd194423a8d.jpg",1280,720,false]},"categories_names":{"20":{"name":"Norte de Puebla","link":"https:\/\/diariolanoticia.com.mx\/?cat=20"}},"tags_names":{"52":{"name":"Puebla","link":"https:\/\/diariolanoticia.com.mx\/?tag=puebla"}},"comments_number":"0","wpmagazine_modules_lite_featured_media_urls":{"thumbnail":["https:\/\/diariolanoticia.com.mx\/wp-content\/uploads\/2023\/05\/d9f4b04d-2db4-4ed8-96b1-dbd194423a8d-216x160.jpg",216,160,true],"cvmm-medium":["https:\/\/diariolanoticia.com.mx\/wp-content\/uploads\/2023\/05\/d9f4b04d-2db4-4ed8-96b1-dbd194423a8d-300x300.jpg",300,300,true],"cvmm-medium-plus":["https:\/\/diariolanoticia.com.mx\/wp-content\/uploads\/2023\/05\/d9f4b04d-2db4-4ed8-96b1-dbd194423a8d-305x207.jpg",305,207,true],"cvmm-portrait":["https:\/\/diariolanoticia.com.mx\/wp-content\/uploads\/2023\/05\/d9f4b04d-2db4-4ed8-96b1-dbd194423a8d-400x600.jpg",400,600,true],"cvmm-medium-square":["https:\/\/diariolanoticia.com.mx\/wp-content\/uploads\/2023\/05\/d9f4b04d-2db4-4ed8-96b1-dbd194423a8d-600x600.jpg",600,600,true],"cvmm-large":["https:\/\/diariolanoticia.com.mx\/wp-content\/uploads\/2023\/05\/d9f4b04d-2db4-4ed8-96b1-dbd194423a8d-1024x720.jpg",1024,720,true],"cvmm-small":["https:\/\/diariolanoticia.com.mx\/wp-content\/uploads\/2023\/05\/d9f4b04d-2db4-4ed8-96b1-dbd194423a8d-130x95.jpg",130,95,true],"full":["https:\/\/diariolanoticia.com.mx\/wp-content\/uploads\/2023\/05\/d9f4b04d-2db4-4ed8-96b1-dbd194423a8d.jpg",1280,720,false]},"_links":{"self":[{"href":"https:\/\/diariolanoticia.com.mx\/index.php?rest_route=\/wp\/v2\/posts\/108555","targetHints":{"allow":["GET"]}}],"collection":[{"href":"https:\/\/diariolanoticia.com.mx\/index.php?rest_route=\/wp\/v2\/posts"}],"about":[{"href":"https:\/\/diariolanoticia.com.mx\/index.php?rest_route=\/wp\/v2\/types\/post"}],"author":[{"embeddable":true,"href":"https:\/\/diariolanoticia.com.mx\/index.php?rest_route=\/wp\/v2\/users\/1"}],"replies":[{"embeddable":true,"href":"https:\/\/diariolanoticia.com.mx\/index.php?rest_route=%2Fwp%2Fv2%2Fcomments&post=108555"}],"version-history":[{"count":1,"href":"https:\/\/diariolanoticia.com.mx\/index.php?rest_route=\/wp\/v2\/posts\/108555\/revisions"}],"predecessor-version":[{"id":108556,"href":"https:\/\/diariolanoticia.com.mx\/index.php?rest_route=\/wp\/v2\/posts\/108555\/revisions\/108556"}],"wp:featuredmedia":[{"embeddable":true,"href":"https:\/\/diariolanoticia.com.mx\/index.php?rest_route=\/wp\/v2\/media\/108552"}],"wp:attachment":[{"href":"https:\/\/diariolanoticia.com.mx\/index.php?rest_route=%2Fwp%2Fv2%2Fmedia&parent=108555"}],"wp:term":[{"taxonomy":"category","embeddable":true,"href":"https:\/\/diariolanoticia.com.mx\/index.php?rest_route=%2Fwp%2Fv2%2Fcategories&post=108555"},{"taxonomy":"post_tag","embeddable":true,"href":"https:\/\/diariolanoticia.com.mx\/index.php?rest_route=%2Fwp%2Fv2%2Ftags&post=108555"}],"curies":[{"name":"wp","href":"https:\/\/api.w.org\/{rel}","templated":true}]}}